{"id":121741,"date":"2025-12-20T20:04:08","date_gmt":"2025-12-20T20:04:08","guid":{"rendered":"https:\/\/www.europesays.com\/fi\/121741\/"},"modified":"2025-12-20T20:04:08","modified_gmt":"2025-12-20T20:04:08","slug":"venajan-rauhanneuvottelija-saapui-miamiin-zelenskyin-mukaan-yhdysvallat-ehdotti-venajan-ja-ukrainan-tapaamista-uutissuomalainen","status":"publish","type":"post","link":"https:\/\/www.europesays.com\/fi\/121741\/","title":{"rendered":"Ven\u00e4j\u00e4n rauhanneuvottelija saapui Miamiin \u2013 Zelenskyin mukaan Yhdysvallat ehdotti Ven\u00e4j\u00e4n ja Ukrainan tapaamista | Uutissuomalainen"},"content":{"rendered":"<p>Ven\u00e4j\u00e4n l\u00e4hettil\u00e4s Kirill Dmitrijev on uutistoimisto AFP:n l\u00e4hteiden mukaan saapunut Miamiin, jossa Ven\u00e4j\u00e4n ja Yhdysvaltojen edustajien on t\u00e4n\u00e4\u00e4n m\u00e4\u00e4r\u00e4 neuvotella Ukrainan sodan lopettamisesta.<\/p>\n<p>Dmitrijev kertoi aiemmin olevansa matkalla neuvotteluihin viestipalvelu X:ss\u00e4. H\u00e4n liitti julkaisuunsa rauhankyyhky-emojin. Lis\u00e4ksi Dmitrijev liitti julkaisuun videon, jossa aurinko paistaa pilvien l\u00e4pi rannalla.<\/p>\n<p>\u2013\u2009Kun sodanlietsojat jatkavat ylit\u00f6it\u00e4 horjuttaakseen Yhdysvaltojen rauhansuunnitelmaa Ukrainaan, muistin t\u00e4m\u00e4n videon edelliselt\u00e4 vierailultani \u2013 valo murtautuu ukkospilvien l\u00e4pi, Dmitrijev kirjoitti X-julkaisussaan.<\/p>\n<p>Ven\u00e4j\u00e4 aloitti t\u00e4ysimittaisen hy\u00f6kk\u00e4yksens\u00e4 Ukrainaan helmikuussa 2022.<\/p>\n<p>\t\t\t\tZelenskyi: Yhdysvallat haluaa Ukrainan ja Ven\u00e4j\u00e4n saman p\u00f6yd\u00e4n \u00e4\u00e4relle<\/p>\n<p>Ukrainan presidentin Volodymyr Zelenskyin mukaan Yhdysvallat on ehdottanut, ett\u00e4 Ukrainan ja Ven\u00e4j\u00e4n neuvottelijat tapaavat Miamissa Yhdysvalloissa.<\/p>\n<p>\u2013\u2009He ehdottivat ymm\u00e4rt\u00e4\u00e4kseni t\u00e4llaista formaattia: Ukraina, Yhdysvallat, Ven\u00e4j\u00e4, Zelenskyi sanoi.<\/p>\n<p>H\u00e4n lis\u00e4si, ett\u00e4 my\u00f6s Euroopan edustus voisi mahdollisesti olla neuvotteluissa mukana. Zelenskyin mukaan on loogista, ett\u00e4 ehdotettu yhteistapaaminen j\u00e4rjestet\u00e4\u00e4n. Dmitrijev ei maininnut Ukrainan osallistumista omassa julkaisussaan.<\/p>\n<p>My\u00f6hemmin Zelenskyi sanoi toivovansa Yhdysvalloilta enemm\u00e4n painetta Ven\u00e4j\u00e4n suuntaan. Zelenskyin mukaan Ven\u00e4j\u00e4n presidentti Vladimir Putin ei tunne viel\u00e4 vaadittavaa painetta. Zelenskyin n\u00e4kemys on, ett\u00e4 Yhdysvallat on ainoa maa, joka voi painostaa Ven\u00e4j\u00e4\u00e4 p\u00e4\u00e4tt\u00e4m\u00e4\u00e4n sodan Ukrainassa.<\/p>\n<p>Zelenskyi kommentoi aiemmin my\u00f6s Putinin ehdotusta, ett\u00e4 Ven\u00e4j\u00e4 voisi pit\u00e4\u00e4 taukoa Ukrainaan iskemisest\u00e4, jotta maassa voidaan j\u00e4rjest\u00e4\u00e4 presidentinvaalit.<\/p>\n<p>\u2013\u2009Putin ei ole se, joka p\u00e4\u00e4tt\u00e4\u00e4 milloin ja mill\u00e4 formaatilla Ukrainassa j\u00e4rjestet\u00e4\u00e4n vaalit, Zelenskyi jyr\u00e4hti.<\/p>\n<p>Yhdysvaltain ulkoministeri Marco Rubio sanoi perjantaina, ettei Ukrainaa painosteta rauhansopimukseen. H\u00e4n saattaa osallistua lauantain neuvotteluihin. H\u00e4nen mukaansa rauhansopimusta ei tehd\u00e4, ellei Ukraina siihen suostu.<\/p>\n<p>Ukrainan ja Yhdysvaltojen edustajat tapasivat Miamissa perjantaina. Neuvotteluiden sis\u00e4ll\u00f6st\u00e4 ei ole tullut tarkempaa tietoa julkisuuteen.<\/p>\n<p>\t\t\t\tIskut rintamalla jatkuneet<\/p>\n<p>Tapahtumat sotarintamalla ovat jatkuneet rauhanneuvotteluista huolimatta. Perjantaina Ven\u00e4j\u00e4 iski Ukrainan Odessaan, jossa ainakin kahdeksan ihmist\u00e4 on kuollut iskujen seurauksena. Alueen kuvern\u00f6\u00f6rin mukaan iskujen kohteena oli satamainfrastruktuuri.<\/p>\n<p>L\u00e4hde Ukrainan turvallisuuspalvelusta puolestaan sanoi perjantaina, ett\u00e4 Ukraina oli iskenyt lennokeilla Ven\u00e4j\u00e4n varjolaivaston s\u00e4ili\u00f6alukseen V\u00e4limerell\u00e4. Kyseess\u00e4 on ensimm\u00e4inen kerta, kun Ukraina iski ven\u00e4l\u00e4isalukseen V\u00e4limerell\u00e4.<\/p>\n<p>S\u00e4ili\u00f6alus k\u00e4rsi l\u00e4hteen mukaan iskussa sellaisia vaurioita, ettei se ole en\u00e4\u00e4 k\u00e4ytt\u00f6kelpoinen. Alus oli iskun aikaan tyhj\u00e4, eik\u00e4 iskusta koitunut p\u00e4\u00e4st\u00f6j\u00e4 ymp\u00e4rist\u00f6\u00f6n, l\u00e4hde sanoi.<\/p>\n<p>L\u00e4hteen mukaan alusta k\u00e4ytettiin l\u00e4nsimaiden asettamien pakotteiden kiert\u00e4miseen.<\/p>\n<p>Operaatio toteutettiin noin 2\u2009000 kilometrin p\u00e4\u00e4ss\u00e4 Ukrainan rajasta. L\u00e4hde ei kertonut, miten tai mist\u00e4 lennokit V\u00e4limerelle l\u00e4hetettiin tai mink\u00e4 maiden yli lennokit mahdollisesti lensiv\u00e4t.<\/p>\n","protected":false},"excerpt":{"rendered":"Ven\u00e4j\u00e4n l\u00e4hettil\u00e4s Kirill Dmitrijev on uutistoimisto AFP:n l\u00e4hteiden mukaan saapunut Miamiin, jossa Ven\u00e4j\u00e4n ja Yhdysvaltojen edustajien on t\u00e4n\u00e4\u00e4n&hellip;\n","protected":false},"author":2,"featured_media":121742,"comment_status":"","ping_status":"","sticky":false,"template":"","format":"standard","meta":{"footnotes":""},"categories":[14],"tags":[22,23,2267,26,27,33,31,30,17,683,24,25,121,28,29,15,18,21,637,144,32,19,20,21377,56,16,2257,59,60,61],"class_list":{"0":"post-121741","1":"post","2":"type-post","3":"status-publish","4":"format-standard","5":"has-post-thumbnail","7":"category-ulkomaat","8":"tag-breaking-news","9":"tag-breakingnews","10":"tag-eurooppa","11":"tag-featured-news","12":"tag-featurednews","13":"tag-fi","14":"tag-finland","15":"tag-finnish","16":"tag-headlines","17":"tag-kuolema","18":"tag-latest-news","19":"tag-latestnews","20":"tag-liikenne-ja-kuljetus","21":"tag-main-news","22":"tag-mainnews","23":"tag-news","24":"tag-otsikot","25":"tag-paauutiset","26":"tag-politiikka","27":"tag-presidentti","28":"tag-suomi","29":"tag-top-stories","30":"tag-topstories","31":"tag-ukrainan-kriisi","32":"tag-ulkomaat","33":"tag-uutiset","34":"tag-vladimir-putin","35":"tag-world","36":"tag-world-news","37":"tag-worldnews"},"share_on_mastodon":{"url":"https:\/\/pubeurope.com\/@fi\/115753691655345233","error":""},"_links":{"self":[{"href":"https:\/\/www.europesays.com\/fi\/wp-json\/wp\/v2\/posts\/121741","targetHints":{"allow":["GET"]}}],"collection":[{"href":"https:\/\/www.europesays.com\/fi\/wp-json\/wp\/v2\/posts"}],"about":[{"href":"https:\/\/www.europesays.com\/fi\/wp-json\/wp\/v2\/types\/post"}],"author":[{"embeddable":true,"href":"https:\/\/www.europesays.com\/fi\/wp-json\/wp\/v2\/users\/2"}],"replies":[{"embeddable":true,"href":"https:\/\/www.europesays.com\/fi\/wp-json\/wp\/v2\/comments?post=121741"}],"version-history":[{"count":0,"href":"https:\/\/www.europesays.com\/fi\/wp-json\/wp\/v2\/posts\/121741\/revisions"}],"wp:featuredmedia":[{"embeddable":true,"href":"https:\/\/www.europesays.com\/fi\/wp-json\/wp\/v2\/media\/121742"}],"wp:attachment":[{"href":"https:\/\/www.europesays.com\/fi\/wp-json\/wp\/v2\/media?parent=121741"}],"wp:term":[{"taxonomy":"category","embeddable":true,"href":"https:\/\/www.europesays.com\/fi\/wp-json\/wp\/v2\/categories?post=121741"},{"taxonomy":"post_tag","embeddable":true,"href":"https:\/\/www.europesays.com\/fi\/wp-json\/wp\/v2\/tags?post=121741"}],"curies":[{"name":"wp","href":"https:\/\/api.w.org\/{rel}","templated":true}]}}