{"id":121743,"date":"2025-12-20T20:05:11","date_gmt":"2025-12-20T20:05:11","guid":{"rendered":"https:\/\/www.europesays.com\/fi\/121743\/"},"modified":"2025-12-20T20:05:11","modified_gmt":"2025-12-20T20:05:11","slug":"yksi-ihminen-kuoli-asuntopalossa-sodankylassa-lappi","status":"publish","type":"post","link":"https:\/\/www.europesays.com\/fi\/121743\/","title":{"rendered":"Yksi ihminen kuoli asuntopalossa Sodankyl\u00e4ss\u00e4 | Lappi"},"content":{"rendered":"<p class=\"aw-1gybjub aw-5vja16 kEtdKx kmuxyA yle__article__paragraph\">Poliisi ep\u00e4ilee, ett\u00e4 palossa kuoli huoneistossa yksin asunut i\u00e4k\u00e4s nainen. <\/p>\n<p><img decoding=\"async\" alt=\"Lapin pelastuslaitoksen logo ajoneuvon kyljess\u00e4.\" src=\"https:\/\/www.europesays.com\/fi\/wp-content\/uploads\/2025\/12\/39-1455882680b56c80ddd2.jpeg\" class=\"aw-1l9m598 hKVVvP\"\/><\/p>\n<p>Avaa kuvien katselu<\/p>\n<p>Lapin pelastuslaitos sai h\u00e4lytyksen Sodankyl\u00e4n keskustan liepeill\u00e4 sijaitsevaan rivitaloon kolmen aikaan lauantai-iltap\u00e4iv\u00e4n\u00e4. Kuva: Pirkko Kukko-Liedes<\/p>\n<p>16:02\u2022P\u00e4ivitetty 21:14<\/p>\n<p class=\"aw-1gybjub aw-1p7kakr kEtdKx cEmitX yle__article__paragraph\">Yksi ihminen kuoli lauantaina rivitalon asuntopalossa Sodankyl\u00e4ss\u00e4, <a class=\"aw-iao6s4 iHOxEa yle__article__link\" href=\"https:\/\/poliisi.fi\/-\/sodankylan-rakennuspalossa-yksi-vainaja\" role=\"link\" rel=\"nofollow noopener\" target=\"_blank\">tiedottaa Lapin poliisilaitos<\/a>.<\/p>\n<p class=\"aw-1gybjub aw-1p7kakr kEtdKx cEmitX yle__article__paragraph\">Poliisi ep\u00e4ilee, ett\u00e4 palossa kuoli huoneistossa yksin asunut i\u00e4k\u00e4s nainen.<\/p>\n<p class=\"aw-1gybjub aw-1p7kakr kEtdKx cEmitX yle__article__paragraph\">Poliisin mukaan pelastuslaitoksen savusukeltaja l\u00f6ysi naisen asunnosta kuolleena. Palo ei aiheuttanut muita henkil\u00f6vahinkoja.<\/p>\n<p class=\"aw-1gybjub aw-1p7kakr kEtdKx cEmitX yle__article__paragraph\">Rivitaloasunnossa syttyi tulipalo Sodankyl\u00e4n keskustan liepeill\u00e4 lauantaina iltap\u00e4iv\u00e4ll\u00e4. Palo rajautui yhteen huoneeseen, ja oli sammunut jo ennen pelastuslaitoksen saapumista.<\/p>\n<p class=\"aw-1gybjub aw-1p7kakr kEtdKx cEmitX yle__article__paragraph\">Lapin pelastuslaitos kertoi saaneensa palon nopeasti sammutetuksi. Paikalle h\u00e4lytettiin nelj\u00e4 pelastuslaitoksen yksikk\u00f6\u00e4, poliisi ja ensihoito.<\/p>\n<p class=\"aw-1gybjub aw-1p7kakr kEtdKx cEmitX yle__article__paragraph\">Tulipalon syttymissyyst\u00e4 ei ole viel\u00e4 tietoa. Poliisi jatkaa palonsyyn- ja kuolemansyyn tutkintaa.<\/p>\n<p class=\"aw-1gybjub aw-1p7kakr kEtdKx cEmitX yle__article__paragraph\">Juttua muokattu 20.12.2025 kello 21.13: Lis\u00e4tty tietoa poliisin tiedotteesta.<\/p>\n","protected":false},"excerpt":{"rendered":"Poliisi ep\u00e4ilee, ett\u00e4 palossa kuoli huoneistossa yksin asunut i\u00e4k\u00e4s nainen. Avaa kuvien katselu Lapin pelastuslaitos sai h\u00e4lytyksen Sodankyl\u00e4n&hellip;\n","protected":false},"author":2,"featured_media":121744,"comment_status":"","ping_status":"","sticky":false,"template":"","format":"standard","meta":{"footnotes":""},"categories":[12],"tags":[21839,22,23,26,27,33,31,30,17,71,667,24,25,28,29,15,837,18,21,127,2263,857,9616,5822,32,19,20,1265,16],"class_list":{"0":"post-121743","1":"post","2":"type-post","3":"status-publish","4":"format-standard","5":"has-post-thumbnail","7":"category-suomi","8":"tag-asuntopalot","9":"tag-breaking-news","10":"tag-breakingnews","11":"tag-featured-news","12":"tag-featurednews","13":"tag-fi","14":"tag-finland","15":"tag-finnish","16":"tag-headlines","17":"tag-kotimaa","18":"tag-lappi","19":"tag-latest-news","20":"tag-latestnews","21":"tag-main-news","22":"tag-mainnews","23":"tag-news","24":"tag-onnettomuudet","25":"tag-otsikot","26":"tag-paauutiset","27":"tag-pelastuslaitokset","28":"tag-pelastustoimi","29":"tag-pelastustoiminta","30":"tag-rakennuspalo","31":"tag-sodankyla","32":"tag-suomi","33":"tag-top-stories","34":"tag-topstories","35":"tag-tulipalot","36":"tag-uutiset"},"share_on_mastodon":{"url":"https:\/\/pubeurope.com\/@fi\/115753695751514000","error":""},"_links":{"self":[{"href":"https:\/\/www.europesays.com\/fi\/wp-json\/wp\/v2\/posts\/121743","targetHints":{"allow":["GET"]}}],"collection":[{"href":"https:\/\/www.europesays.com\/fi\/wp-json\/wp\/v2\/posts"}],"about":[{"href":"https:\/\/www.europesays.com\/fi\/wp-json\/wp\/v2\/types\/post"}],"author":[{"embeddable":true,"href":"https:\/\/www.europesays.com\/fi\/wp-json\/wp\/v2\/users\/2"}],"replies":[{"embeddable":true,"href":"https:\/\/www.europesays.com\/fi\/wp-json\/wp\/v2\/comments?post=121743"}],"version-history":[{"count":0,"href":"https:\/\/www.europesays.com\/fi\/wp-json\/wp\/v2\/posts\/121743\/revisions"}],"wp:featuredmedia":[{"embeddable":true,"href":"https:\/\/www.europesays.com\/fi\/wp-json\/wp\/v2\/media\/121744"}],"wp:attachment":[{"href":"https:\/\/www.europesays.com\/fi\/wp-json\/wp\/v2\/media?parent=121743"}],"wp:term":[{"taxonomy":"category","embeddable":true,"href":"https:\/\/www.europesays.com\/fi\/wp-json\/wp\/v2\/categories?post=121743"},{"taxonomy":"post_tag","embeddable":true,"href":"https:\/\/www.europesays.com\/fi\/wp-json\/wp\/v2\/tags?post=121743"}],"curies":[{"name":"wp","href":"https:\/\/api.w.org\/{rel}","templated":true}]}}