{"id":121745,"date":"2025-12-20T20:06:09","date_gmt":"2025-12-20T20:06:09","guid":{"rendered":"https:\/\/www.europesays.com\/fi\/121745\/"},"modified":"2025-12-20T20:06:09","modified_gmt":"2025-12-20T20:06:09","slug":"murskattu-leuka-ja-titaanilevyt-nyrkkeilija-jake-paulin-uusi-todellisuus-urheilua-lyhyesti","status":"publish","type":"post","link":"https:\/\/www.europesays.com\/fi\/121745\/","title":{"rendered":"Murskattu leuka ja titaanilevyt \u2013 nyrkkeilij\u00e4 Jake Paulin uusi todellisuus | Urheilua lyhyesti"},"content":{"rendered":"<p class=\"aw-1gybjub aw-5vja16 kEtdKx kmuxyA yle__article__paragraph\">Jake Paulille asennettiin kaksi titaanilevy\u00e4 ja poistettiin hampaita, kun Anthony Joshua mursi yhdysvaltalaisen leukaluun kahdesta kohdasta.<\/p>\n<p><img decoding=\"async\" alt=\"Jake Paul ottaa vastaan Anthony Joshuan ratkaisevan iskun, joka p\u00e4\u00e4tti ottelun lauantaiaamuna 20.12. 2025. Miamissa.\" src=\"https:\/\/www.europesays.com\/fi\/wp-content\/uploads\/2025\/12\/39-15731066946f7d5b38a6.jpeg\" class=\"aw-1l9m598 hKVVvP\"\/><\/p>\n<p>Avaa kuvien katselu<\/p>\n<p>Jake Paul ottaa vastaan Anthony Joshuan ratkaisevan iskun, joka p\u00e4\u00e4tti ottelun lauantaiaamuna 20.12. 2025. Kuva: Dax Tamargo\/Shutterstock\/All Over Press<\/p>\n<p class=\"aw-1gybjub aw-1p7kakr kEtdKx cEmitX yle__article__paragraph\"><strong class=\"aw-ak79eh KyCXm yle__article__strong\">Anthony Joshua<\/strong> tyrm\u00e4si 28-vuotiaan yhdysvaltalaisen kuudennessa er\u00e4ss\u00e4 Miamissa, kun <strong class=\"aw-ak79eh KyCXm yle__article__strong\">Jake Paul<\/strong> kaatui kanveesiin eik\u00e4 selvinnyt en\u00e4\u00e4 laskennasta.<\/p>\n<p class=\"aw-1gybjub aw-1p7kakr kEtdKx cEmitX yle__article__paragraph\">YouTube-t\u00e4hdest\u00e4 nyrkkeilij\u00e4ksi siirtynyt Paul arveli jo ottelun j\u00e4lkeisiss\u00e4 kommenteissaan leukaluunsa olevan \u201dehdottomasti\u201d murtunut.<\/p>\n<p class=\"aw-1gybjub aw-1p7kakr kEtdKx cEmitX yle__article__paragraph\">\u2013 Leikkaus meni hyvin, kiitos kaikesta rakkaudesta ja tuesta, kirjoitti kovia kokenut nyrkkeilij\u00e4 Instagramissa.<\/p>\n<p class=\"aw-1gybjub aw-1p7kakr kEtdKx cEmitX yle__article__paragraph\">Paul julkaisi r\u00f6ntgenkuvansa sosiaalisessa mediassa, joka n\u00e4ytti kaksoiskatkeaman h\u00e4nen leukalinjassaan.<\/p>\n<p class=\"aw-1gybjub aw-1p7kakr kEtdKx cEmitX yle__article__paragraph\">Jake Paulin on sy\u00f6t\u00e4v\u00e4 vain nestem\u00e4ist\u00e4 ruokaa seitsem\u00e4n p\u00e4iv\u00e4n ajan. Toipuminen kest\u00e4\u00e4 promoottorin mukaan 4\u20136 viikkoa.<\/p>\n<p class=\"aw-1gybjub aw-1p7kakr kEtdKx cEmitX yle__article__paragraph\">H\u00e4n aikoo pit\u00e4\u00e4 tauon nyrkkeilyst\u00e4 ja palata my\u00f6hemmin raskassarjan alapuoliseen sarjaan (cruiserweight) tavoitteenaan maailmanmestaruus.<\/p>\n<p class=\"aw-1gybjub aw-1p7kakr kEtdKx cEmitX yle__article__paragraph\">Huolimatta siit\u00e4, ett\u00e4 Jake Paul j\u00e4i pois ottelun j\u00e4lkeisest\u00e4 lehdist\u00f6tilaisuudesta vammojensa vuoksi, Paul vitsaili voivansa kohdata \u201d10 p\u00e4iv\u00e4ss\u00e4\u201d <strong class=\"aw-ak79eh KyCXm yle__article__strong\">Sa\u00fal \u201dCanelo\u201d \u00c1lvarezin<\/strong>.<\/p>\n<p class=\"aw-1gybjub aw-1p7kakr kEtdKx cEmitX yle__article__paragraph\">35-vuotias meksikolainen on voittanut maailmanmestaruuden nelj\u00e4ss\u00e4 eri painoluokassa.<\/p>\n<p><img decoding=\"async\" alt=\"Anthony Joshua ja Jake Paul nyrkkeilykeh\u00e4ss\u00e4.\" src=\"https:\/\/www.europesays.com\/fi\/wp-content\/uploads\/2025\/12\/39-157297569462ec13f6c6.jpeg\" class=\"aw-1l9m598 hKVVvP\"\/><\/p>\n","protected":false},"excerpt":{"rendered":"Jake Paulille asennettiin kaksi titaanilevy\u00e4 ja poistettiin hampaita, kun Anthony Joshua mursi yhdysvaltalaisen leukaluun kahdesta kohdasta. Avaa kuvien&hellip;\n","protected":false},"author":2,"featured_media":121746,"comment_status":"","ping_status":"","sticky":false,"template":"","format":"standard","meta":{"footnotes":""},"categories":[5],"tags":[18352,22,23,26,27,33,31,30,17,8355,24,25,28,29,15,3270,18353,18,21,32,19,20,16],"class_list":{"0":"post-121745","1":"post","2":"type-post","3":"status-publish","4":"format-standard","5":"has-post-thumbnail","7":"category-otsikot","8":"tag-anthony-joshua","9":"tag-breaking-news","10":"tag-breakingnews","11":"tag-featured-news","12":"tag-featurednews","13":"tag-fi","14":"tag-finland","15":"tag-finnish","16":"tag-headlines","17":"tag-jake-paul","18":"tag-latest-news","19":"tag-latestnews","20":"tag-main-news","21":"tag-mainnews","22":"tag-news","23":"tag-nyrkkeily","24":"tag-nyrkkeilytapahtuma","25":"tag-otsikot","26":"tag-paauutiset","27":"tag-suomi","28":"tag-top-stories","29":"tag-topstories","30":"tag-uutiset"},"share_on_mastodon":{"url":"https:\/\/pubeurope.com\/@fi\/115753699790226326","error":""},"_links":{"self":[{"href":"https:\/\/www.europesays.com\/fi\/wp-json\/wp\/v2\/posts\/121745","targetHints":{"allow":["GET"]}}],"collection":[{"href":"https:\/\/www.europesays.com\/fi\/wp-json\/wp\/v2\/posts"}],"about":[{"href":"https:\/\/www.europesays.com\/fi\/wp-json\/wp\/v2\/types\/post"}],"author":[{"embeddable":true,"href":"https:\/\/www.europesays.com\/fi\/wp-json\/wp\/v2\/users\/2"}],"replies":[{"embeddable":true,"href":"https:\/\/www.europesays.com\/fi\/wp-json\/wp\/v2\/comments?post=121745"}],"version-history":[{"count":0,"href":"https:\/\/www.europesays.com\/fi\/wp-json\/wp\/v2\/posts\/121745\/revisions"}],"wp:featuredmedia":[{"embeddable":true,"href":"https:\/\/www.europesays.com\/fi\/wp-json\/wp\/v2\/media\/121746"}],"wp:attachment":[{"href":"https:\/\/www.europesays.com\/fi\/wp-json\/wp\/v2\/media?parent=121745"}],"wp:term":[{"taxonomy":"category","embeddable":true,"href":"https:\/\/www.europesays.com\/fi\/wp-json\/wp\/v2\/categories?post=121745"},{"taxonomy":"post_tag","embeddable":true,"href":"https:\/\/www.europesays.com\/fi\/wp-json\/wp\/v2\/tags?post=121745"}],"curies":[{"name":"wp","href":"https:\/\/api.w.org\/{rel}","templated":true}]}}