{"id":121747,"date":"2025-12-20T20:18:09","date_gmt":"2025-12-20T20:18:09","guid":{"rendered":"https:\/\/www.europesays.com\/fi\/121747\/"},"modified":"2025-12-20T20:18:09","modified_gmt":"2025-12-20T20:18:09","slug":"donald-trump-kehui-melanian-alusvaatelaatikkoa","status":"publish","type":"post","link":"https:\/\/www.europesays.com\/fi\/121747\/","title":{"rendered":"Donald Trump kehui Melanian alusvaatelaatikkoa"},"content":{"rendered":"<p>Trump elehti kuin silitt\u00e4isi pikkuhousuja.<\/p>\n<p class=\"article-body mb-nof-24 px-nof-16\">Yhdysvaltain presidentti <a class=\"article-personlink\" href=\"https:\/\/www.is.fi\/haku\/?query=Donald%20Trump\" rel=\"nofollow noopener\" target=\"_blank\">Donald Trump<\/a> on j\u00e4lleen kerran pit\u00e4nyt puheen, joka on noussut otsikoihin.<\/p>\n<p class=\"article-body mb-nof-24 px-nof-16\">Trump poikkesi hetkeksi aiheesta perjantai-illan talouspuheessaan. H\u00e4n alkoi sivujuonteena arvostella FBI:n vuonna 2022 tekem\u00e4\u00e4 ratsiaa Mar-a-Lagon kartanoon, kertoo muun muassa <a class=\"article-genericlink\" href=\"https:\/\/www.independent.co.uk\/news\/world\/americas\/us-politics\/trump-melania-underwear-drawer-raid-b2888297.html\" rel=\"nofollow noopener\" target=\"_blank\">The Independent<\/a>.<\/p>\n<p class=\"article-body mb-nof-24 px-nof-16\">Trump v\u00e4itti, ett\u00e4 agentit tonkivat l\u00e4pi my\u00f6s h\u00e4nen vaimonsa <a class=\"article-personlink\" href=\"https:\/\/www.is.fi\/haku\/?query=Melania%20Trumpin\" rel=\"nofollow noopener\" target=\"_blank\">Melania Trumpin<\/a> alushousulaatikon.<\/p>\n<p class=\"article-body mb-nof-24 px-nof-16\">FBI:n tekem\u00e4 ratsia koski ep\u00e4ilyj\u00e4 siit\u00e4, ett\u00e4 Trump olisi ottanut salaisia asiakirjoja Valkoisesta talosta ja vienyt niit\u00e4 kartanoonsa.<\/p>\n<p><img decoding=\"async\" src=\"https:\/\/www.europesays.com\/fi\/wp-content\/uploads\/2025\/12\/1766261889_590_468.jpg\" alt=\"Donald Trump on vaatinut j\u00e4ttikorvauksia ratsiasta, jossa Mar-a-Lagosta etsittiin salaisia asiakirjoja.\" class=\"_Img_1rerz_1\" style=\"aspect-ratio:1.5\" loading=\"eager\"\/><\/p>\n<p class=\"article-picture-caption\">Donald Trump on vaatinut j\u00e4ttikorvauksia ratsiasta, jossa Mar-a-Lagosta etsittiin salaisia asiakirjoja. Kuva:\u00a0Will Oliver \/ Pool via CNP \/ Spl<\/p>\n<p class=\"article-body mb-nof-24 px-nof-16\">Perjantai-illan puheessaan Trump leimasi reilut kolme vuotta sitten tehdyn ratsian \u201dlaittomaksi ja vastenmieliseksi\u201d.<\/p>\n<p class=\"article-body mb-nof-24 px-nof-16\">\u2013 Minua jahdattiin. N\u00e4m\u00e4 el\u00e4imet yrittiv\u00e4t hy\u00f6k\u00e4t\u00e4 kimppuuni Mar-a-Lagossa. Ne meniv\u00e4t vaimoni vaatekaappiin. Ne katsoivat h\u00e4nen laatikoitaan, Trump selitti.<\/p>\n<p class=\"article-body mb-nof-24 px-nof-16\">\u2013 Melania on hyvin pikkutarkka ihminen. Kaikki on t\u00e4ydellist\u00e4. H\u00e4nen alusvaatteensa, joita kutsutaan my\u00f6s pikkuhousuiksi, ovat t\u00e4ydellisesti viikattuja. Ne ovat niin t\u00e4ydellisi\u00e4, ett\u00e4 sanon: \u201dSe on kaunista\u201d, presidentti intoutui kehumaan.<\/p>\n<p class=\"article-body mb-nof-24 px-nof-16\">\u2013 Luulen, ett\u00e4 h\u00e4n h\u00f6yrytt\u00e4\u00e4 niit\u00e4, h\u00e4n lis\u00e4si ja liikutti k\u00e4si\u00e4\u00e4n aivan kuin silitt\u00e4isi h\u00f6yry\u00e4v\u00e4ll\u00e4 silitysraudalla vaatteita.<\/p>\n<p class=\"article-body mb-nof-24 px-nof-16\">Trumpi v\u00e4itti, ett\u00e4 Melanian avatessa alusvaatelaatikkonsa kaikki oli sekaisin.<\/p>\n<p class=\"article-body mb-nof-24 px-nof-16\">\u2013 Eiv\u00e4t ne [alushousut] olleet en\u00e4\u00e4 sill\u00e4 tavalla. Ne olivat sotkussa.<\/p>\n<p class=\"article-body mb-nof-24 px-nof-16\">Trump on vaatinut maansa oikeusministeri\u00f6lt\u00e4 230 miljoonan dollarin vahingonkorvauksia h\u00e4neen kohdistetuista liittovaltion tutkinnoista.<\/p>\n<p class=\"article-body mb-nof-24 px-nof-16\"><a class=\"article-genericlink\" href=\"https:\/\/www.nytimes.com\/2025\/10\/21\/us\/politics\/trump-justice-department-compensation.html\" rel=\"nofollow noopener\" target=\"_blank\">New York Timesin<\/a> mukaan ensimm\u00e4isess\u00e4, vuoden 2023 lopulla j\u00e4tetyss\u00e4 vaatimuksessa vaaditaan korvauksia muun muassa liittyen FBI:n ja erityissyytt\u00e4j\u00e4n tutkintaan Ven\u00e4j\u00e4n vaalivilpist\u00e4 ja sen mahdollisista yhteyksist\u00e4 vuoden 2016 Trumpin kampanjaan.<\/p>\n<p class=\"article-body mb-nof-24 px-nof-16\">Toisessa kanteessa, joka j\u00e4tettiin kes\u00e4ll\u00e4 2024, syytet\u00e4\u00e4n FBI:ta Trumpin yksityisyyden loukkaamisesta, kun se teki vuonna 2022 etsint\u00f6j\u00e4 Mar-a-Lagossa salaisten asiakirjojen l\u00f6yt\u00e4miseksi.<\/p>\n","protected":false},"excerpt":{"rendered":"Trump elehti kuin silitt\u00e4isi pikkuhousuja. Yhdysvaltain presidentti Donald Trump on j\u00e4lleen kerran pit\u00e4nyt puheen, joka on noussut otsikoihin.&hellip;\n","protected":false},"author":2,"featured_media":121748,"comment_status":"","ping_status":"","sticky":false,"template":"","format":"standard","meta":{"footnotes":""},"categories":[136],"tags":[407,137,33,31,30,34,408,32,109],"class_list":{"0":"post-121747","1":"post","2":"type-post","3":"status-publish","4":"format-standard","5":"has-post-thumbnail","7":"category-julkkikset","8":"tag-celebrities","9":"tag-entertainment","10":"tag-fi","11":"tag-finland","12":"tag-finnish","13":"tag-ilta-sanomat","14":"tag-julkkikset","15":"tag-suomi","16":"tag-viihde"},"share_on_mastodon":{"url":"https:\/\/pubeurope.com\/@fi\/115753746903531851","error":""},"_links":{"self":[{"href":"https:\/\/www.europesays.com\/fi\/wp-json\/wp\/v2\/posts\/121747","targetHints":{"allow":["GET"]}}],"collection":[{"href":"https:\/\/www.europesays.com\/fi\/wp-json\/wp\/v2\/posts"}],"about":[{"href":"https:\/\/www.europesays.com\/fi\/wp-json\/wp\/v2\/types\/post"}],"author":[{"embeddable":true,"href":"https:\/\/www.europesays.com\/fi\/wp-json\/wp\/v2\/users\/2"}],"replies":[{"embeddable":true,"href":"https:\/\/www.europesays.com\/fi\/wp-json\/wp\/v2\/comments?post=121747"}],"version-history":[{"count":0,"href":"https:\/\/www.europesays.com\/fi\/wp-json\/wp\/v2\/posts\/121747\/revisions"}],"wp:featuredmedia":[{"embeddable":true,"href":"https:\/\/www.europesays.com\/fi\/wp-json\/wp\/v2\/media\/121748"}],"wp:attachment":[{"href":"https:\/\/www.europesays.com\/fi\/wp-json\/wp\/v2\/media?parent=121747"}],"wp:term":[{"taxonomy":"category","embeddable":true,"href":"https:\/\/www.europesays.com\/fi\/wp-json\/wp\/v2\/categories?post=121747"},{"taxonomy":"post_tag","embeddable":true,"href":"https:\/\/www.europesays.com\/fi\/wp-json\/wp\/v2\/tags?post=121747"}],"curies":[{"name":"wp","href":"https:\/\/api.w.org\/{rel}","templated":true}]}}