{"id":121753,"date":"2025-12-20T20:29:09","date_gmt":"2025-12-20T20:29:09","guid":{"rendered":"https:\/\/www.europesays.com\/fi\/121753\/"},"modified":"2025-12-20T20:29:09","modified_gmt":"2025-12-20T20:29:09","slug":"hameenkyrossa-myos-kahvisotaa-ilmenee-molemmat-s-marketit-kauppasivat-lauantaina-juhla-mokkaa-395-paketti-ja-toisilla-se-oli-lahempana-kymppia-mutta-entas-sitten-se-mobiilietu-aly","status":"publish","type":"post","link":"https:\/\/www.europesays.com\/fi\/121753\/","title":{"rendered":"H\u00e4meenkyr\u00f6ss\u00e4 my\u00f6s kahvisotaa ilmenee \u2013 molemmat S-marketit kauppasivat lauantaina Juhla Mokkaa 3,95 paketti ja toisilla se oli l\u00e4hemp\u00e4n\u00e4 kymppi\u00e4 \u2013 mutta ent\u00e4s sitten se mobiilietu \u00e4lypuhelimissa\u00a0!"},"content":{"rendered":"<p><strong>TIMIN SANOMAT<\/strong> teki lauantaina 20. joulukuuta 2025 kuluttajatutkimusta H\u00e4meenkyr\u00f6n kahvein hinnoista. Vertailussa oli vain suomalaisten suosikki se Juhla Mokka. H\u00e4meenkyr\u00f6n kaupoissa oli t\u00e4m\u00e4n kahvin hinnoissa eroa. <\/p>\n<p>Molemmat S-marketit kauppasivat Juhla Mokkaa hintaan 3,95 normaalipaketti. Toisissa kaupoissa vastaava paketti maksoi melkein kymmenen euroa. Kysymys lienee siit\u00e4, ett\u00e4 t\u00e4ll\u00e4 halutaan vetonaulana asiakkaan ostoskoriin eksyisi muutakin kuin kaksi kahvipakettia. Tosin rajoituksena oli vain kaksi pakettia ostajalle ilman sit\u00e4 tarvittavaa mobiilia, mutta voi k\u00e4yd\u00e4 kaupassa useamman kerran vaikka takkia vaihtaen tunnistautumatta ja kahvivarasto t\u00e4yttyy kotona. <\/p>\n<p>Molemmissa S-ryhm\u00e4n kaupoissa useimmilla asiakkailla oli k\u00e4rryiss\u00e4 ainakin ne kaksi Juhla Mokkaa. Jouluna ryystet\u00e4\u00e4n ja kuluu paljon kahvia.<\/p>\n<p>***<\/p>\n<p>Toissa viikolla k\u00e4vin Kyr\u00f6skosken K-marketissa ja huomasin Juhla Mokan jotain 4,95 pkt olevan vain plussakortin ja viel\u00e4 lis\u00e4ksi t\u00e4m\u00e4n mobiiliedun ladanneille \u00e4lypuhelimiin. J\u00e4tin ostamatta, kun minulla ei se ollut aktivoituna. Edell\u00e4ni meni kassalle herrasmiehen n\u00e4k\u00f6inen mies ja h\u00e4nell\u00e4 oli kaksi Juhla Mokkaa hihnalla. Kassanhoitaja hoksasi kysy\u00e4, ett\u00e4 n\u00e4m\u00e4 ovat edullisia vain mobiiliedun ladanneille.<\/p>\n<p>Herrasmies nosti jonkun arvokkaan n\u00e4k\u00f6isen visaexpert- luottokortin ilmaan suurieleisesti kuin omistaisi koko kaupan: t\u00e4ll\u00e4 kortilla on kaikki mahdolliset h\u00e4rp\u00e4kkeet. Ei ne kuitenkaan olleet, kahvin osto tyss\u00e4si siihen.<\/p>\n<p>Herrasmies sadatteli kaupan eteisess\u00e4 poistuessamme, ett\u00e4 mit\u00e4h\u00e4n nyt em\u00e4nn\u00e4lle sanoo kun kahvit j\u00e4iv\u00e4t tarjoushintaan ostamatta..<\/p>\n<p> Allekirjoittaneelle \u00e4imistelij\u00e4lle on my\u00f6s pari kertaa k\u00e4ynyt samoin, kun m\u00f6biiliedut olivat latauksessa vain rouvan kortilla..<\/p>\n<p>N\u00e4it\u00e4 mobiilietuja tahtoo olla nyt ainakin Tokmannilla, Lidliss\u00e4 ja n\u00e4iss\u00e4 K-ryhm\u00e4n kaupoissa. Joskus tuntuu, ett\u00e4 n\u00e4ist\u00e4 ei ota selv\u00e4\u00e4 erkkik\u00e4\u00e4n. Muuten sivuhuomautuksena, ett\u00e4 kahvia on nyt kyll\u00e4 riitt\u00e4miin m\u00f6kin komerossa jopa pitk\u00e4\u00e4n ensi vuoden puolelle.<\/p>\n<p><strong>H\u00e4meenkyr\u00f6n kauppojen Juhla Mokan paketin hinnat lauantaina 20. joulukuuta 2025<\/strong><\/p>\n<p>Kirkonkyl\u00e4n S-market 3,95<\/p>\n<p>Tippavaaran S-market 3,95<\/p>\n<p>Tippavaaran K-Supermarket 9,69<\/p>\n<p>Kyr\u00f6skosken K-market 9,65<\/p>\n<p>Tippavaaran Tokmanni 9,35 <\/p>\n<p><img loading=\"lazy\" decoding=\"async\" data-attachment-id=\"186546\" data-permalink=\"https:\/\/timinsanomat.wordpress.com\/wp-1766240859915783486422466625597\/\" data-orig-file=\"https:\/\/timinsanomat.wordpress.com\/wp-content\/uploads\/2025\/12\/wp-1766240859915783486422466625597.jpg\" data-orig-size=\"2040,1530\" data-comments-opened=\"1\" data-image-meta=\"{&quot;aperture&quot;:&quot;1.8&quot;,&quot;credit&quot;:&quot;&quot;,&quot;camera&quot;:&quot;Galaxy A16&quot;,&quot;caption&quot;:&quot;&quot;,&quot;created_timestamp&quot;:&quot;1766232742&quot;,&quot;copyright&quot;:&quot;&quot;,&quot;focal_length&quot;:&quot;3.98&quot;,&quot;iso&quot;:&quot;250&quot;,&quot;shutter_speed&quot;:&quot;0.030001000033334&quot;,&quot;title&quot;:&quot;&quot;,&quot;orientation&quot;:&quot;1&quot;,&quot;latitude&quot;:&quot;0&quot;,&quot;longitude&quot;:&quot;0&quot;}\" data-image-title=\"wp-1766240859915783486422466625597\" data-image-description=\"\" data-image-caption=\"\" data-medium-file=\"https:\/\/timinsanomat.wordpress.com\/wp-content\/uploads\/2025\/12\/wp-1766240859915783486422466625597.jpg?w=300\" data-large-file=\"https:\/\/www.europesays.com\/fi\/wp-content\/uploads\/2025\/12\/wp-1766240859915783486422466625597.jpg\" width=\"616\" height=\"462\" src=\"https:\/\/www.europesays.com\/fi\/wp-content\/uploads\/2025\/12\/wp-1766240859915783486422466625597.jpg\" alt=\"\" class=\"wp-image-186546\"  \/><\/p>\n<p>Kuva: Erkki Kovalainen<\/p>\n<p><img loading=\"lazy\" decoding=\"async\" data-attachment-id=\"186545\" data-permalink=\"https:\/\/timinsanomat.wordpress.com\/wp-17662408331396104631988658518493\/\" data-orig-file=\"https:\/\/timinsanomat.wordpress.com\/wp-content\/uploads\/2025\/12\/wp-17662408331396104631988658518493.jpg\" data-orig-size=\"2040,1530\" data-comments-opened=\"1\" data-image-meta=\"{&quot;aperture&quot;:&quot;1.8&quot;,&quot;credit&quot;:&quot;&quot;,&quot;camera&quot;:&quot;Galaxy A16&quot;,&quot;caption&quot;:&quot;&quot;,&quot;created_timestamp&quot;:&quot;1766242108&quot;,&quot;copyright&quot;:&quot;&quot;,&quot;focal_length&quot;:&quot;3.98&quot;,&quot;iso&quot;:&quot;1250&quot;,&quot;shutter_speed&quot;:&quot;0.060002000066669&quot;,&quot;title&quot;:&quot;&quot;,&quot;orientation&quot;:&quot;1&quot;,&quot;latitude&quot;:&quot;0&quot;,&quot;longitude&quot;:&quot;0&quot;}\" data-image-title=\"wp-17662408331396104631988658518493\" data-image-description=\"\" data-image-caption=\"\" data-medium-file=\"https:\/\/timinsanomat.wordpress.com\/wp-content\/uploads\/2025\/12\/wp-17662408331396104631988658518493.jpg?w=300\" data-large-file=\"https:\/\/www.europesays.com\/fi\/wp-content\/uploads\/2025\/12\/wp-17662408331396104631988658518493.jpg\" width=\"616\" height=\"462\" src=\"https:\/\/www.europesays.com\/fi\/wp-content\/uploads\/2025\/12\/wp-17662408331396104631988658518493.jpg\" alt=\"\" class=\"wp-image-186545\"  \/><\/p>\n<p>Arkistojen aarteita, markkahintaan ja mist\u00e4\u00e4n mobiilista ei ollut tietokaan | Kuva: Erkki Kovalainen<\/p>\n<p><img loading=\"lazy\" decoding=\"async\" data-attachment-id=\"181364\" data-permalink=\"https:\/\/timinsanomat.wordpress.com\/wp-17629591986341833312292200131587\/\" data-orig-file=\"https:\/\/timinsanomat.wordpress.com\/wp-content\/uploads\/2025\/11\/wp-17629591986341833312292200131587.jpg\" data-orig-size=\"1246,260\" data-comments-opened=\"1\" data-image-meta=\"{&quot;aperture&quot;:&quot;0&quot;,&quot;credit&quot;:&quot;&quot;,&quot;camera&quot;:&quot;&quot;,&quot;caption&quot;:&quot;&quot;,&quot;created_timestamp&quot;:&quot;0&quot;,&quot;copyright&quot;:&quot;&quot;,&quot;focal_length&quot;:&quot;0&quot;,&quot;iso&quot;:&quot;0&quot;,&quot;shutter_speed&quot;:&quot;0&quot;,&quot;title&quot;:&quot;&quot;,&quot;orientation&quot;:&quot;1&quot;}\" data-image-title=\"wp-17629591986341833312292200131587\" data-image-description=\"\" data-image-caption=\"\" data-medium-file=\"https:\/\/timinsanomat.wordpress.com\/wp-content\/uploads\/2025\/11\/wp-17629591986341833312292200131587.jpg?w=300\" data-large-file=\"https:\/\/www.europesays.com\/fi\/wp-content\/uploads\/2025\/11\/wp-17629591986341833312292200131587.jpg\" width=\"616\" height=\"128\" src=\"https:\/\/www.europesays.com\/fi\/wp-content\/uploads\/2025\/11\/wp-17629591986341833312292200131587.jpg\" alt=\"\" class=\"wp-image-181364\"  \/><\/p>\n<p>H\u00e4meenkyr\u00f6n ja l\u00e4hikuntien puolueista riippumaton vapaasti luettavissa oleva verkkomedia<\/p>\n<p>Erkki Kovalainen H\u00e4meenkyr\u00f6<\/p>\n","protected":false},"excerpt":{"rendered":"TIMIN SANOMAT teki lauantaina 20. joulukuuta 2025 kuluttajatutkimusta H\u00e4meenkyr\u00f6n kahvein hinnoista. Vertailussa oli vain suomalaisten suosikki se Juhla&hellip;\n","protected":false},"author":2,"featured_media":121754,"comment_status":"","ping_status":"","sticky":false,"template":"","format":"standard","meta":{"footnotes":""},"categories":[76],"tags":[79,77,33,31,30,32,78],"class_list":{"0":"post-121753","1":"post","2":"type-post","3":"status-publish","4":"format-standard","5":"has-post-thumbnail","7":"category-talous","8":"tag-business","9":"tag-economy","10":"tag-fi","11":"tag-finland","12":"tag-finnish","13":"tag-suomi","14":"tag-talous"},"share_on_mastodon":{"url":"https:\/\/pubeurope.com\/@fi\/115753790157680892","error":""},"_links":{"self":[{"href":"https:\/\/www.europesays.com\/fi\/wp-json\/wp\/v2\/posts\/121753","targetHints":{"allow":["GET"]}}],"collection":[{"href":"https:\/\/www.europesays.com\/fi\/wp-json\/wp\/v2\/posts"}],"about":[{"href":"https:\/\/www.europesays.com\/fi\/wp-json\/wp\/v2\/types\/post"}],"author":[{"embeddable":true,"href":"https:\/\/www.europesays.com\/fi\/wp-json\/wp\/v2\/users\/2"}],"replies":[{"embeddable":true,"href":"https:\/\/www.europesays.com\/fi\/wp-json\/wp\/v2\/comments?post=121753"}],"version-history":[{"count":0,"href":"https:\/\/www.europesays.com\/fi\/wp-json\/wp\/v2\/posts\/121753\/revisions"}],"wp:featuredmedia":[{"embeddable":true,"href":"https:\/\/www.europesays.com\/fi\/wp-json\/wp\/v2\/media\/121754"}],"wp:attachment":[{"href":"https:\/\/www.europesays.com\/fi\/wp-json\/wp\/v2\/media?parent=121753"}],"wp:term":[{"taxonomy":"category","embeddable":true,"href":"https:\/\/www.europesays.com\/fi\/wp-json\/wp\/v2\/categories?post=121753"},{"taxonomy":"post_tag","embeddable":true,"href":"https:\/\/www.europesays.com\/fi\/wp-json\/wp\/v2\/tags?post=121753"}],"curies":[{"name":"wp","href":"https:\/\/api.w.org\/{rel}","templated":true}]}}