{"id":121755,"date":"2025-12-20T20:30:09","date_gmt":"2025-12-20T20:30:09","guid":{"rendered":"https:\/\/www.europesays.com\/fi\/121755\/"},"modified":"2025-12-20T20:30:09","modified_gmt":"2025-12-20T20:30:09","slug":"epstein-aineistossa-valokuva-jonka-yhteytta-epsteiniin-ihmetellaan-sosiaalisessa-mediassa-ulkomaat","status":"publish","type":"post","link":"https:\/\/www.europesays.com\/fi\/121755\/","title":{"rendered":"Epstein-aineistossa valokuva, jonka yhteytt\u00e4 Epsteiniin ihmetell\u00e4\u00e4n sosiaalisessa mediassa | Ulkomaat"},"content":{"rendered":"<p class=\"aw-1gybjub aw-5vja16 kEtdKx kmuxyA yle__article__paragraph\">Kuvassa esiintyy Yhdysvaltain entinen demokraattipresidentti Bill Clinton, laulaja Michael Jackson, laulaja Diana Ross sek\u00e4 mustalla peitettyj\u00e4 lapsia.<\/p>\n<p><img decoding=\"async\" alt=\"Kuvassa ovat laulaja Michael Jackson, Yhdysvaltain entinen presidentti Bill Clinton sek\u00e4 laulaja Diana Ross.\" src=\"https:\/\/www.europesays.com\/fi\/wp-content\/uploads\/2025\/12\/1766262609_901_39-15729726945deb33812a.jpeg\" class=\"aw-1l9m598 hKVVvP\"\/><\/p>\n<p>Avaa kuvien katselu<\/p>\n<p>Oikeusministeri\u00f6n julkaisemassa valokuvassa mustalla on peitetty kolme nimelt\u00e4 mainitsematonta lasta ja kuvan paikkaa tai aikaa ei kerrota. Kuva: US Department of Justice\/ AFP <\/p>\n<p>21:03\u2022P\u00e4ivitetty 21:06<\/p>\n<p class=\"aw-1gybjub aw-1p7kakr kEtdKx cEmitX yle__article__paragraph\">Yhdysvaltain oikeusministeri\u00f6n perjantaina julkaisemat tuhannet Epstein-asiakirjat sis\u00e4lt\u00e4v\u00e4t my\u00f6s suuren m\u00e4\u00e4r\u00e4n valokuvia, jotka on ker\u00e4tty Epstein-tutkinnan eri vaiheissa.<\/p>\n<p class=\"aw-1gybjub aw-1p7kakr kEtdKx cEmitX yle__article__paragraph\">Useimmissa kuvissa on peitetty ihmisi\u00e4, erityisesti edesmenneen seksirikollisen Epsteinin uhrien suojelemiseksi.<\/p>\n<p class=\"aw-1gybjub aw-1p7kakr kEtdKx cEmitX yle__article__paragraph\">Kuvissa esiintyy my\u00f6s paljon julkisuudesta tunnettuja ihmisi\u00e4, jotka tunsivat tai tapasivat Epsteinin, mutta joilla ei ollut mit\u00e4\u00e4n tekemist\u00e4 h\u00e4nen rikostensa kanssa.<\/p>\n<p class=\"aw-1gybjub aw-1p7kakr kEtdKx cEmitX yle__article__paragraph\">Yhdess\u00e4 kuvista on n\u00e4kyv\u00e4t laulajalegendat <strong class=\"aw-ak79eh KyCXm yle__article__strong\">Diana Ross<\/strong> ja <strong class=\"aw-ak79eh KyCXm yle__article__strong\">Michael Jackson<\/strong> sek\u00e4 Yhdysvaltain entinen presidentti <strong class=\"aw-ak79eh KyCXm yle__article__strong\">Bill Clinton<\/strong>.<\/p>\n<p class=\"aw-1gybjub aw-1p7kakr kEtdKx cEmitX yle__article__paragraph\">Kuvassa olevien muiden ihmisten kasvot ovat peitetty.<\/p>\n<p class=\"aw-1gybjub aw-1p7kakr kEtdKx cEmitX yle__article__paragraph\">Sosiaalisessa mediassa on kuitenkin levinnyt tieto, ett\u00e4 kyseisess\u00e4 valokuvassa peitetyt henkil\u00f6t ovat itse asiassa Diana Rossin poika ja kaksi Michael Jacksonin lasta.<\/p>\n<p class=\"aw-1gybjub aw-1p7kakr kEtdKx cEmitX yle__article__paragraph\">Brittimedia Byline Median perustajan, Peter Jukesin somepalvelu X:\u00e4\u00e4n tekem\u00e4ss\u00e4 viestiss\u00e4 on kuvassa oikealla Getty Imagen valokuva.<\/p>\n<p class=\"aw-1gybjub aw-1p7kakr kEtdKx cEmitX yle__article__paragraph\">Kyseinen kuva l\u00f6ytyy suuren <a class=\"aw-iao6s4 iHOxEa yle__article__link\" href=\"https:\/\/www.gettyimages.fi\/detail\/uutiskuva\/singer-songwriter-michael-jackson-his-children-children-uutiskuva\/102505979\" role=\"link\" rel=\"nofollow noopener\" target=\"_blank\">Gettys kuvatoimiston kokoelmista<\/a>, johon se on kirjattu otetuksi joulukuussa 2003, Washington DC:ss\u00e4.<\/p>\n<p class=\"aw-1gybjub aw-1p7kakr kEtdKx cEmitX yle__article__paragraph\">Sosiaalisessa mediassa ihmetell\u00e4\u00e4n, miten ihmeess\u00e4 kuva liittyy Epstein-tutkintaan.<\/p>\n<p class=\"aw-1gybjub aw-1p7kakr kEtdKx cEmitX yle__article__paragraph\">Yhdysvaltain oikeusministeri\u00f6n perjantaina julkaisemat tiedostot sis\u00e4lt\u00e4v\u00e4t lukuisia kuvia 1990-luvun demokraattipresidentti Bill Clintonista.<\/p>\n<p class=\"aw-1gybjub aw-1p7kakr kEtdKx cEmitX yle__article__paragraph\">Clintonin <a class=\"aw-iao6s4 iHOxEa yle__article__link\" href=\"https:\/\/x.com\/angelurena\/status\/2002159039183269993?s=20\" role=\"link\" rel=\"nofollow\">edustaja on kommentoinut<\/a>, ett\u00e4 Bill Clintonin kuvat eiv\u00e4t olleet se syy, miksi presidentti <strong class=\"aw-ak79eh KyCXm yle__article__strong\">Donald Trumpin<\/strong> hallinto halusi pitk\u00e4\u00e4n jarruttaa Epstein-tiedostojen julkaisua. Trumpin hallinto pyrkii suojelemaan itse\u00e4\u00e4n.<\/p>\n<p class=\"aw-1gybjub aw-1p7kakr kEtdKx cEmitX yle__article__paragraph\"><strong class=\"aw-ak79eh KyCXm yle__article__strong\">Jeffrey Epstein<\/strong> oli tuomittu seksirikollinen, joka kuoli vankilassa vuonna 2019. H\u00e4nt\u00e4 uhkasivat tuolloin raskaat syytteet alaik\u00e4isten hyv\u00e4ksik\u00e4yt\u00f6st\u00e4. H\u00e4net tunnettiin my\u00f6s hyvin laajasta ja vaikutusvaltaisesta kontaktiverkostaan.<\/p>\n<p class=\"aw-1gybjub aw-1p7kakr kEtdKx cEmitX yle__article__paragraph\">Bill Clinton ja Donald Trump ovat molemmat my\u00f6nt\u00e4neet tunteneensa Epsteinin, mutta kiist\u00e4neet tienneens\u00e4 h\u00e4nen rikoksistaan. Heit\u00e4 ei ole miss\u00e4\u00e4n vaiheessa syytetty mist\u00e4\u00e4n Epstein-tutkintaan liittyen.<\/p>\n","protected":false},"excerpt":{"rendered":"Kuvassa esiintyy Yhdysvaltain entinen demokraattipresidentti Bill Clinton, laulaja Michael Jackson, laulaja Diana Ross sek\u00e4 mustalla peitettyj\u00e4 lapsia. Avaa&hellip;\n","protected":false},"author":2,"featured_media":121756,"comment_status":"","ping_status":"","sticky":false,"template":"","format":"standard","meta":{"footnotes":"","_share_on_mastodon":"0"},"categories":[14],"tags":[2491,22,23,26,27,33,31,30,17,11121,24,25,28,29,15,18,21,32,19,20,56,16,59,60,61,619],"class_list":["post-121755","post","type-post","status-publish","format-standard","has-post-thumbnail","category-ulkomaat","tag-bill-clinton","tag-breaking-news","tag-breakingnews","tag-featured-news","tag-featurednews","tag-fi","tag-finland","tag-finnish","tag-headlines","tag-jeffrey-epstein","tag-latest-news","tag-latestnews","tag-main-news","tag-mainnews","tag-news","tag-otsikot","tag-paauutiset","tag-suomi","tag-top-stories","tag-topstories","tag-ulkomaat","tag-uutiset","tag-world","tag-world-news","tag-worldnews","tag-yhdysvallat"],"share_on_mastodon":{"url":"https:\/\/pubeurope.com\/@fi\/115753793891447201","error":""},"_links":{"self":[{"href":"https:\/\/www.europesays.com\/fi\/wp-json\/wp\/v2\/posts\/121755","targetHints":{"allow":["GET"]}}],"collection":[{"href":"https:\/\/www.europesays.com\/fi\/wp-json\/wp\/v2\/posts"}],"about":[{"href":"https:\/\/www.europesays.com\/fi\/wp-json\/wp\/v2\/types\/post"}],"author":[{"embeddable":true,"href":"https:\/\/www.europesays.com\/fi\/wp-json\/wp\/v2\/users\/2"}],"replies":[{"embeddable":true,"href":"https:\/\/www.europesays.com\/fi\/wp-json\/wp\/v2\/comments?post=121755"}],"version-history":[{"count":0,"href":"https:\/\/www.europesays.com\/fi\/wp-json\/wp\/v2\/posts\/121755\/revisions"}],"wp:featuredmedia":[{"embeddable":true,"href":"https:\/\/www.europesays.com\/fi\/wp-json\/wp\/v2\/media\/121756"}],"wp:attachment":[{"href":"https:\/\/www.europesays.com\/fi\/wp-json\/wp\/v2\/media?parent=121755"}],"wp:term":[{"taxonomy":"category","embeddable":true,"href":"https:\/\/www.europesays.com\/fi\/wp-json\/wp\/v2\/categories?post=121755"},{"taxonomy":"post_tag","embeddable":true,"href":"https:\/\/www.europesays.com\/fi\/wp-json\/wp\/v2\/tags?post=121755"}],"curies":[{"name":"wp","href":"https:\/\/api.w.org\/{rel}","templated":true}]}}