{"id":121757,"date":"2025-12-20T20:31:09","date_gmt":"2025-12-20T20:31:09","guid":{"rendered":"https:\/\/www.europesays.com\/fi\/121757\/"},"modified":"2025-12-20T20:31:09","modified_gmt":"2025-12-20T20:31:09","slug":"mies-tapasi-kauppaan-menossa-olleen-naisen-vei-asuntoonsa-ja-raiskasi","status":"publish","type":"post","link":"https:\/\/www.europesays.com\/fi\/121757\/","title":{"rendered":"Mies tapasi kauppaan menossa olleen naisen \u2013 vei asuntoonsa ja raiskasi"},"content":{"rendered":"<p>K\u00e4r\u00e4j\u00e4oikeus oli hyl\u00e4nnyt syytteet, mutta nyt hovioikeus tuomitsi kolmekymppisen miehen raiskauksesta.<\/p>\n<p class=\"article-body mb-nof-24 px-nof-16\">Ulkomaalaistaustainen mies raiskasi liev\u00e4sti kehitysvammaisen naisen Pirkanmaalla syyskuussa 2023. Rikos tapahtui miehen asunnossa.<\/p>\n<p class=\"article-body mb-nof-24 px-nof-16\">Tekoaikaan 34-vuotias <a class=\"article-personlink\" href=\"https:\/\/www.is.fi\/haku\/?query=Ibrahim%20Bashdar%20Ayoob\" rel=\"nofollow noopener\" target=\"_blank\">Ibrahim Bashdar Ayoob<\/a> oli tavannut kauppaan matkalla olleen naisen kadulla. Mies pyysi naista asuntoonsa. Syyksi mies sanoi, ett\u00e4 h\u00e4n halusi naisen opettamaan h\u00e4nelle suomea.<\/p>\n<p class=\"article-body mb-nof-24 px-nof-16\">Osapuolet olivat entuudestaan toisilleen l\u00e4hes t\u00e4ysin vieraita.<\/p>\n<p class=\"article-body mb-nof-24 px-nof-16\">\u2013 Lopulta [nainen] oli alkanut uskoa, ett\u00e4 mies haluaa oikeasti oppia suomea. Sen vuoksi [nainen] oli suostunut l\u00e4htem\u00e4\u00e4n miehen asunnolle, tapausta k\u00e4sitellyt Turun hovioikeus kirjasi ratkaisuunsa.<\/p>\n<p class=\"article-body mb-nof-24 px-nof-16\">Asunnossa mies ehdotti sukupuoliyhteytt\u00e4, johon nainen ei suostunut. Lopulta mies raiskasi naisen t\u00e4m\u00e4n kielloista huolimatta. <\/p>\n<p class=\"article-body mb-nof-24 px-nof-16\">Nainen poistui paikalta ja soitti h\u00e4t\u00e4keskukseen. Kotiinsa saapuneelle poliisipartiolle nainen kertoi harrastaneensa seksi\u00e4 miehen kanssa.<\/p>\n<p class=\"article-body mb-nof-24 px-nof-16\">Poliisin mukaan nainen vaikutti poissaolevalta. H\u00e4n puhui \u201dujosti ja pelokkaasti\u201d eik\u00e4 osannut kuvata tapahtumia ilman poliisin kysymyksi\u00e4. Pirkanmaan k\u00e4r\u00e4j\u00e4oikeudessa todistanut poliisi kuvasi nainen k\u00e4ytt\u00e4ytyneen \u201dtavanomaisesta raiskauksen uhrista poikenneella tavalla\u201d.<\/p>\n<p class=\"article-body mb-nof-24 px-nof-16\">Uudelleen tutkinnassa kuultaessa nainen kertoi olleensa tapahtumasta aluksi vihainen itselleen.<\/p>\n<p class=\"article-body mb-nof-24 px-nof-16\">Miehen mukaan sukupuoliyhteys tapahtui yhteisymm\u00e4rryksess\u00e4 ja nainen halusi sukupuoliyhteytt\u00e4.<\/p>\n<p class=\"article-body mb-nof-24 px-nof-16\">K\u00e4r\u00e4j\u00e4oikeus katsoi, ettei mies menetellyt vastoin naisen tahtoa ja hylk\u00e4si syytteen.<\/p>\n<p class=\"article-body mb-nof-24 px-nof-16\">Syytt\u00e4j\u00e4 valitti tuomiosta Turun hovioikeuteen, joka kumosi k\u00e4r\u00e4j\u00e4oikeuden ratkaisun.<\/p>\n<p class=\"article-body mb-nof-24 px-nof-16\">L\u00e4\u00e4k\u00e4rinlausunnon mukaan naisella on vaikeuksia tuottaa puhetta ja ilmaista itse\u00e4\u00e4n erityisesti sosiaalisessa vuorovaikutuksessa. Hovioikeus katsoikin, ettei naisen kyvytt\u00f6myys puhua tapahtuneesta tuoreeltaan poliisille heikenn\u00e4 h\u00e4nen kertomuksensa uskottavuutta.<\/p>\n<p class=\"article-body mb-nof-24 px-nof-16\">Ratkaisun mukaan naisen liev\u00e4 kehitysvammaisuus oli miehen havaittavissa.<\/p>\n<p class=\"article-body mb-nof-24 px-nof-16\">Hovioikeus katsoi miehen teon tahalliseksi. H\u00e4net tuomittiin kahden vuoden ehdottomaan vankeuteen.<\/p>\n<p class=\"article-body mb-nof-24 px-nof-16\">Raiskaus aiheutti naiselle ahdistuneisuutta, pelkotiloja, univaikeuksia ja painajaisia. Nainen erist\u00e4ytyi teon j\u00e4lkeen kotiinsa.<\/p>\n<p class=\"article-body mb-nof-24 px-nof-16\">Miehen on maksettava naiselle 3\u202f500 euroa k\u00e4rsimyksest\u00e4 ja 2\u202f000 euroa psyykkisest\u00e4 haitasta.<\/p>\n","protected":false},"excerpt":{"rendered":"K\u00e4r\u00e4j\u00e4oikeus oli hyl\u00e4nnyt syytteet, mutta nyt hovioikeus tuomitsi kolmekymppisen miehen raiskauksesta. Ulkomaalaistaustainen mies raiskasi liev\u00e4sti kehitysvammaisen naisen Pirkanmaalla&hellip;\n","protected":false},"author":2,"featured_media":121758,"comment_status":"","ping_status":"","sticky":false,"template":"","format":"standard","meta":{"footnotes":""},"categories":[12],"tags":[22,23,26,27,33,31,30,17,34,24,25,28,29,15,18,21,32,19,20,16],"class_list":{"0":"post-121757","1":"post","2":"type-post","3":"status-publish","4":"format-standard","5":"has-post-thumbnail","7":"category-suomi","8":"tag-breaking-news","9":"tag-breakingnews","10":"tag-featured-news","11":"tag-featurednews","12":"tag-fi","13":"tag-finland","14":"tag-finnish","15":"tag-headlines","16":"tag-ilta-sanomat","17":"tag-latest-news","18":"tag-latestnews","19":"tag-main-news","20":"tag-mainnews","21":"tag-news","22":"tag-otsikot","23":"tag-paauutiset","24":"tag-suomi","25":"tag-top-stories","26":"tag-topstories","27":"tag-uutiset"},"share_on_mastodon":{"url":"https:\/\/pubeurope.com\/@fi\/115753797934552900","error":""},"_links":{"self":[{"href":"https:\/\/www.europesays.com\/fi\/wp-json\/wp\/v2\/posts\/121757","targetHints":{"allow":["GET"]}}],"collection":[{"href":"https:\/\/www.europesays.com\/fi\/wp-json\/wp\/v2\/posts"}],"about":[{"href":"https:\/\/www.europesays.com\/fi\/wp-json\/wp\/v2\/types\/post"}],"author":[{"embeddable":true,"href":"https:\/\/www.europesays.com\/fi\/wp-json\/wp\/v2\/users\/2"}],"replies":[{"embeddable":true,"href":"https:\/\/www.europesays.com\/fi\/wp-json\/wp\/v2\/comments?post=121757"}],"version-history":[{"count":0,"href":"https:\/\/www.europesays.com\/fi\/wp-json\/wp\/v2\/posts\/121757\/revisions"}],"wp:featuredmedia":[{"embeddable":true,"href":"https:\/\/www.europesays.com\/fi\/wp-json\/wp\/v2\/media\/121758"}],"wp:attachment":[{"href":"https:\/\/www.europesays.com\/fi\/wp-json\/wp\/v2\/media?parent=121757"}],"wp:term":[{"taxonomy":"category","embeddable":true,"href":"https:\/\/www.europesays.com\/fi\/wp-json\/wp\/v2\/categories?post=121757"},{"taxonomy":"post_tag","embeddable":true,"href":"https:\/\/www.europesays.com\/fi\/wp-json\/wp\/v2\/tags?post=121757"}],"curies":[{"name":"wp","href":"https:\/\/api.w.org\/{rel}","templated":true}]}}