{"id":121759,"date":"2025-12-20T20:32:10","date_gmt":"2025-12-20T20:32:10","guid":{"rendered":"https:\/\/www.europesays.com\/fi\/121759\/"},"modified":"2025-12-20T20:32:10","modified_gmt":"2025-12-20T20:32:10","slug":"tallinnan-kauppakeskuksessa-rajahdys-suomalainen-silminnakija-poliisit-evakuoivat-rakennuksen","status":"publish","type":"post","link":"https:\/\/www.europesays.com\/fi\/121759\/","title":{"rendered":"Tallinnan kauppa\u00adkeskuksessa r\u00e4j\u00e4hdys \u2013 Suomalainen silminn\u00e4kij\u00e4: Poliisit evakuoivat rakennuksen"},"content":{"rendered":"<p>Tallinnan \u00dclemiste-kauppakeskuksessa r\u00e4j\u00e4hti. Yksi ihminen loukkaantui.<\/p>\n<p><a href=\"https:\/\/www.iltalehti.fi\/kirjoittajat\/Jesse Kuparinen\" rel=\"nofollow noopener\" target=\"_blank\"><img decoding=\"async\" class=\"author-image-img\" alt=\"Tekij\u00e4n kuva\" src=\"https:\/\/www.europesays.com\/fi\/wp-content\/uploads\/2025\/12\/c7959c78a58b603ad4e739b6ae6b6b03bee9cc969d4b351fa78c6b7a1ee6b292.png\"\/><\/a><a href=\"https:\/\/www.iltalehti.fi\/kirjoittajat\/Riika Tauriainen\" rel=\"nofollow noopener\" target=\"_blank\"><img decoding=\"async\" class=\"author-image-img\" alt=\"Tekij\u00e4n kuva\" src=\"https:\/\/www.europesays.com\/fi\/wp-content\/uploads\/2025\/08\/1ed13297849d59b8b2118306c3ce6a343d721919144478664713a572e800eec4.png\"\/><\/a><\/p>\n<p>T\u00e4n\u00e4\u00e4n klo 19:42 (p\u00e4ivitetty klo 21:34)<\/p>\n<p class=\"paragraph\">\u00dclemiste-kauppakeskuksessa r\u00e4j\u00e4hti t\u00e4n\u00e4\u00e4n lauantaina, kertovat virolaismediat kuten <a href=\"https:\/\/www.delfi.ee\/artikkel\/120425025\/tallinnas-ulemiste-keskuses-toimus-plahvatus\" target=\"_blank\" rel=\"noopener nofollow\">Delfi<\/a>. Kauppakeskus sijaitsee Tallinnassa.<\/p>\n<p class=\"paragraph\">Ainakin yksi ihminen loukkaantui, kertovat pelastusviranomaiset. <a href=\"https:\/\/www.postimees.ee\/8383521\/fotod-video-ulemiste-keskuses-toimus-plahvatus-uks-sai-viga\" target=\"_blank\" rel=\"noopener nofollow\">Postimees<\/a> haastatteli silminn\u00e4kij\u00e4\u00e4, jonka mukaan loukkaantunut henkil\u00f6 on kauppakeskuksen siivooja.<\/p>\n<p class=\"paragraph\">Viron suojelupoliisi kertoo aloittavansa tutkinnan asiasta tapauksen selvitt\u00e4miseksi.<\/p>\n<p class=\"paragraph\">Pelastuslaitos sai kello 18.47 ilmoituksen r\u00e4j\u00e4hdyksest\u00e4 roskakorissa. Kauppakeskus on evakuoitu ihmisist\u00e4. Paikalle saapui poliisi, pelastuslaitosta ja ensihoitoa.<\/p>\n<p class=\"paragraph\"><a href=\"https:\/\/www.err.ee\/1609892071\/tallinna-ulemiste-keskuses-toimus-plahvatus\" target=\"_blank\" rel=\"noopener nofollow\">ERR:lle<\/a> puhuneet kauppakeskuksessa paikalla olleet ihmiset kertovat, ett\u00e4 keskuksessa tapahtui kova r\u00e4j\u00e4hdys.<\/p>\n<p class=\"paragraph\">Kauppakeskus mainostaa itse\u00e4\u00e4n Tallinnan suurimpana ostosparatiisina. Se sijaitsee l\u00e4hell\u00e4 Tallinnan lentokentt\u00e4\u00e4.<\/p>\n<p>K\u00e4sky poistua<\/p>\n<p class=\"paragraph\">Iltalehden lukija kertoo olleensa kauppakeskuksessa perheens\u00e4 kanssa noin kello 19 aikaan. H\u00e4n on Tallinnassa vierailulla.<\/p>\n<p class=\"paragraph\">Lukija kertoo k\u00e4velleens\u00e4 kauppakeskuksen k\u00e4yt\u00e4vill\u00e4 ja alkoi ihmettelem\u00e4\u00e4n, kun yht\u00e4kki\u00e4 alkoi tulla vastaan paljon ihmisi\u00e4.<\/p>\n<p class=\"paragraph\">\u2013 Sitten siskoni juoksi minua p\u00e4in ja sanoi, ett\u00e4 h\u00e4n oli n\u00e4hnyt poliiseja aseiden kanssa. Pian poliisit huusivat viroksi, ett\u00e4 kaikkien tulee poistua rakennuksesta, lukija kertoo.<\/p>\n<p class=\"paragraph\">Pian my\u00f6s kauppakeskus aloitti kuulutukset viroksi ja englanniksi, ett\u00e4 kyseess\u00e4 on h\u00e4t\u00e4tapaus ja asiakkaiden t\u00e4ytyy poistua v\u00e4litt\u00f6m\u00e4sti. Lukijan mukaan ihmiset pysyiv\u00e4t rauhallisina.<\/p>\n<p class=\"paragraph\">\u2013 N\u00e4in ihan muutaman vanhemman lastensa kanssa juoksevan nopeasti ulos, mutta muuten ihmiset olivat rauhallisia, lukija sanoo.<\/p>\n<p class=\"paragraph\">\u2013 Kun ajoimme poisp\u00e4in, vastaan tuli isoja pakettiautoja vilkut p\u00e4\u00e4ll\u00e4.<\/p>\n<p class=\"paragraph\">Juttu p\u00e4ivittyy.<\/p>\n<p><img decoding=\"async\" class=\"image image-show image-preview\" src=\"https:\/\/www.europesays.com\/fi\/wp-content\/uploads\/2025\/12\/e6744744b3478f6153770a216f405ca6161b5300728871e56ef63248012cfbcc.jpg\" alt=\"\"\/><img decoding=\"async\" class=\"image image-show\" src=\"https:\/\/www.europesays.com\/fi\/wp-content\/uploads\/2025\/12\/1766262730_111_e6744744b3478f6153770a216f405ca6161b5300728871e56ef63248012cfbcc.jpg\" alt=\"\"\/><\/p>\n<p>\u00dclemiste-kauppakeskus tyhjennettiin asiakkaista lauantai-iltana kello 19 aikaan. Virolaismedioiden mukaan kauppakeskuksessa oli tapahtunut r\u00e4j\u00e4hdys.  Lukijan kuva<\/p>\n","protected":false},"excerpt":{"rendered":"Tallinnan \u00dclemiste-kauppakeskuksessa r\u00e4j\u00e4hti. Yksi ihminen loukkaantui. T\u00e4n\u00e4\u00e4n klo 19:42 (p\u00e4ivitetty klo 21:34) \u00dclemiste-kauppakeskuksessa r\u00e4j\u00e4hti t\u00e4n\u00e4\u00e4n lauantaina, kertovat virolaismediat&hellip;\n","protected":false},"author":2,"featured_media":121760,"comment_status":"","ping_status":"","sticky":false,"template":"","format":"standard","meta":{"footnotes":""},"categories":[5],"tags":[35,22,23,2110,26,27,33,31,30,17,898,3187,24,25,28,29,15,18,21,103,32,19,20,16,2200],"class_list":{"0":"post-121759","1":"post","2":"type-post","3":"status-publish","4":"format-standard","5":"has-post-thumbnail","7":"category-otsikot","8":"tag-24h","9":"tag-breaking-news","10":"tag-breakingnews","11":"tag-elamantapa-ja-vapaa-aika","12":"tag-featured-news","13":"tag-featurednews","14":"tag-fi","15":"tag-finland","16":"tag-finnish","17":"tag-headlines","18":"tag-kulutustavarat","19":"tag-kulutustavarat-ja-palvelut-sektori","20":"tag-latest-news","21":"tag-latestnews","22":"tag-main-news","23":"tag-mainnews","24":"tag-news","25":"tag-otsikot","26":"tag-paauutiset","27":"tag-sosiaalikysymykset","28":"tag-suomi","29":"tag-top-stories","30":"tag-topstories","31":"tag-uutiset","32":"tag-vahittaiskauppa-pl-moottoriajoneuvot-kotitaloustavaroiden-korjaus"},"share_on_mastodon":{"url":"https:\/\/pubeurope.com\/@fi\/115753801911949188","error":""},"_links":{"self":[{"href":"https:\/\/www.europesays.com\/fi\/wp-json\/wp\/v2\/posts\/121759","targetHints":{"allow":["GET"]}}],"collection":[{"href":"https:\/\/www.europesays.com\/fi\/wp-json\/wp\/v2\/posts"}],"about":[{"href":"https:\/\/www.europesays.com\/fi\/wp-json\/wp\/v2\/types\/post"}],"author":[{"embeddable":true,"href":"https:\/\/www.europesays.com\/fi\/wp-json\/wp\/v2\/users\/2"}],"replies":[{"embeddable":true,"href":"https:\/\/www.europesays.com\/fi\/wp-json\/wp\/v2\/comments?post=121759"}],"version-history":[{"count":0,"href":"https:\/\/www.europesays.com\/fi\/wp-json\/wp\/v2\/posts\/121759\/revisions"}],"wp:featuredmedia":[{"embeddable":true,"href":"https:\/\/www.europesays.com\/fi\/wp-json\/wp\/v2\/media\/121760"}],"wp:attachment":[{"href":"https:\/\/www.europesays.com\/fi\/wp-json\/wp\/v2\/media?parent=121759"}],"wp:term":[{"taxonomy":"category","embeddable":true,"href":"https:\/\/www.europesays.com\/fi\/wp-json\/wp\/v2\/categories?post=121759"},{"taxonomy":"post_tag","embeddable":true,"href":"https:\/\/www.europesays.com\/fi\/wp-json\/wp\/v2\/tags?post=121759"}],"curies":[{"name":"wp","href":"https:\/\/api.w.org\/{rel}","templated":true}]}}