{"id":121761,"date":"2025-12-20T20:44:09","date_gmt":"2025-12-20T20:44:09","guid":{"rendered":"https:\/\/www.europesays.com\/fi\/121761\/"},"modified":"2025-12-20T20:44:09","modified_gmt":"2025-12-20T20:44:09","slug":"johannes-klabon-kaytos-hammastyttaa-norjassa","status":"publish","type":"post","link":"https:\/\/www.europesays.com\/fi\/121761\/","title":{"rendered":"Johannes Kl\u00e4bon k\u00e4yt\u00f6s h\u00e4mm\u00e4stytt\u00e4\u00e4 Norjassa"},"content":{"rendered":"<p>Suurmestari raivostui Davosissa.<\/p>\n<p class=\"article-body mb-nof-24 px-nof-16\">Hiihdon supert\u00e4hti <a class=\"article-personlink\" href=\"https:\/\/www.is.fi\/haku\/?query=Johannes%20Kl%C3%A4bo\" rel=\"nofollow noopener\" target=\"_blank\">Johannes Kl\u00e4bo<\/a> nousi otsikoihin viime viikonloppuna Davosin maailmancupissa. Tavallisesta poiketen syyn\u00e4 ei ollut menestys ladulla, vaan miehen raivonpuuska ep\u00e4onnistuneen sprinttihiihdon j\u00e4lkeen.<\/p>\n<p class=\"article-body mb-nof-24 px-nof-16\">Lue lis\u00e4\u00e4: <a class=\"article-genericlink\" href=\"https:\/\/www.is.fi\/maastohiihto\/art-2000011690608.html\" rel=\"nofollow noopener\" target=\"_blank\">Johannes Kl\u00e4bon mitta t\u00e4ynn\u00e4: t\u00f6yke\u00e4\u00e4 k\u00e4yt\u00f6st\u00e4 kulisseissa<\/a><\/p>\n<p class=\"article-body mb-nof-24 px-nof-16\">Kl\u00e4bo karsiutui Davosissa jo puoliv\u00e4lier\u00e4vaiheessa kompuroituaan er\u00e4hiihdossaan pariin otteeseen. Karsiutumisensa j\u00e4lkeen 29-vuotias t\u00e4hti muun muassa repi numerolappunsa, heitteli sauvojaan ja j\u00e4tti vastaamatta median kysymyksiin.<\/p>\n<p class=\"article-body mb-nof-24 px-nof-16\">Kl\u00e4bon k\u00e4yt\u00f6s on her\u00e4tt\u00e4nyt kummastusta Norjassa koko kuluneen viikon.<\/p>\n<p class=\"article-body mb-nof-24 px-nof-16\">\u2013 Johtop\u00e4\u00e4t\u00f6s on, ett\u00e4 h\u00e4n k\u00e4ytt\u00e4ytyy kuin surkea h\u00e4vi\u00e4j\u00e4. Se on hyv\u00e4ksytt\u00e4v\u00e4\u00e4 silloin t\u00e4ll\u00f6in, mutta h\u00e4n on ollut viime aikoina liian vihainen liian usein, asiantuntija <a class=\"article-personlink\" href=\"https:\/\/www.is.fi\/haku\/?query=Birger%20Lofaldli\" rel=\"nofollow noopener\" target=\"_blank\">Birger Lofaldli<\/a> kommentoi VG:n <a class=\"article-genericlink\" href=\"https:\/\/www.vg.no\/sport\/i\/q6LL3g\/johannes-hoesflot-klaebos-raseri-splitter-jeg-blir-saa-fascinert\" rel=\"nofollow noopener\" target=\"_blank\">mukaan<\/a>.<\/p>\n<p class=\"article-body mb-nof-24 px-nof-16\">Lofaldli viittaa Davosin ohella Rukan maailmancupin tapahtumiin. Kl\u00e4bo j\u00e4i Rukalla 20 kilometrin kisassa 15. sijalle ja oli my\u00f6s tuon kisan j\u00e4lkeen varsin huonotuulinen.<\/p>\n<p class=\"article-body mb-nof-24 px-nof-16\">Naishiihdon entinen supert\u00e4hti <a class=\"article-personlink\" href=\"https:\/\/www.is.fi\/haku\/?query=Therese%20Johaug\" rel=\"nofollow noopener\" target=\"_blank\">Therese Johaug <\/a>otti kantaa Kl\u00e4bon k\u00e4yt\u00f6kseen omassa <a class=\"article-genericlink\" href=\"https:\/\/podcasts.apple.com\/no\/podcast\/gukild-johaug\/id1843034649\" rel=\"nofollow noopener\" target=\"_blank\">podcastissaan<\/a>.<\/p>\n<p class=\"article-body mb-nof-24 px-nof-16\">\u2013 Se oli todella kiehtovaa. Mies, jolla on 101 maailmancupin voittoa. Joo, h\u00e4nen 18 sprinttivoittonsa putki katkesi, mutta silti. Et voita yht\u00e4 kisaa ja olet noin hemmetin vihainen. Inspiroivaa! On t\u00e4ysin hullua, millainen kilpailuvietti h\u00e4nell\u00e4 on, Johaug totesi.<\/p>\n","protected":false},"excerpt":{"rendered":"Suurmestari raivostui Davosissa. Hiihdon supert\u00e4hti Johannes Kl\u00e4bo nousi otsikoihin viime viikonloppuna Davosin maailmancupissa. Tavallisesta poiketen syyn\u00e4 ei ollut&hellip;\n","protected":false},"author":2,"featured_media":121762,"comment_status":"","ping_status":"","sticky":false,"template":"","format":"standard","meta":{"footnotes":""},"categories":[136],"tags":[407,137,33,31,30,34,408,32,109],"class_list":{"0":"post-121761","1":"post","2":"type-post","3":"status-publish","4":"format-standard","5":"has-post-thumbnail","7":"category-julkkikset","8":"tag-celebrities","9":"tag-entertainment","10":"tag-fi","11":"tag-finland","12":"tag-finnish","13":"tag-ilta-sanomat","14":"tag-julkkikset","15":"tag-suomi","16":"tag-viihde"},"share_on_mastodon":{"url":"https:\/\/pubeurope.com\/@fi\/115753848870798316","error":""},"_links":{"self":[{"href":"https:\/\/www.europesays.com\/fi\/wp-json\/wp\/v2\/posts\/121761","targetHints":{"allow":["GET"]}}],"collection":[{"href":"https:\/\/www.europesays.com\/fi\/wp-json\/wp\/v2\/posts"}],"about":[{"href":"https:\/\/www.europesays.com\/fi\/wp-json\/wp\/v2\/types\/post"}],"author":[{"embeddable":true,"href":"https:\/\/www.europesays.com\/fi\/wp-json\/wp\/v2\/users\/2"}],"replies":[{"embeddable":true,"href":"https:\/\/www.europesays.com\/fi\/wp-json\/wp\/v2\/comments?post=121761"}],"version-history":[{"count":0,"href":"https:\/\/www.europesays.com\/fi\/wp-json\/wp\/v2\/posts\/121761\/revisions"}],"wp:featuredmedia":[{"embeddable":true,"href":"https:\/\/www.europesays.com\/fi\/wp-json\/wp\/v2\/media\/121762"}],"wp:attachment":[{"href":"https:\/\/www.europesays.com\/fi\/wp-json\/wp\/v2\/media?parent=121761"}],"wp:term":[{"taxonomy":"category","embeddable":true,"href":"https:\/\/www.europesays.com\/fi\/wp-json\/wp\/v2\/categories?post=121761"},{"taxonomy":"post_tag","embeddable":true,"href":"https:\/\/www.europesays.com\/fi\/wp-json\/wp\/v2\/tags?post=121761"}],"curies":[{"name":"wp","href":"https:\/\/api.w.org\/{rel}","templated":true}]}}