{"id":121777,"date":"2025-12-20T21:13:08","date_gmt":"2025-12-20T21:13:08","guid":{"rendered":"https:\/\/www.europesays.com\/fi\/121777\/"},"modified":"2025-12-20T21:13:08","modified_gmt":"2025-12-20T21:13:08","slug":"amazing-race-moka-kuohuttaa-katsojia","status":"publish","type":"post","link":"https:\/\/www.europesays.com\/fi\/121777\/","title":{"rendered":"Amazing Race -moka kuohuttaa katsojia"},"content":{"rendered":"<p class=\"article-body mb-nof-24 px-nof-16\">Amazing Race Suomi -ohjelman illan jaksossa n\u00e4htiin teht\u00e4v\u00e4, jossa kilpaparien piti kuljettaa isoja j\u00e4\u00e4kuutioita yhdess\u00e4 pitkin kalatoria.<\/p>\n<p class=\"article-body mb-nof-24 px-nof-16\">Er\u00e4s pari sai kuitenkin rangaistuksen, sill\u00e4 he eiv\u00e4t suorittaneet teht\u00e4v\u00e4\u00e4 s\u00e4\u00e4nt\u00f6jen mukaisesti. T\u00e4m\u00e4 on saanut osan katsojista kuohuksiin.<\/p>\n<p class=\"article-body mb-nof-24 px-nof-16\"><a class=\"article-personlink\" href=\"https:\/\/www.is.fi\/haku\/?query=%C3%84l%C3%A4%20lue%20pidemm%C3%A4lle,%20jos%20et%20halua%20tiet%C3%A4%C3%A4%20paljastuksia%20ohjelmasta.\" rel=\"nofollow noopener\" target=\"_blank\">\u00c4l\u00e4 lue pidemm\u00e4lle, jos et halua tiet\u00e4\u00e4 paljastuksia ohjelmasta.<\/a><\/p>\n<p class=\"article-body mb-nof-24 px-nof-16\"><a class=\"article-personlink\" href=\"https:\/\/www.is.fi\/haku\/?query=Millu\" rel=\"nofollow noopener\" target=\"_blank\">Millu<\/a> ja <a class=\"article-personlink\" href=\"https:\/\/www.is.fi\/haku\/?query=Karo\" rel=\"nofollow noopener\" target=\"_blank\">Karo<\/a> saivat maalissa 15 minuutin aikasakon ilmeisesti siksi, ett\u00e4 he eiv\u00e4t kuljettaneet j\u00e4\u00e4paloja kunnolla yhdess\u00e4 kantaen, kuten ohjeissa sanottiin. Toisen j\u00e4\u00e4kuution kohdalla Millu otti kuution k\u00e4siins\u00e4 ja Karo enemm\u00e4nkin ohjeisti ja tuki kilpapariaan.<\/p>\n<p><img decoding=\"async\" src=\"https:\/\/www.europesays.com\/fi\/wp-content\/uploads\/2025\/12\/1766265188_275_468.jpg\" alt=\"Millu ja Karo saivat j\u00e4\u00e4palat ehjin\u00e4 perille ja he olivat tyytyv\u00e4isi\u00e4 teht\u00e4v\u00e4n j\u00e4lkeen.\" class=\"_Img_1rerz_1\" style=\"aspect-ratio:1.5011727912431587\" loading=\"eager\"\/><\/p>\n<p class=\"article-picture-caption\">Millu ja Karo saivat j\u00e4\u00e4palat ehjin\u00e4 perille ja he olivat tyytyv\u00e4isi\u00e4 teht\u00e4v\u00e4n j\u00e4lkeen. Kuva:\u00a0Nelonen<\/p>\n<p class=\"article-body mb-nof-24 px-nof-16\">Monet ohjelman katsojat tulkitsevat niin, ett\u00e4 kaksikko ei rikkonut s\u00e4\u00e4nt\u00f6j\u00e4, sill\u00e4 molemmat kuitenkin osallistuivat j\u00e4\u00e4palan kantamiseen.<\/p>\n<p class=\"article-body mb-nof-24 px-nof-16\">Asiaa puidaan muun muassa ohjelman Jodel-kanavalla. Useiden mielest\u00e4 on v\u00e4\u00e4rin, ett\u00e4 vain Millu ja Karo saivat rangaistuksen, mutta <a class=\"article-personlink\" href=\"https:\/\/www.is.fi\/haku\/?query=Mari\" rel=\"nofollow noopener\" target=\"_blank\">Mari<\/a> ja <a class=\"article-personlink\" href=\"https:\/\/www.is.fi\/haku\/?query=Joel\" rel=\"nofollow noopener\" target=\"_blank\">Joel<\/a> eiv\u00e4t. Katsojien mielest\u00e4 Marikin kantoi j\u00e4\u00e4palaa enemm\u00e4n kuin kisaparinsa.<\/p>\n<p class=\"article-body mb-nof-24 px-nof-16\">\u2013 Miten Millu ja Karo sai rangaistuksen kantamisesta, mutta Joel ja Mari ei? Muille sanottiin heti paikan p\u00e4\u00e4ll\u00e4, ett\u00e4 kannoitte v\u00e4\u00e4rin.<\/p>\n<p class=\"article-body mb-nof-24 px-nof-16\">\u2013 Marikin kantoi j\u00e4\u00e4palaa sel\u00e4ss\u00e4\u00e4n.<\/p>\n<p class=\"article-body mb-nof-24 px-nof-16\">\u2013 Voiko laittaa palautetta johonkin? Ei mit\u00e4\u00e4n j\u00e4rke\u00e4.<\/p>\n<p class=\"article-body mb-nof-24 px-nof-16\">\u2013 Toivottavasti muutkin saivat aikasakkoja, yhdet tiputtivatkin j\u00e4\u00e4palan.<\/p>\n<p><img decoding=\"async\" src=\"https:\/\/www.europesays.com\/fi\/wp-content\/uploads\/2025\/12\/1766265188_655_468.jpg\" alt=\"J\u00e4\u00e4palojen kantaminen oli hankalaa, sill\u00e4 sulava j\u00e4\u00e4 muuttui liukkaaksi.\" class=\"_Img_1rerz_1\" style=\"aspect-ratio:1.5011727912431587\" loading=\"eager\"\/><\/p>\n<p class=\"article-picture-caption\">J\u00e4\u00e4palojen kantaminen oli hankalaa, sill\u00e4 sulava j\u00e4\u00e4 muuttui liukkaaksi. Kuva:\u00a0Nelonen<\/p>\n<p class=\"article-body mb-nof-24 px-nof-16\">T\u00e4n\u00e4\u00e4n n\u00e4hty sarjan kuudes jakso on superetappi, eli kilpailu jatkuu heti matolle saapumisen j\u00e4lkeen.<\/p>\n<p class=\"article-body mb-nof-24 px-nof-16\">Katsoja saa odottaa poikkeuksellisesti jatkoa ensi vuoden puolelle, sill\u00e4 ohjelma j\u00e4\u00e4 kahden viikon mittaiselle joulutauolle. N\u00e4in ei ole koskaan aiemmin ollut.<\/p>\n<p class=\"article-body mb-nof-24 px-nof-16\">Seuraava jakso n\u00e4hd\u00e4\u00e4n Nelosella ja Ruudussa lauantaina 10.1. Ruudun tilaajat n\u00e4kev\u00e4t seitsem\u00e4nnen jakson jo viikkoa aiemmin 3.1.<\/p>\n<p class=\"article-body mb-nof-24 px-nof-16\">Tuolloin luvassa on muun muassa k\u00e4vely\u00e4 tulisilla hiilill\u00e4.<\/p>\n<p class=\"article-body nof-ui-body-medium mb-nof-24 px-nof-16\">Ilta-Sanomat, Nelonen ja Ruutu kuuluvat samaan Sanoma-konserniin.<\/p>\n<p class=\"article-body nof-ui-body-medium mb-nof-24 px-nof-16\">Amazing Race Suomi, kolmas kausi, Nelonen ja Ruutu<\/p>\n","protected":false},"excerpt":{"rendered":"Amazing Race Suomi -ohjelman illan jaksossa n\u00e4htiin teht\u00e4v\u00e4, jossa kilpaparien piti kuljettaa isoja j\u00e4\u00e4kuutioita yhdess\u00e4 pitkin kalatoria. Er\u00e4s&hellip;\n","protected":false},"author":2,"featured_media":121778,"comment_status":"","ping_status":"","sticky":false,"template":"","format":"standard","meta":{"footnotes":""},"categories":[133],"tags":[137,33,31,30,34,32,206,156,109],"class_list":{"0":"post-121777","1":"post","2":"type-post","3":"status-publish","4":"format-standard","5":"has-post-thumbnail","7":"category-televisiot","8":"tag-entertainment","9":"tag-fi","10":"tag-finland","11":"tag-finnish","12":"tag-ilta-sanomat","13":"tag-suomi","14":"tag-televisiot","15":"tag-tv","16":"tag-viihde"},"share_on_mastodon":{"url":"https:\/\/pubeurope.com\/@fi\/115753963202784814","error":""},"_links":{"self":[{"href":"https:\/\/www.europesays.com\/fi\/wp-json\/wp\/v2\/posts\/121777","targetHints":{"allow":["GET"]}}],"collection":[{"href":"https:\/\/www.europesays.com\/fi\/wp-json\/wp\/v2\/posts"}],"about":[{"href":"https:\/\/www.europesays.com\/fi\/wp-json\/wp\/v2\/types\/post"}],"author":[{"embeddable":true,"href":"https:\/\/www.europesays.com\/fi\/wp-json\/wp\/v2\/users\/2"}],"replies":[{"embeddable":true,"href":"https:\/\/www.europesays.com\/fi\/wp-json\/wp\/v2\/comments?post=121777"}],"version-history":[{"count":0,"href":"https:\/\/www.europesays.com\/fi\/wp-json\/wp\/v2\/posts\/121777\/revisions"}],"wp:featuredmedia":[{"embeddable":true,"href":"https:\/\/www.europesays.com\/fi\/wp-json\/wp\/v2\/media\/121778"}],"wp:attachment":[{"href":"https:\/\/www.europesays.com\/fi\/wp-json\/wp\/v2\/media?parent=121777"}],"wp:term":[{"taxonomy":"category","embeddable":true,"href":"https:\/\/www.europesays.com\/fi\/wp-json\/wp\/v2\/categories?post=121777"},{"taxonomy":"post_tag","embeddable":true,"href":"https:\/\/www.europesays.com\/fi\/wp-json\/wp\/v2\/tags?post=121777"}],"curies":[{"name":"wp","href":"https:\/\/api.w.org\/{rel}","templated":true}]}}