{"id":121779,"date":"2025-12-20T21:17:11","date_gmt":"2025-12-20T21:17:11","guid":{"rendered":"https:\/\/www.europesays.com\/fi\/121779\/"},"modified":"2025-12-20T21:17:11","modified_gmt":"2025-12-20T21:17:11","slug":"kuinka-kauan-jaakko-lantan-sikailuja-siedetaan-kalpassa-sen-pitaa-loppua-urheilu","status":"publish","type":"post","link":"https:\/\/www.europesays.com\/fi\/121779\/","title":{"rendered":"Kuinka kauan Jaakko Lantan sikailuja siedet\u00e4\u00e4n KalPassa? &#8211; \u201dSen pit\u00e4\u00e4 loppua\u201d | Urheilu"},"content":{"rendered":"<p class=\"aw-1gybjub aw-1p7kakr kEtdKx cEmitX yle__article__paragraph\">KOUVOLA. Kotimaisessa j\u00e4\u00e4kiekkoyhteis\u00f6ss\u00e4 kukaan ei yll\u00e4ttynyt, kun KalPan <strong class=\"aw-ak79eh KyCXm yle__article__strong\">Jaakko Lantta<\/strong> ajettiin perjantaina suihkuun kesken ottelun. T\u00e4ll\u00e4 kertaa SM-liigan likaisin pelaaja p\u00e4\u00e4tti potkaista vastustajaa, KooKoon <strong class=\"aw-ak79eh KyCXm yle__article__strong\">Jesper Alrothia<\/strong>. T\u00e4m\u00e4 Lantan repertoaarista viel\u00e4 puuttuikin. Vaikka suihkukomennuksia on kolmen vuoden ajalta poskettomat seitsem\u00e4n kappaletta, t\u00e4m\u00e4 oli uutta.<\/p>\n<p class=\"aw-1gybjub aw-1p7kakr kEtdKx cEmitX yle__article__paragraph\">Luistimella potkaisua pidet\u00e4\u00e4n lajiv\u00e4en parissa paitsi \u00e4\u00e4rimm\u00e4isen vaarallisena my\u00f6s todella alhaisena tekona. Liiga asetti lauantaina Lantan toistaiseksi pelikieltoon. Luvassa lienee pitk\u00e4 pelikielto.<\/p>\n<p class=\"aw-1gybjub aw-1p7kakr kEtdKx cEmitX yle__article__paragraph\">J\u00e4\u00e4kiekkokulttuuri ei kuitenkaan olisi j\u00e4\u00e4kiekkokulttuuri, jos mustaa ei yritett\u00e4isi pest\u00e4 valkoiseksi \u2013 tai v\u00e4hint\u00e4\u00e4nkin yht\u00e4 j\u00e4tkist\u00e4 puhua valon puolelle.<\/p>\n<p class=\"aw-1gybjub aw-1p7kakr kEtdKx cEmitX yle__article__paragraph\">Annetaan KalPa-kapteeni <strong class=\"aw-ak79eh KyCXm yle__article__strong\">Jaakko Rissasen<\/strong> aloittaa.<\/p>\n<p class=\"aw-1gybjub aw-1p7kakr kEtdKx cEmitX yle__article__paragraph\">\u2013 Rapatessa roiskuu, se kuuluu t\u00e4h\u00e4n hommaan. En usko, ett\u00e4 h\u00e4n tekee tuota tahallaan. Onhan niist\u00e4 ulosajoista osassa todettu my\u00f6hemmin, ettei pelikieltoon ollut aihetta ja ett\u00e4 mit\u00e4\u00e4n v\u00e4\u00e4r\u00e4\u00e4 ei ollut. Eilen (perjantaina) nyt varmasti oli, mutta mielest\u00e4ni h\u00e4n ei ole tehnyt mit\u00e4\u00e4n anteeksiantamatonta ainakaan viel\u00e4, Rissanen jutteli.<\/p>\n<p><img decoding=\"async\" alt=\"KalPan Jaakko Rissanen 5. finaalissa.\" src=\"https:\/\/www.europesays.com\/fi\/wp-content\/uploads\/2025\/12\/39-145958468154c089104e.jpeg\" loading=\"lazy\" class=\"aw-1l9m598 hKVVvP\"\/><\/p>\n<p>Avaa kuvien katselu<\/p>\n<p>Jaakko Rissanen uskoo Lantan viattomuuteen. Kuva: Tomi H\u00e4nninen \/ Chilipictures<\/p>\n<p class=\"aw-1gybjub aw-1p7kakr kEtdKx cEmitX yle__article__paragraph\">Viimeksi maaliskuussa Lantalle l\u00e4tk\u00e4istiin nelj\u00e4n ottelun pelikielto. Kolmen pelin kakkuun lis\u00e4ttiin jo tuolloin yksi peli pelaajan aiemman kurinpitohistorian vuoksi. T\u00e4t\u00e4 edelt\u00e4v\u00e4 pelikielto l\u00f6ytyy maaliskuulta 2024.<\/p>\n<p class=\"aw-1gybjub aw-1p7kakr kEtdKx cEmitX yle__article__paragraph\">Lantan saldo on seitsem\u00e4n ulosajoa ja kolme pelikieltoa kahden ja puolen kauden aikana. Miten voi samalle pelaajalle jatkuvasti sattua?<\/p>\n<p class=\"aw-1gybjub aw-1p7kakr kEtdKx cEmitX yle__article__paragraph\">\u2013 En tied\u00e4, v\u00e4lill\u00e4 roiskuu, pitk\u00e4nlinjan KalPa-puolustaja <strong class=\"aw-ak79eh KyCXm yle__article__strong\">Lasse Lappalainen<\/strong> levittelee k\u00e4si\u00e4\u00e4n.<\/p>\n<p>\u201dJoskus niit\u00e4 tulee\u201d<\/p>\n<p class=\"aw-1gybjub aw-1p7kakr kEtdKx cEmitX yle__article__paragraph\">Rissasen mukaan potkujakin valitettavasti joskus tulee.<\/p>\n<p class=\"aw-1gybjub aw-1p7kakr kEtdKx cEmitX yle__article__paragraph\">\u2013 Kyll\u00e4h\u00e4n se eilen potkulta n\u00e4ytti, mutta vaikea aina videolta sanoa. Siell\u00e4 on viisaammat katsomassa ja tekem\u00e4ss\u00e4 varmasti oikeita p\u00e4\u00e4t\u00f6ksi\u00e4. N\u00e4it\u00e4 ik\u00e4v\u00e4 kyll\u00e4 joskus tulee. Ehk\u00e4 se on v\u00e4\u00e4rin sanoa, ett\u00e4 ne kuuluvat peliin, mutta joskus niit\u00e4 tulee. En edelleenk\u00e4\u00e4n usko, ett\u00e4 \u201dJaska\u201d n\u00e4it\u00e4 tarkoituksella tekee.<\/p>\n<p class=\"aw-1gybjub aw-1p7kakr kEtdKx cEmitX yle__article__paragraph\">Lappalainen kommentoi enemm\u00e4n kieli keskell\u00e4 suuta.<\/p>\n<p class=\"aw-1gybjub aw-1p7kakr kEtdKx cEmitX yle__article__paragraph\">\u2013 Se oli, mit\u00e4 se oli. Isot herrat tekee p\u00e4\u00e4t\u00f6ksen, montako ottelua pelikieltoa tulee. Mielell\u00e4\u00e4n pidett\u00e4isi mies kokoonpanossa.<\/p>\n<p class=\"aw-1gybjub aw-1p7kakr kEtdKx cEmitX yle__article__paragraph\">Onko tilannetta puitu joukkueen sis\u00e4ll\u00e4?<\/p>\n<p class=\"aw-1gybjub aw-1p7kakr kEtdKx cEmitX yle__article__paragraph\">\u2013 Ei ole. T\u00e4ss\u00e4 tuli per\u00e4kk\u00e4isten p\u00e4ivien pelit aika \u00e4kki\u00e4, Lappalainen vastaa.<\/p>\n<p>Kiusallinen aihe<\/p>\n<p class=\"aw-1gybjub aw-1p7kakr kEtdKx cEmitX yle__article__paragraph\">Pelaajien n\u00e4kemykset lienee kuultu. Siirryt\u00e4\u00e4n p\u00e4\u00e4valmentaja <strong class=\"aw-ak79eh KyCXm yle__article__strong\">Sami Tervoseen<\/strong>. Tervonen ottaa asiaan pelaajia suoremmalla sel\u00e4ll\u00e4 kantaa ja sanoo, ett\u00e4 pelaajan kanssa k\u00e4yd\u00e4\u00e4n tapahtuneen osalta keskustelua.<\/p>\n<p class=\"aw-1gybjub aw-1p7kakr kEtdKx cEmitX yle__article__paragraph\">\u2013 N\u00e4m\u00e4 k\u00e4yd\u00e4\u00e4n l\u00e4pi, mutta ne ovat henkil\u00f6kohtaisia keskusteluita. T\u00e4llaisissa jutuissa pelaajalla ei ole vastuu ainoastaan itsest\u00e4\u00e4n, vaan my\u00f6s siit\u00e4 joka on toisella puolella sek\u00e4 koko joukkueesta. Tuollaisia ei toivo kenellek\u00e4\u00e4n, ei uhrille eik\u00e4 omille, eik\u00e4 varsinkaan nyt, kun tarvitsemme joka j\u00e4tk\u00e4\u00e4 kent\u00e4ll\u00e4, Tervonen aloittaa.<\/p>\n<p><img decoding=\"async\" alt=\"Sami Tervonen tr\u00e4nare i KalPa.\" src=\"https:\/\/www.europesays.com\/fi\/wp-content\/uploads\/2025\/12\/39-14665616827059250924.jpeg\" loading=\"lazy\" class=\"aw-1l9m598 hKVVvP\"\/><\/p>\n<p>Avaa kuvien katselu<\/p>\n<p>\u201dTietenkin sen pit\u00e4\u00e4 siin\u00e4 vaiheessa loppua, kun se alkaa satuttaa joukkuetta\u201d. Kuva: EPA-EFE<\/p>\n<p class=\"aw-1gybjub aw-1p7kakr kEtdKx cEmitX yle__article__paragraph\">Mit\u00e4 mielt\u00e4 olet eilisest\u00e4 potkusta?<\/p>\n<p class=\"aw-1gybjub aw-1p7kakr kEtdKx cEmitX yle__article__paragraph\">Tervonen odottaa hetken ennen kuin aloittaa.<\/p>\n<p class=\"aw-1gybjub aw-1p7kakr kEtdKx cEmitX yle__article__paragraph\">\u2013 Jos pelikieltoa tulee, tiedet\u00e4\u00e4n, ett\u00e4 joku on pystynyt todistamaan, ett\u00e4 asioita on tapahtunut. Ne eiv\u00e4t koskaan ole sellaisia asioita, ett\u00e4 ne joukkuetta auttavat pitk\u00e4ss\u00e4 juoksussa, Tervonen muotoilee.<\/p>\n<p class=\"aw-1gybjub aw-1p7kakr kEtdKx cEmitX yle__article__paragraph\">\u2013 Jaska on meille t\u00e4rke\u00e4 pelaaja, jonka pelityyli on sellainen, ett\u00e4 se varmasti her\u00e4tt\u00e4\u00e4 tunteita. Paljon h\u00e4n liikkuu rajoilla ja se on tuon tyyliselle pelaajalle hienous pysy\u00e4 sen rajan sis\u00e4puolella. N\u00e4m\u00e4 on varmasti niit\u00e4 hetki\u00e4, kun se raja tulee silmille.<\/p>\n<p class=\"aw-1gybjub aw-1p7kakr kEtdKx cEmitX yle__article__paragraph\">On selv\u00e4\u00e4, ett\u00e4 aihe on muuten tyylikk\u00e4\u00e4n\u00e4 seurana tunnetulle KalPalle kiusallinen. Tosiasiat ovat kuitenkin kylmi\u00e4: Lantta on toistuvasti osoittanut totaalista vastustajan kunnioituksen puutetta, ja suoranaista v\u00e4linpit\u00e4m\u00e4tt\u00f6myytt\u00e4 kanssapelaajan turvallisuutta kohtaan.<\/p>\n<p class=\"aw-1gybjub aw-1p7kakr kEtdKx cEmitX yle__article__paragraph\">Eik\u00f6 t\u00e4llaisen toiminnan olisi jo loputtava?<\/p>\n<p class=\"aw-1gybjub aw-1p7kakr kEtdKx cEmitX yle__article__paragraph\">\u2013 Tietenkin sen pit\u00e4\u00e4 siin\u00e4 vaiheessa loppua, kun se alkaa satuttaa joukkuetta. Jos pelist\u00e4 ja viikosta toiseen istutaan isoja j\u00e4\u00e4hyj\u00e4 tai k\u00e4rsit\u00e4\u00e4n pitki\u00e4 pelikieltoja, kaikki tiet\u00e4\u00e4, ett\u00e4 siell\u00e4 on sellaisia asioita tapahtunut, mit\u00e4 ei haluta tapahtuvan, Tervonen muotoilee.<\/p>\n<p class=\"aw-1gybjub aw-1p7kakr kEtdKx cEmitX yle__article__paragraph\"><a class=\"aw-iao6s4 iHOxEa yle__article__link\" href=\"https:\/\/www.aamulehti.fi\/liiga\/art-2000011647853.html\" role=\"link\" rel=\"nofollow noopener\" target=\"_blank\">Aamulehden<\/a> tietojen mukaan Lantta siirtyy tulevaksi kaudeksi Tampereen Ilvekseen.<\/p>\n<p>Mestarilla krapulaa<\/p>\n<p class=\"aw-1gybjub aw-1p7kakr kEtdKx cEmitX yle__article__paragraph\">Lantan sekoilu oli muutenkin kuin kirsikka KalPalle happaman joulukuun koristeeksi. Hallitseva mestari voitti CHL-ottelut mukaan lukien joulukuun yhdeks\u00e4st\u00e4 ottelusta ainoastaan kaksi. Samalla sarjasijoitus on valahtanut yhdeks\u00e4nneksi. Lauantaina Kouvolassa se taipui KooKoolle jatkoajan j\u00e4lkeen lukemin 1-2.<\/p>\n<p><img decoding=\"async\" alt=\"Maalivahti maalissa.\" src=\"https:\/\/www.europesays.com\/fi\/wp-content\/uploads\/2025\/10\/39-153875868ef9a47d843d.jpeg\" loading=\"lazy\" class=\"aw-1l9m598 hKVVvP\"\/><\/p>\n<p>Avaa kuvien katselu<\/p>\n<p>KalPa on kaivanut tihe\u00e4\u00e4n kiekkoa omasta verkostaan. Kuva: Tomi H\u00e4nninen\/Chilipictures<\/p>\n<p class=\"aw-1gybjub aw-1p7kakr kEtdKx cEmitX yle__article__paragraph\">Perjantaina KooKoo kylvetti KalPaa Kuopiossa 6-2. Etenkin oman p\u00e4\u00e4n vuotaminen on KalPan helmasynti kuluvalla kaudella. Viime kauden laadukkaasta puolustuspelaamisesta ei ole ollut monin paikoin tietoakaan.<\/p>\n<p class=\"aw-1gybjub aw-1p7kakr kEtdKx cEmitX yle__article__paragraph\">\u2013 Nyt j\u00e4tetiin sielua kent\u00e4lle ja oltiin sopivasti huolissaan, miten meid\u00e4n k\u00e4y. Eilen ei oltu. V\u00e4h\u00e4n kuin menisit Rooman turistikohteessa lompakko takataskussa ja kotiin menness\u00e4 ihmettelisit, ett\u00e4 tasku on tyhj\u00e4. Se oli meid\u00e4n huolen m\u00e4\u00e4r\u00e4 eilen. T\u00e4n\u00e4\u00e4n oli lompakko visusti siell\u00e4, miss\u00e4 pitikin, Tervonen kiitteli.<\/p>\n<p class=\"aw-1gybjub aw-1p7kakr kEtdKx cEmitX yle__article__paragraph\">\u2013 Jatkossa meid\u00e4n pit\u00e4\u00e4 l\u00e4hte\u00e4 siit\u00e4 liikkeelle, ett\u00e4 mit\u00e4 me annetaan. Maalin hinta omiin on liian halpa t\u00e4ll\u00e4 hetkell\u00e4. T\u00e4llaisissa taistelupeleiss\u00e4kin on helpompi roikkua tuloksessa, vaikka ei olisi tehokkain p\u00e4iv\u00e4, kun ei tule ry\u00f6ps\u00e4hdyksi\u00e4 omiin.<\/p>\n","protected":false},"excerpt":{"rendered":"KOUVOLA. Kotimaisessa j\u00e4\u00e4kiekkoyhteis\u00f6ss\u00e4 kukaan ei yll\u00e4ttynyt, kun KalPan Jaakko Lantta ajettiin perjantaina suihkuun kesken ottelun. T\u00e4ll\u00e4 kertaa SM-liigan&hellip;\n","protected":false},"author":2,"featured_media":121780,"comment_status":"","ping_status":"","sticky":false,"template":"","format":"standard","meta":{"footnotes":""},"categories":[158],"tags":[33,31,30,1143,21895,21897,8978,21896,2973,159,32,160],"class_list":{"0":"post-121779","1":"post","2":"type-post","3":"status-publish","4":"format-standard","5":"has-post-thumbnail","7":"category-urheilu","8":"tag-fi","9":"tag-finland","10":"tag-finnish","11":"tag-jaakiekko","12":"tag-jaakko-lantta","13":"tag-jaakko-rissanen","14":"tag-kalpa-jaakiekon-miesten-liiga","15":"tag-lasse-lappalainen","16":"tag-sm-liiga","17":"tag-sports","18":"tag-suomi","19":"tag-urheilu"},"share_on_mastodon":{"url":"https:\/\/pubeurope.com\/@fi\/115753978992270508","error":""},"_links":{"self":[{"href":"https:\/\/www.europesays.com\/fi\/wp-json\/wp\/v2\/posts\/121779","targetHints":{"allow":["GET"]}}],"collection":[{"href":"https:\/\/www.europesays.com\/fi\/wp-json\/wp\/v2\/posts"}],"about":[{"href":"https:\/\/www.europesays.com\/fi\/wp-json\/wp\/v2\/types\/post"}],"author":[{"embeddable":true,"href":"https:\/\/www.europesays.com\/fi\/wp-json\/wp\/v2\/users\/2"}],"replies":[{"embeddable":true,"href":"https:\/\/www.europesays.com\/fi\/wp-json\/wp\/v2\/comments?post=121779"}],"version-history":[{"count":0,"href":"https:\/\/www.europesays.com\/fi\/wp-json\/wp\/v2\/posts\/121779\/revisions"}],"wp:featuredmedia":[{"embeddable":true,"href":"https:\/\/www.europesays.com\/fi\/wp-json\/wp\/v2\/media\/121780"}],"wp:attachment":[{"href":"https:\/\/www.europesays.com\/fi\/wp-json\/wp\/v2\/media?parent=121779"}],"wp:term":[{"taxonomy":"category","embeddable":true,"href":"https:\/\/www.europesays.com\/fi\/wp-json\/wp\/v2\/categories?post=121779"},{"taxonomy":"post_tag","embeddable":true,"href":"https:\/\/www.europesays.com\/fi\/wp-json\/wp\/v2\/tags?post=121779"}],"curies":[{"name":"wp","href":"https:\/\/api.w.org\/{rel}","templated":true}]}}