{"id":121781,"date":"2025-12-20T21:18:07","date_gmt":"2025-12-20T21:18:07","guid":{"rendered":"https:\/\/www.europesays.com\/fi\/121781\/"},"modified":"2025-12-20T21:18:07","modified_gmt":"2025-12-20T21:18:07","slug":"supermanin-ja-lex-luthorin-vastustaja-loytyi-tama-saksalainen-nayttelija-on-myos-dj-ja-ohjaaja","status":"publish","type":"post","link":"https:\/\/www.europesays.com\/fi\/121781\/","title":{"rendered":"Supermanin ja Lex Luthorin vastustaja l\u00f6ytyi \u2013 t\u00e4m\u00e4 saksalainen n\u00e4yttelij\u00e4 on my\u00f6s DJ ja ohjaaja"},"content":{"rendered":"<p>DC Studiosin toinen pomo sek\u00e4<strong> <\/strong>Supermanin<strong> <\/strong>ja sen jatko-osan Man of Tomorrow\u2019n ohjaaja-k\u00e4sikirjoittaja <strong>James Gunn<\/strong> on tunnettu siit\u00e4, ett\u00e4 h\u00e4n etsii kohtalaisen nimett\u00f6mi\u00e4 n\u00e4yttelij\u00f6it\u00e4 isoihin rooleihin.<\/p>\n<p>Niin my\u00f6s t\u00e4ll\u00e4 kertaa. DC on nimitt\u00e4in l\u00f6yt\u00e4nyt Brainiac-pahiksensa, jota vastaan Superman ja Lex Luthor taistelevat Man of Tomorrow\u2019ssa.<\/p>\n<p>Lue my\u00f6s: <a href=\"https:\/\/www.episodi.fi\/uutiset\/supergirlista-julkaistiin-kiusoitteluvideo-traileri-myohemmin-talla-viikolla\/\" title=\"Supergirlist\u00e4 julkaistiin kiusoitteluvideo \u2013 traileri my\u00f6hemmin t\u00e4ll\u00e4 viikolla\" class=\"underline-custom !font-montserrat !font-bold !underline-offset-4 !decoration-4 !decoration-episodi-blue !text-md\" rel=\"nofollow noopener\" target=\"_blank\">Supergirlist\u00e4 julkaistiin kiusoitteluvideo \u2013 traileri my\u00f6hemmin t\u00e4ll\u00e4 viikolla<\/a><\/p>\n<p>Lue my\u00f6s: <a href=\"https:\/\/www.episodi.fi\/uutiset\/dc-studiosin-james-gunn-solmi-jatkosopimuksen-warnerin-kanssa\/\" title=\"DC Studiosin James Gunn solmi jatkosopimuksen Warnerin kanssa\" class=\"underline-custom !font-montserrat !font-bold !underline-offset-4 !decoration-4 !decoration-episodi-blue !text-md\" rel=\"nofollow noopener\" target=\"_blank\">DC Studiosin James Gunn solmi jatkosopimuksen Warnerin kanssa<\/a><\/p>\n<p>Kyseess\u00e4 on saksalainen <strong>Lars Eidinger<\/strong>, joka paitsi n\u00e4yttelee my\u00f6s ohjaa n\u00e4ytelmi\u00e4 ja toimii my\u00f6s DJ:n\u00e4 Berliiniss\u00e4.<\/p>\n<p>Eidinger n\u00e4htiin t\u00e4n\u00e4 vuonna <strong>Noah Baumbachin<\/strong> Jay Kellyss\u00e4. Viime vuonna h\u00e4n n\u00e4ytteli Matthias Glasnerin Dyingiss\u00e4. Vuonna 2022 h\u00e4net n\u00e4htiin Baumbachin White Noisessa.<\/p>\n<p>Eidinger on tuttu kasvo saksalaisista sarjoista ja tv-elokuvista.<\/p>\n<p>Alla Gunnin Facebook-julkaisu.<\/p>\n<p>Lue my\u00f6s: <a href=\"https:\/\/www.episodi.fi\/uutiskirje\/?uutiskirjemainos=tekstilinkkimainos\" title=\"Tilaa Episodin uutiskirje ja voit voittaa leffalippuja! Nappaa tv-vinkit suoraan s\u00e4hk\u00f6postiin t\u00e4st\u00e4.\" class=\"underline-custom !font-montserrat !font-bold !underline-offset-4 !decoration-4 !decoration-episodi-blue !text-md\" rel=\"nofollow noopener\" target=\"_blank\">Tilaa Episodin uutiskirje ja voit voittaa leffalippuja! Nappaa katseluvinkit suoraan s\u00e4hk\u00f6postiin t\u00e4st\u00e4.<\/a><\/p>\n","protected":false},"excerpt":{"rendered":"DC Studiosin toinen pomo sek\u00e4 Supermanin ja sen jatko-osan Man of Tomorrow\u2019n ohjaaja-k\u00e4sikirjoittaja James Gunn on tunnettu siit\u00e4,&hellip;\n","protected":false},"author":2,"featured_media":121782,"comment_status":"","ping_status":"","sticky":false,"template":"","format":"standard","meta":{"footnotes":""},"categories":[130],"tags":[179,137,33,31,30,180,9259,32,5403,109],"class_list":{"0":"post-121781","1":"post","2":"type-post","3":"status-publish","4":"format-standard","5":"has-post-thumbnail","7":"category-viihde","8":"tag-dc","9":"tag-entertainment","10":"tag-fi","11":"tag-finland","12":"tag-finnish","13":"tag-james-gunn","14":"tag-man-of-tomorrow","15":"tag-suomi","16":"tag-supersankarit","17":"tag-viihde"},"share_on_mastodon":{"url":"https:\/\/pubeurope.com\/@fi\/115753982550579863","error":""},"_links":{"self":[{"href":"https:\/\/www.europesays.com\/fi\/wp-json\/wp\/v2\/posts\/121781","targetHints":{"allow":["GET"]}}],"collection":[{"href":"https:\/\/www.europesays.com\/fi\/wp-json\/wp\/v2\/posts"}],"about":[{"href":"https:\/\/www.europesays.com\/fi\/wp-json\/wp\/v2\/types\/post"}],"author":[{"embeddable":true,"href":"https:\/\/www.europesays.com\/fi\/wp-json\/wp\/v2\/users\/2"}],"replies":[{"embeddable":true,"href":"https:\/\/www.europesays.com\/fi\/wp-json\/wp\/v2\/comments?post=121781"}],"version-history":[{"count":0,"href":"https:\/\/www.europesays.com\/fi\/wp-json\/wp\/v2\/posts\/121781\/revisions"}],"wp:featuredmedia":[{"embeddable":true,"href":"https:\/\/www.europesays.com\/fi\/wp-json\/wp\/v2\/media\/121782"}],"wp:attachment":[{"href":"https:\/\/www.europesays.com\/fi\/wp-json\/wp\/v2\/media?parent=121781"}],"wp:term":[{"taxonomy":"category","embeddable":true,"href":"https:\/\/www.europesays.com\/fi\/wp-json\/wp\/v2\/categories?post=121781"},{"taxonomy":"post_tag","embeddable":true,"href":"https:\/\/www.europesays.com\/fi\/wp-json\/wp\/v2\/tags?post=121781"}],"curies":[{"name":"wp","href":"https:\/\/api.w.org\/{rel}","templated":true}]}}