{"id":12179,"date":"2025-08-21T14:01:07","date_gmt":"2025-08-21T14:01:07","guid":{"rendered":"https:\/\/www.europesays.com\/fi\/12179\/"},"modified":"2025-08-21T14:01:07","modified_gmt":"2025-08-21T14:01:07","slug":"stephen-kingin-pitka-marssi-on-nahty-vakevimpia-king-leffoja-jarkyttava-kammottava-traumaattinen-totaalisen-brutaali-kokemus","status":"publish","type":"post","link":"https:\/\/www.europesays.com\/fi\/12179\/","title":{"rendered":"Stephen Kingin Pitk\u00e4 marssi on n\u00e4hty: \u201dV\u00e4kevimpi\u00e4 King-leffoja\u201d, \u201dJ\u00e4rkytt\u00e4v\u00e4, kammottava, traumaattinen\u201d, \u201dTotaalisen brutaali kokemus\u201d"},"content":{"rendered":"<p>Suomessa 12. syyskuuta ensi-iltansa saava The Long Walk eli Pitk\u00e4 marssi on <strong>Stephen Kingin<\/strong> nihilistisimpi\u00e4 teoksia.<\/p>\n<p>N\u00e4lk\u00e4peli-ohjaaja<strong> Francis Lawrencen<\/strong> elokuvasovitusta on hehkutettu maailmalla.<\/p>\n<p>Lue my\u00f6s: <a href=\"https:\/\/www.episodi.fi\/uutiset\/nyt-hbo-maxissa-kolmen-tahden-stephen-king-kauhussa-riivattu-lelu-palaa-piinaamaan-traumatisoitunutta-miesta\/\" title=\"Nyt HBO Maxissa: Kolmen t\u00e4hden Stephen King -kauhussa riivattu lelu palaa piinaamaan traumatisoitunutta miest\u00e4\" class=\"underline-custom !font-montserrat !font-bold !underline-offset-4 !decoration-4 !decoration-episodi-blue !text-md\" rel=\"nofollow noopener\" target=\"_blank\">Nyt HBO Maxissa: Kolmen t\u00e4hden Stephen King -kauhussa riivattu lelu palaa piinaamaan traumatisoitunutta miest\u00e4<\/a><\/p>\n<p>Lue my\u00f6s: <a href=\"https:\/\/www.episodi.fi\/uutiset\/netflixin-kauhusarja-on-stephen-kingin-ja-quentin-tarantinon-suosikki-pelottavin-kohtaus-saa-katsojan-huutamaan-aaneen\/\" title=\"Netflixin kauhusarja on Stephen Kingin ja Quentin Tarantinon suosikki\u00a0\u2013 Pelottavin kohtaus saa katsojan huutamaan \u00e4\u00e4neen\" class=\"underline-custom !font-montserrat !font-bold !underline-offset-4 !decoration-4 !decoration-episodi-blue !text-md\" rel=\"nofollow noopener\" target=\"_blank\">Netflixin kauhusarja on Stephen Kingin ja Quentin Tarantinon suosikki\u00a0\u2013 Pelottavin kohtaus saa katsojan huutamaan \u00e4\u00e4neen<\/a><\/p>\n<p>Tarina kertoo tappavasta kilpailusta, jossa teinipojat marssivat pitk\u00e4n marssin, mutta vain yksi voi j\u00e4\u00e4d\u00e4 eloon. Voittaja tienaa j\u00e4ttisumman rahaa.<\/p>\n<p>K\u00e4velij\u00f6it\u00e4 ovat muun muassa Licorice Pizzan <strong>Cooper Hoffman,<\/strong> Alien: Romuluksen <strong>David Jonsson<\/strong>, Jojo Rabbitin <strong>Roman Griffin Davis<\/strong>, Karate Kid: Legendsin <strong>Ben Wang <\/strong>sek\u00e4 All the Money in the Worldin<strong> Charlie Plummer.<\/strong><\/p>\n<p>Mukana on my\u00f6s useita merkitt\u00e4vi\u00e4 n\u00e4yttelij\u00f6it\u00e4 aikuisrooleissa, kuten <strong>Mark Hamill <\/strong>Majurina, joka valvoo kilpailun s\u00e4\u00e4nt\u00f6j\u00e4, sek\u00e4 <strong>Judy Greer <\/strong>Cooper Hoffmanin hahmon \u00e4itin\u00e4, Mrs. Garratyna.<\/p>\n<p>Alla kommentteja X:st\u00e4.<\/p>\n<blockquote class=\"twitter-tweet\" data-width=\"500\" data-dnt=\"true\">\n<p lang=\"en\" dir=\"ltr\">THE LONG WALK is one of the most powerful Stephen King adaptations in recent years. Francis Lawrence pulls no punches, driving home the book&#8217;s themes of how authoritarianism continues to eat away at today&#8217;s youth.<\/p>\n<p>Cooper Hoffman &amp; David Jonsson steal the entire film with grace. <a href=\"https:\/\/t.co\/tS7mE31Wfh\" rel=\"nofollow\">pic.twitter.com\/tS7mE31Wfh<\/a><\/p>\n<p>\u2014 Andrew J. Salazar (@AndrewJ626) <a href=\"https:\/\/twitter.com\/AndrewJ626\/status\/1958024959466340519?ref_src=twsrc%5Etfw\" rel=\"nofollow noopener\" target=\"_blank\">August 20, 2025<\/a><\/p><\/blockquote>\n<blockquote class=\"twitter-tweet\" data-width=\"500\" data-dnt=\"true\">\n<p lang=\"en\" dir=\"ltr\"><a href=\"https:\/\/twitter.com\/hashtag\/TheLongWalk?src=hash&amp;ref_src=twsrc%5Etfw\" rel=\"nofollow noopener\" target=\"_blank\">#TheLongWalk<\/a> is an incredibly harrowing, terrifying, and traumatizing film.<\/p>\n<p>Cooper Hoffman and David Jonsson give Oscar-worthy performances.<\/p>\n<p>It\u2019s maybe a tad long, but it does really sell the world it creates &amp; the characters viewers find themselves walking with until the end. <a href=\"https:\/\/t.co\/orJfdu8K4W\" rel=\"nofollow\">pic.twitter.com\/orJfdu8K4W<\/a><\/p>\n<p>\u2014 Russ Milheim \u2013 The Direct (@RussMilheim) <a href=\"https:\/\/twitter.com\/RussMilheim\/status\/1958063623324201468?ref_src=twsrc%5Etfw\" rel=\"nofollow noopener\" target=\"_blank\">August 20, 2025<\/a><\/p><\/blockquote>\n<blockquote class=\"twitter-tweet\" data-width=\"500\" data-dnt=\"true\">\n<p lang=\"en\" dir=\"ltr\">THE LONG WALK finally brings Stephen King\u2019s 1979 dystopian novel to the screen in an adaptation that preserves its core essence while making a few surprising changes that not only worked for me but also made this impactful story resonate even more for our dark and troubled times.\u2026 <a href=\"https:\/\/t.co\/ss3o4MiG2d\" rel=\"nofollow\">pic.twitter.com\/ss3o4MiG2d<\/a><\/p>\n<p>\u2014 Matt Neglia (@NextBestPicture) <a href=\"https:\/\/twitter.com\/NextBestPicture\/status\/1958031819124752448?ref_src=twsrc%5Etfw\" rel=\"nofollow noopener\" target=\"_blank\">August 20, 2025<\/a><\/p><\/blockquote>\n<blockquote class=\"twitter-tweet\" data-width=\"500\" data-dnt=\"true\">\n<p lang=\"en\" dir=\"ltr\">THE LONG WALK: an absolutely brutal experience that left me visibly shocked. Cooper Hoffman and David Jonsson&#8217;s friendship is sweet to watch in the midst of the grueling moments and physical struggles. It&#8217;s Stephen King in the vein of Hunger Games: purely intense. <a href=\"https:\/\/twitter.com\/hashtag\/TheLongWalk?src=hash&amp;ref_src=twsrc%5Etfw\" rel=\"nofollow noopener\" target=\"_blank\">#TheLongWalk<\/a> <a href=\"https:\/\/t.co\/wgyfSNF7mn\" rel=\"nofollow\">pic.twitter.com\/wgyfSNF7mn<\/a><\/p>\n<p>\u2014 Chris Gallardo \u2013 Reel Roller (@chrisagwrites) <a href=\"https:\/\/twitter.com\/chrisagwrites\/status\/1958023719680401657?ref_src=twsrc%5Etfw\" rel=\"nofollow noopener\" target=\"_blank\">August 20, 2025<\/a><\/p><\/blockquote>\n<blockquote class=\"twitter-tweet\" data-width=\"500\" data-dnt=\"true\">\n<p lang=\"en\" dir=\"ltr\">I can now say I watched THE LONG WALK a while back &amp; this is one of the most intense &amp; emotional films you\u2019ll watch all year. Captivating from start to finish, an insanely incredible film.<\/p>\n<p>Cooper Hoffman and David Jonsson deliver an all-timer duo performance together here too <a href=\"https:\/\/t.co\/d2DmkZYSYG\" rel=\"nofollow\">https:\/\/t.co\/d2DmkZYSYG<\/a><\/p>\n<p>\u2014 Jacob (@JacobFisherDF) <a href=\"https:\/\/twitter.com\/JacobFisherDF\/status\/1958025609512103940?ref_src=twsrc%5Etfw\" rel=\"nofollow noopener\" target=\"_blank\">August 20, 2025<\/a><\/p><\/blockquote>\n<blockquote class=\"twitter-tweet\" data-width=\"500\" data-dnt=\"true\">\n<p lang=\"en\" dir=\"ltr\">I felt every step of brutality in THE LONG WALK that by the end I was soaked in my tears. Brutal, nihilistic yet tenderly human exploitation of boyhood. Showcasing how boyhood has been used as a spectacle to build a totalitarian America and the manipulation America places on men. <a href=\"https:\/\/t.co\/ErKlGJe25L\" rel=\"nofollow\">pic.twitter.com\/ErKlGJe25L<\/a><\/p>\n<p>\u2014 Slasher Reviews \u3007\u00b0 (@SlasherReviews) <a href=\"https:\/\/twitter.com\/SlasherReviews\/status\/1958164941375988013?ref_src=twsrc%5Etfw\" rel=\"nofollow noopener\" target=\"_blank\">August 20, 2025<\/a><\/p><\/blockquote>\n<p>Lue my\u00f6s: <a href=\"https:\/\/www.episodi.fi\/uutiskirje\" title=\"Tilaa Episodin uutiskirje ja tied\u00e4t mit\u00e4 katsoa! Nappaa tv-vinkit suoraan s\u00e4hk\u00f6postiin t\u00e4st\u00e4.\" class=\"underline-custom !font-montserrat !font-bold !underline-offset-4 !decoration-4 !decoration-episodi-blue !text-md\" rel=\"nofollow noopener\" target=\"_blank\">Tilaa Episodin uutiskirje ja tied\u00e4t mit\u00e4 katsoa! Nappaa katseluvinkit suoraan s\u00e4hk\u00f6postiin t\u00e4st\u00e4.<\/a><\/p>\n<p>\t\t\t<script async src=\"https:\/\/platform.twitter.com\/widgets.js\" charset=\"utf-8\"><\/script><\/p>\n","protected":false},"excerpt":{"rendered":"Suomessa 12. syyskuuta ensi-iltansa saava The Long Walk eli Pitk\u00e4 marssi on Stephen Kingin nihilistisimpi\u00e4 teoksia. N\u00e4lk\u00e4peli-ohjaaja Francis&hellip;\n","protected":false},"author":2,"featured_media":12180,"comment_status":"","ping_status":"","sticky":false,"template":"","format":"standard","meta":{"footnotes":""},"categories":[130],"tags":[137,33,31,30,1620,32,4865,109],"class_list":{"0":"post-12179","1":"post","2":"type-post","3":"status-publish","4":"format-standard","5":"has-post-thumbnail","7":"category-viihde","8":"tag-entertainment","9":"tag-fi","10":"tag-finland","11":"tag-finnish","12":"tag-stephen-king","13":"tag-suomi","14":"tag-the-long-walk","15":"tag-viihde"},"share_on_mastodon":{"url":"","error":""},"_links":{"self":[{"href":"https:\/\/www.europesays.com\/fi\/wp-json\/wp\/v2\/posts\/12179","targetHints":{"allow":["GET"]}}],"collection":[{"href":"https:\/\/www.europesays.com\/fi\/wp-json\/wp\/v2\/posts"}],"about":[{"href":"https:\/\/www.europesays.com\/fi\/wp-json\/wp\/v2\/types\/post"}],"author":[{"embeddable":true,"href":"https:\/\/www.europesays.com\/fi\/wp-json\/wp\/v2\/users\/2"}],"replies":[{"embeddable":true,"href":"https:\/\/www.europesays.com\/fi\/wp-json\/wp\/v2\/comments?post=12179"}],"version-history":[{"count":0,"href":"https:\/\/www.europesays.com\/fi\/wp-json\/wp\/v2\/posts\/12179\/revisions"}],"wp:featuredmedia":[{"embeddable":true,"href":"https:\/\/www.europesays.com\/fi\/wp-json\/wp\/v2\/media\/12180"}],"wp:attachment":[{"href":"https:\/\/www.europesays.com\/fi\/wp-json\/wp\/v2\/media?parent=12179"}],"wp:term":[{"taxonomy":"category","embeddable":true,"href":"https:\/\/www.europesays.com\/fi\/wp-json\/wp\/v2\/categories?post=12179"},{"taxonomy":"post_tag","embeddable":true,"href":"https:\/\/www.europesays.com\/fi\/wp-json\/wp\/v2\/tags?post=12179"}],"curies":[{"name":"wp","href":"https:\/\/api.w.org\/{rel}","templated":true}]}}