{"id":121796,"date":"2025-12-20T21:44:10","date_gmt":"2025-12-20T21:44:10","guid":{"rendered":"https:\/\/www.europesays.com\/fi\/121796\/"},"modified":"2025-12-20T21:44:10","modified_gmt":"2025-12-20T21:44:10","slug":"meghan-odotti-kotona-prinssi-harry-mysteeriblondin-seurassa-kuvat","status":"publish","type":"post","link":"https:\/\/www.europesays.com\/fi\/121796\/","title":{"rendered":"Meghan odotti kotona: Prinssi Harry mysteeriblondin seurassa &#8211; kuvat!"},"content":{"rendered":"<p class=\"article-content article-content-width !bg-background\">Prinssi <a alt=\"Haku\" class=\"text-primary-red font-extrabold\" href=\"https:\/\/www.seiska.fi\/haku?q=Harry\" rel=\"nofollow noopener\" target=\"_blank\">Harry<\/a> hyv\u00e4steli sateiset Britteinsaaret vuonna 2020, jolloin h\u00e4n aloitti uuden el\u00e4m\u00e4n perheens\u00e4 kanssa Kaliforniassa, jossa paistaa aurinko valtaosan vuodesta.\u00a0<\/p>\n<p class=\"font-weight-bold m-font-weight-bold article-content article-content-width !bg-background\">Video: Prinssi Harryn ulkon\u00e4k\u00f6 her\u00e4tt\u00e4\u00e4 huomiota:<\/p>\n<p class=\"article-content article-content-width !bg-background\">Hiljattain Harry kuitenkin j\u00e4tti Santa Barbaran rannat taakseen. H\u00e4n osallistui 17.\u201318. joulukuuta lumipoolon mestaruuskisoihin Aspenissa, Coloradossa. Prinssi pelasi yst\u00e4v\u00e4ns\u00e4, ammattipooloilija <a alt=\"Haku\" class=\"text-primary-red font-extrabold\" href=\"https:\/\/www.seiska.fi\/haku?q=Nacho Figuerasin\" rel=\"nofollow noopener\" target=\"_blank\">Nacho Figuerasin<\/a> ja t\u00e4m\u00e4n <a alt=\"Haku\" class=\"text-primary-red font-extrabold\" href=\"https:\/\/www.seiska.fi\/haku?q=Artemio\" rel=\"nofollow noopener\" target=\"_blank\">Artemio<\/a>-pojan rinnalla.\u00a0<\/p>\n<p class=\"article-content article-content-width !bg-background\">Viihdesivusto <a alt=\"Haku\" class=\"text-primary-red font-extrabold\" href=\"https:\/\/www.seiska.fi\/haku?q=RadarOnlinen\" rel=\"nofollow noopener\" target=\"_blank\">RadarOnlinen<\/a> mukaan <a href=\"https:\/\/pagesix.com\/2025\/12\/18\/royal-family\/prince-harry-injures-his-hand-at-snow-polo-in-aspen\/\" target=\"_blank\" rel=\"nofollow noopener\">Harryn osallistuminen otteluun tuli yleis\u00f6lle t\u00e4yten\u00e4 yll\u00e4tyksen\u00e4<\/a>.\u00a0<\/p>\n<p>                <img decoding=\"async\" src=\"https:\/\/www.europesays.com\/fi\/wp-content\/uploads\/2025\/12\/2026912.webp\" width=\"576\" height=\"668\" alt=\"Voitto j\u00e4i t\u00e4ll\u00e4 kertaa haaveeksi.\" loading=\"lazy\" \/>            <\/p>\n<p>\n            Voitto j\u00e4i t\u00e4ll\u00e4 kertaa haaveeksi.<br \/>\n            All Over Press\n        <\/p>\n<p class=\"article-content article-content-width !bg-background\">Yll\u00e4reit\u00e4 koki my\u00f6s prinssi itse. Artemio heilautti pelin tuoksinnassa poolomailaansa niin vauhdikkaasti, ett\u00e4 se iskeytyi vahingossa Harryn k\u00e4teen. Ilmeisesti tilanteessa selvittiin s\u00e4ik\u00e4hdyksell\u00e4, sill\u00e4 matsi jatkui pienen paussin j\u00e4lkeen.\u00a0<\/p>\n<p>Jututti mysteerikaunotarta<\/p>\n<p class=\"article-content article-content-width !bg-background\">Harry on isoveljens\u00e4 prinssi <a alt=\"Haku\" class=\"text-primary-red font-extrabold\" href=\"https:\/\/www.seiska.fi\/haku?q=Williamin\" rel=\"nofollow noopener\" target=\"_blank\">Williamin<\/a> tapaan innokas poolon pelaaja. H\u00e4n on osallistunut otteluihin lukuisia kertoja, usein juuri Nacho-yst\u00e4v\u00e4ns\u00e4 kanssa.\u00a0<\/p>\n<p class=\"article-content article-content-width !bg-background\">Aspenin reissussa ei siis sin\u00e4ll\u00e4\u00e4n ole mit\u00e4\u00e4n kummallista. Erikoisen tilanteesta kuitenkin tekee se, kenen kanssa Harry Coloradossa aikaansa vietti.\u00a0<\/p>\n<p class=\"article-content article-content-width !bg-background\">Prinssi viihtyi hevosen sel\u00e4st\u00e4 yleis\u00f6n sekaan siirrytty\u00e4\u00e4n kauniin vaaleaverik\u00f6n seurassa. Harryn ja mysteeriblondin juttutuokio ikuistui paparazzin kuviin. Kaunottarella roikkui kaulassaan pelaajapassi, joten tavan katsojasta tuskin oli kysymys.\u00a0<\/p>\n<p>                <img decoding=\"async\" src=\"https:\/\/www.europesays.com\/fi\/wp-content\/uploads\/2025\/12\/2026910.webp\" width=\"576\" height=\"485\" alt=\"Harryn kerrotaan j\u00e4tt\u00e4neen ottelun jatkobileet v\u00e4liin.\" loading=\"lazy\" \/>            <\/p>\n<p>\n            Harryn kerrotaan j\u00e4tt\u00e4neen ottelun jatkobileet v\u00e4liin.<br \/>\n            All Over Press\n        <\/p>\n<p class=\"article-content article-content-width !bg-background\">Harryn viipottaessa lumimaisemissa <a alt=\"Haku\" class=\"text-primary-red font-extrabold\" href=\"https:\/\/www.seiska.fi\/haku?q=Meghan\" rel=\"nofollow noopener\" target=\"_blank\">Meghan<\/a>-vaimo oli tiet\u00e4v\u00e4sti kotona Kaliforniassa. Nachon puoliso <a alt=\"Haku\" class=\"text-primary-red font-extrabold\" href=\"https:\/\/www.seiska.fi\/haku?q=Delfina Blaquier\" rel=\"nofollow noopener\" target=\"_blank\">Delfina Blaquier<\/a> sen sijaan oli urheilevan seurueen mukana.\u00a0<\/p>\n","protected":false},"excerpt":{"rendered":"Prinssi Harry hyv\u00e4steli sateiset Britteinsaaret vuonna 2020, jolloin h\u00e4n aloitti uuden el\u00e4m\u00e4n perheens\u00e4 kanssa Kaliforniassa, jossa paistaa aurinko&hellip;\n","protected":false},"author":2,"featured_media":121797,"comment_status":"","ping_status":"","sticky":false,"template":"","format":"standard","meta":{"footnotes":""},"categories":[130],"tags":[15821,137,33,31,30,1383,2113,212,6253,21900,21902,1416,6249,21901,32,109],"class_list":{"0":"post-121796","1":"post","2":"type-post","3":"status-publish","4":"format-standard","5":"has-post-thumbnail","7":"category-viihde","8":"tag-aspen","9":"tag-entertainment","10":"tag-fi","11":"tag-finland","12":"tag-finnish","13":"tag-herttuatar-meghan","14":"tag-hevospoolo","15":"tag-lifestyle","16":"tag-mysteeriblondi","17":"tag-nacho-figueras","18":"tag-polo","19":"tag-prinssi-harry","20":"tag-salakuva","21":"tag-seuralainen","22":"tag-suomi","23":"tag-viihde"},"share_on_mastodon":{"url":"https:\/\/pubeurope.com\/@fi\/115754085032974153","error":""},"_links":{"self":[{"href":"https:\/\/www.europesays.com\/fi\/wp-json\/wp\/v2\/posts\/121796","targetHints":{"allow":["GET"]}}],"collection":[{"href":"https:\/\/www.europesays.com\/fi\/wp-json\/wp\/v2\/posts"}],"about":[{"href":"https:\/\/www.europesays.com\/fi\/wp-json\/wp\/v2\/types\/post"}],"author":[{"embeddable":true,"href":"https:\/\/www.europesays.com\/fi\/wp-json\/wp\/v2\/users\/2"}],"replies":[{"embeddable":true,"href":"https:\/\/www.europesays.com\/fi\/wp-json\/wp\/v2\/comments?post=121796"}],"version-history":[{"count":0,"href":"https:\/\/www.europesays.com\/fi\/wp-json\/wp\/v2\/posts\/121796\/revisions"}],"wp:featuredmedia":[{"embeddable":true,"href":"https:\/\/www.europesays.com\/fi\/wp-json\/wp\/v2\/media\/121797"}],"wp:attachment":[{"href":"https:\/\/www.europesays.com\/fi\/wp-json\/wp\/v2\/media?parent=121796"}],"wp:term":[{"taxonomy":"category","embeddable":true,"href":"https:\/\/www.europesays.com\/fi\/wp-json\/wp\/v2\/categories?post=121796"},{"taxonomy":"post_tag","embeddable":true,"href":"https:\/\/www.europesays.com\/fi\/wp-json\/wp\/v2\/tags?post=121796"}],"curies":[{"name":"wp","href":"https:\/\/api.w.org\/{rel}","templated":true}]}}