{"id":121798,"date":"2025-12-20T21:47:13","date_gmt":"2025-12-20T21:47:13","guid":{"rendered":"https:\/\/www.europesays.com\/fi\/121798\/"},"modified":"2025-12-20T21:47:13","modified_gmt":"2025-12-20T21:47:13","slug":"uuden-vuoden-avaus-ja-brunssi-la-3-1-klo-13","status":"publish","type":"post","link":"https:\/\/www.europesays.com\/fi\/121798\/","title":{"rendered":"Uuden Vuoden Avaus ja brunssi la 3.1. klo 13"},"content":{"rendered":"<p>                        <a href=\"https:\/\/lh3.googleusercontent.com\/jXTaXLcu4-bJEztWrb9mYpZSNut432bjiJIEjg2Ouq-VTwFdz5LLW9hgQO7FFECwmQw_toRwhrltM6_y6HjDSFChkFTCDvxVpdyQcTDk=s1600\" rel=\"lightbox[content] nofollow noopener\" title=\"\" target=\"_blank\"><\/p>\n<p>                        <img class=\"img-responsive\"  alt=\"\" onerror=\"this.style.display='none'\" style=\"max-width: 100%;\"\/><\/p>\n<p>                        <\/a><\/p>\n<p>Vermon ravivuosi 2026 k\u00e4ynnistyy komeasti lauantairaveilla 3.1. Ohjelmassa on divisioonakarsintoja seuraavalle finaalikierrokselle. Ravit alkaa perinteiseen tapaan klo 13.<\/p>\n<p>Raveihin on ilmainen sis\u00e4\u00e4np\u00e4\u00e4sy, ja pyhien j\u00e4lkeen arkeen voi laskeutua Uuden Vuoden Brunssilla, joka on tarjolla hintaan alkaen <strong>29 \u20ac<\/strong>\/hl\u00f6 (+ tilausmaksu 1,50 \u20ac). Brunssi on katettuna klo 12.30-16.30 ja vain ennakkomyynniss\u00e4 pe 2.1. klo 12 asti. Lapset 4-12-v. sy\u00f6v\u00e4t puoleen hintaan.<\/p>\n<p><strong>BRUNSSIMENU<\/strong><\/p>\n<p><strong\/>Maalaiskinkkua M, G ja Juustoviipaleita L,G<br \/>Tomaattia ja kurkkua VE, G<br \/>J\u00e4\u00e4salaattia VE, G<br \/>Paahdettua punajuurta, viikunaa ja vuohenjuustoa L, G<br \/>Caesarsalaattia M<br \/>Tuoreita hedelmi\u00e4 VE, G<br \/>Marjasmoothieta L, G<br \/>Appelsiini -ja omenamehua VE, G<br \/>Aamiasjuustokakkua L (sis.p\u00e4hkin\u00e4\u00e4)<br \/>Juustopiirakkaa L<br \/>Croissantteja, s\u00e4mpyl\u00f6it\u00e4 ja cocktailpiirakoita L<br \/>Voita, yrttilevitett\u00e4 ja munavoita L, G<br \/>*****<br \/>Nakkeja, pekonia ja lihapullia M, G<br \/>Perunamunakasta L, G<br \/>Pinaattiohukaisia ja puolukkaa VE,G<br \/>Vohvelibuffa! Belgialaisia vohveleita savulohi -ja kasvist\u00e4yte L, G<br \/>Marjasalaattia VE, G<br \/>Kermavaahtoa L, G<br \/>*****<br \/>Kahvia ja teet\u00e4<br \/>Minimuffineja<\/p>\n<p>Ker\u00e4\u00e4 porukka ja l\u00e4hde sulattelemaan jouluherkkuja Vermoon hyv\u00e4n ravisportin lisukkeena!<\/p>\n","protected":false},"excerpt":{"rendered":"Vermon ravivuosi 2026 k\u00e4ynnistyy komeasti lauantairaveilla 3.1. Ohjelmassa on divisioonakarsintoja seuraavalle finaalikierrokselle. Ravit alkaa perinteiseen tapaan klo 13.&hellip;\n","protected":false},"author":2,"featured_media":121799,"comment_status":"","ping_status":"","sticky":false,"template":"","format":"standard","meta":{"footnotes":""},"categories":[76],"tags":[79,77,33,31,30,32,78],"class_list":{"0":"post-121798","1":"post","2":"type-post","3":"status-publish","4":"format-standard","5":"has-post-thumbnail","7":"category-talous","8":"tag-business","9":"tag-economy","10":"tag-fi","11":"tag-finland","12":"tag-finnish","13":"tag-suomi","14":"tag-talous"},"share_on_mastodon":{"url":"https:\/\/pubeurope.com\/@fi\/115754096708086818","error":""},"_links":{"self":[{"href":"https:\/\/www.europesays.com\/fi\/wp-json\/wp\/v2\/posts\/121798","targetHints":{"allow":["GET"]}}],"collection":[{"href":"https:\/\/www.europesays.com\/fi\/wp-json\/wp\/v2\/posts"}],"about":[{"href":"https:\/\/www.europesays.com\/fi\/wp-json\/wp\/v2\/types\/post"}],"author":[{"embeddable":true,"href":"https:\/\/www.europesays.com\/fi\/wp-json\/wp\/v2\/users\/2"}],"replies":[{"embeddable":true,"href":"https:\/\/www.europesays.com\/fi\/wp-json\/wp\/v2\/comments?post=121798"}],"version-history":[{"count":0,"href":"https:\/\/www.europesays.com\/fi\/wp-json\/wp\/v2\/posts\/121798\/revisions"}],"wp:featuredmedia":[{"embeddable":true,"href":"https:\/\/www.europesays.com\/fi\/wp-json\/wp\/v2\/media\/121799"}],"wp:attachment":[{"href":"https:\/\/www.europesays.com\/fi\/wp-json\/wp\/v2\/media?parent=121798"}],"wp:term":[{"taxonomy":"category","embeddable":true,"href":"https:\/\/www.europesays.com\/fi\/wp-json\/wp\/v2\/categories?post=121798"},{"taxonomy":"post_tag","embeddable":true,"href":"https:\/\/www.europesays.com\/fi\/wp-json\/wp\/v2\/tags?post=121798"}],"curies":[{"name":"wp","href":"https:\/\/api.w.org\/{rel}","templated":true}]}}