{"id":121800,"date":"2025-12-20T21:48:09","date_gmt":"2025-12-20T21:48:09","guid":{"rendered":"https:\/\/www.europesays.com\/fi\/121800\/"},"modified":"2025-12-20T21:48:09","modified_gmt":"2025-12-20T21:48:09","slug":"nyt-yhdysvaltain-rannikkovartiosto-nousi-venezuelalaista-oljya-kuljettaneen-sailioaluksen-kyytiin","status":"publish","type":"post","link":"https:\/\/www.europesays.com\/fi\/121800\/","title":{"rendered":"NYT: Yhdysvaltain rannikkovartiosto nousi venezuelalaista \u00f6ljy\u00e4 kuljettaneen s\u00e4ili\u00f6aluksen kyytiin"},"content":{"rendered":"<p>Alus ei kuulu Yhdysvaltain pakotelistalle, kertoo New York Times.<\/p>\n<p class=\"article-body mb-nof-24 px-nof-16\">Yhdysvaltojen rannikkovartiosto pys\u00e4ytti venezuelalaista \u00f6ljy\u00e4 kuljettaneen s\u00e4ili\u00f6aluksen ja nousi sen kyytiin, uutisoi <a class=\"article-genericlink\" href=\"https:\/\/www.nytimes.com\/2025\/12\/20\/us\/politics\/us-coast-guard-venezuela-oil-tanker.html\" rel=\"nofollow noopener\" target=\"_blank\">New York Times<\/a>.<\/p>\n<p class=\"article-body mb-nof-24 px-nof-16\">New York Timesin l\u00e4hteiden mukaan kyseinen alus ei kuulu Yhdysvaltain pakotelistalle. Trump oli torstaina ilmoittanut Yhdysvaltojen pys\u00e4ytt\u00e4v\u00e4n kaikki Venezuelaan ja Venezuelasta kulkevat pakotteiden alla olevat s\u00e4ili\u00f6alukset.<\/p>\n<p class=\"article-body mb-nof-24 px-nof-16\">Pys\u00e4ytetty alus oli hiljattain l\u00e4htenyt Venezuelasta ja kulki Karibian vesill\u00e4. Alus seilaa Panaman lipun alla.<\/p>\n","protected":false},"excerpt":{"rendered":"Alus ei kuulu Yhdysvaltain pakotelistalle, kertoo New York Times. Yhdysvaltojen rannikkovartiosto pys\u00e4ytti venezuelalaista \u00f6ljy\u00e4 kuljettaneen s\u00e4ili\u00f6aluksen ja nousi&hellip;\n","protected":false},"author":2,"featured_media":1024,"comment_status":"","ping_status":"","sticky":false,"template":"","format":"standard","meta":{"footnotes":""},"categories":[14],"tags":[22,23,26,27,33,31,30,17,34,24,25,28,29,15,18,21,32,19,20,56,16,59,60,61],"class_list":{"0":"post-121800","1":"post","2":"type-post","3":"status-publish","4":"format-standard","5":"has-post-thumbnail","7":"category-ulkomaat","8":"tag-breaking-news","9":"tag-breakingnews","10":"tag-featured-news","11":"tag-featurednews","12":"tag-fi","13":"tag-finland","14":"tag-finnish","15":"tag-headlines","16":"tag-ilta-sanomat","17":"tag-latest-news","18":"tag-latestnews","19":"tag-main-news","20":"tag-mainnews","21":"tag-news","22":"tag-otsikot","23":"tag-paauutiset","24":"tag-suomi","25":"tag-top-stories","26":"tag-topstories","27":"tag-ulkomaat","28":"tag-uutiset","29":"tag-world","30":"tag-world-news","31":"tag-worldnews"},"share_on_mastodon":{"url":"https:\/\/pubeurope.com\/@fi\/115754100631268726","error":""},"_links":{"self":[{"href":"https:\/\/www.europesays.com\/fi\/wp-json\/wp\/v2\/posts\/121800","targetHints":{"allow":["GET"]}}],"collection":[{"href":"https:\/\/www.europesays.com\/fi\/wp-json\/wp\/v2\/posts"}],"about":[{"href":"https:\/\/www.europesays.com\/fi\/wp-json\/wp\/v2\/types\/post"}],"author":[{"embeddable":true,"href":"https:\/\/www.europesays.com\/fi\/wp-json\/wp\/v2\/users\/2"}],"replies":[{"embeddable":true,"href":"https:\/\/www.europesays.com\/fi\/wp-json\/wp\/v2\/comments?post=121800"}],"version-history":[{"count":0,"href":"https:\/\/www.europesays.com\/fi\/wp-json\/wp\/v2\/posts\/121800\/revisions"}],"wp:featuredmedia":[{"embeddable":true,"href":"https:\/\/www.europesays.com\/fi\/wp-json\/wp\/v2\/media\/1024"}],"wp:attachment":[{"href":"https:\/\/www.europesays.com\/fi\/wp-json\/wp\/v2\/media?parent=121800"}],"wp:term":[{"taxonomy":"category","embeddable":true,"href":"https:\/\/www.europesays.com\/fi\/wp-json\/wp\/v2\/categories?post=121800"},{"taxonomy":"post_tag","embeddable":true,"href":"https:\/\/www.europesays.com\/fi\/wp-json\/wp\/v2\/tags?post=121800"}],"curies":[{"name":"wp","href":"https:\/\/api.w.org\/{rel}","templated":true}]}}