{"id":121812,"date":"2025-12-20T22:14:10","date_gmt":"2025-12-20T22:14:10","guid":{"rendered":"https:\/\/www.europesays.com\/fi\/121812\/"},"modified":"2025-12-20T22:14:10","modified_gmt":"2025-12-20T22:14:10","slug":"yhdysvalloissa-republikaanien-elise-stefanik-jattaytyy-new-yorkin-kuvernoorikilpailusta-uutissuomalainen","status":"publish","type":"post","link":"https:\/\/www.europesays.com\/fi\/121812\/","title":{"rendered":"Yhdysvalloissa republikaanien Elise Stefanik j\u00e4tt\u00e4ytyy New Yorkin kuvern\u00f6\u00f6rikilpailusta | Uutissuomalainen"},"content":{"rendered":"<p>Yhdysvalloissa republikaanipuolueen kongressiedustaja Elise Stefanik j\u00e4tt\u00e4ytyy pois New Yorkin kuvern\u00f6\u00f6rikilpailusta. Lis\u00e4ksi h\u00e4n j\u00e4tt\u00e4\u00e4 paikkansa kongressissa tulevana vuonna. Stefanik kertoo asiasta <a href=\"https:\/\/x.com\/EliseStefanik\/status\/2002121519342793163\" rel=\"nofollow\">viestipalvelu X:ss\u00e4<\/a>.<\/p>\n<p>Stefanikin mukaan p\u00e4\u00e4t\u00f6ksen taustalla ovat muun muassa perhesyyt. H\u00e4n kirjoittaa haluavansa keskitty\u00e4 \u00e4idin teht\u00e4v\u00e4\u00e4ns\u00e4. <\/p>\n<p>Stefanik oli aiemmin t\u00e4n\u00e4 vuonna ehdokkaana Yhdysvaltain YK-suurl\u00e4hettil\u00e4\u00e4ksi, mutta presidentti Donald Trump veti ehdokkuuden pois ennen lopullista valintaa. T\u00e4ll\u00f6in Trump ilmoitti omassa <a href=\"https:\/\/truthsocial.com\/@realDonaldTrump\/posts\/114235745233828789\" rel=\"nofollow noopener\" target=\"_blank\">Truth Social<\/a> -palvelussaan, ettei h\u00e4n halua vaarantaa Stefanikin nimityksell\u00e4 republikaanien enemmist\u00f6\u00e4 edustajainhuoneessa.<\/p>\n<p>Republikaanipuolueen oikeistosiipeen kuuluvaa Stefanikia on kuvailtu Trumpin vankaksi liittolaiseksi ja Israelin tukijaksi.<\/p>\n<p>Tullessaan valituksi edustajainhuoneeseen vuonna 2014 Stefanik oli silloin kaikkien aikojen nuorin Yhdysvaltain kongressiin valittu nainen.<\/p>\n","protected":false},"excerpt":{"rendered":"Yhdysvalloissa republikaanipuolueen kongressiedustaja Elise Stefanik j\u00e4tt\u00e4ytyy pois New Yorkin kuvern\u00f6\u00f6rikilpailusta. Lis\u00e4ksi h\u00e4n j\u00e4tt\u00e4\u00e4 paikkansa kongressissa tulevana vuonna. Stefanik&hellip;\n","protected":false},"author":2,"featured_media":121813,"comment_status":"","ping_status":"","sticky":false,"template":"","format":"standard","meta":{"footnotes":""},"categories":[14],"tags":[22,23,585,26,27,33,31,30,17,24,25,28,29,15,18,21,142,637,144,32,19,20,56,16,638,59,60,61,143,145],"class_list":{"0":"post-121812","1":"post","2":"type-post","3":"status-publish","4":"format-standard","5":"has-post-thumbnail","7":"category-ulkomaat","8":"tag-breaking-news","9":"tag-breakingnews","10":"tag-donald-trump","11":"tag-featured-news","12":"tag-featurednews","13":"tag-fi","14":"tag-finland","15":"tag-finnish","16":"tag-headlines","17":"tag-latest-news","18":"tag-latestnews","19":"tag-main-news","20":"tag-mainnews","21":"tag-news","22":"tag-otsikot","23":"tag-paauutiset","24":"tag-poliitikot","25":"tag-politiikka","26":"tag-presidentti","27":"tag-suomi","28":"tag-top-stories","29":"tag-topstories","30":"tag-ulkomaat","31":"tag-uutiset","32":"tag-valtiovalta","33":"tag-world","34":"tag-world-news","35":"tag-worldnews","36":"tag-yhdysvaltain-politiikka","37":"tag-yhdysvaltalaiset-poliittiset-puolueet"},"share_on_mastodon":{"url":"https:\/\/pubeurope.com\/@fi\/115754202839032852","error":""},"_links":{"self":[{"href":"https:\/\/www.europesays.com\/fi\/wp-json\/wp\/v2\/posts\/121812","targetHints":{"allow":["GET"]}}],"collection":[{"href":"https:\/\/www.europesays.com\/fi\/wp-json\/wp\/v2\/posts"}],"about":[{"href":"https:\/\/www.europesays.com\/fi\/wp-json\/wp\/v2\/types\/post"}],"author":[{"embeddable":true,"href":"https:\/\/www.europesays.com\/fi\/wp-json\/wp\/v2\/users\/2"}],"replies":[{"embeddable":true,"href":"https:\/\/www.europesays.com\/fi\/wp-json\/wp\/v2\/comments?post=121812"}],"version-history":[{"count":0,"href":"https:\/\/www.europesays.com\/fi\/wp-json\/wp\/v2\/posts\/121812\/revisions"}],"wp:featuredmedia":[{"embeddable":true,"href":"https:\/\/www.europesays.com\/fi\/wp-json\/wp\/v2\/media\/121813"}],"wp:attachment":[{"href":"https:\/\/www.europesays.com\/fi\/wp-json\/wp\/v2\/media?parent=121812"}],"wp:term":[{"taxonomy":"category","embeddable":true,"href":"https:\/\/www.europesays.com\/fi\/wp-json\/wp\/v2\/categories?post=121812"},{"taxonomy":"post_tag","embeddable":true,"href":"https:\/\/www.europesays.com\/fi\/wp-json\/wp\/v2\/tags?post=121812"}],"curies":[{"name":"wp","href":"https:\/\/api.w.org\/{rel}","templated":true}]}}