{"id":121814,"date":"2025-12-20T22:15:10","date_gmt":"2025-12-20T22:15:10","guid":{"rendered":"https:\/\/www.europesays.com\/fi\/121814\/"},"modified":"2025-12-20T22:15:10","modified_gmt":"2025-12-20T22:15:10","slug":"karmea-kuvaus-vanhuksen-kohtelusta-levisi-somessa-hyvinvointialue-pyytaa-anteeksi","status":"publish","type":"post","link":"https:\/\/www.europesays.com\/fi\/121814\/","title":{"rendered":"Karmea kuvaus vanhuksen kohtelusta levisi somessa: Hyvinvointialue pyyt\u00e4\u00e4 anteeksi"},"content":{"rendered":"<p>Hyvinvointialue jatkaa asian k\u00e4sittely\u00e4 virallisena sosiaalihuollon muistutuksena.<\/p>\n<p><img decoding=\"async\" class=\"image image-show image-preview\" src=\"https:\/\/www.europesays.com\/fi\/wp-content\/uploads\/2025\/12\/f69f532a599e1b42d5d63b84a0f52f2fb31e67d3a53e945fc2331c157c9711bd.jpg\" alt=\"\"\/><img decoding=\"async\" class=\"image image-show\" src=\"https:\/\/www.europesays.com\/fi\/wp-content\/uploads\/2025\/12\/1766268910_767_f69f532a599e1b42d5d63b84a0f52f2fb31e67d3a53e945fc2331c157c9711bd.jpg\" alt=\"\"\/><\/p>\n<p>Lapin hyvinvointialueella kuohuu. Kuvituskuva. OUTI J\u00c4RVINEN<\/p>\n<p class=\"paragraph\">Lapin hyvinvointialue <a href=\"https:\/\/www.facebook.com\/100076186488274\/posts\/pfbid02p81bXCiqemCmSzLucUCKiE94ADTfjkecXUDBEt7pN8EQ5i5dkfs1xwKYrAyxukSgl\/?app=fbl\" target=\"_blank\" rel=\"noopener nofollow\">kertoo Facebook-sivuillaan<\/a>, ett\u00e4 se selvitt\u00e4\u00e4 asiakkaan ep\u00e4asiallista kohtelua Tornion Karungissa sijaitsevassa hyvinvointialueen palvelukodissa.<\/p>\n<p class=\"paragraph\">Kyseisess\u00e4 palvelukodissa tarjotaan ik\u00e4\u00e4ntyneiden ymp\u00e4rivuorokautista palveluasumista.<\/p>\n<p class=\"paragraph\">Viikonvaihteessa sosiaalisessa mediassa kiersi saman palvelukodin asiakkaan omaisen kertomus. Laajalle levinnyt p\u00e4ivitys on ker\u00e4nnyt tuhansia reaktioita ja yli tuhat kommenttia.<\/p>\n<p class=\"paragraph\">Omainen kertoo todistaneensa muistisairaan \u00e4itins\u00e4 todella kovakouraista k\u00e4sittely\u00e4 ja hoidon laiminly\u00f6nti\u00e4 ikkunan takaa. H\u00e4n kuvailee, ett\u00e4 \u00e4iti saatettiin huoneeseen ja s\u00e4nkyyns\u00e4 kovakouraisesti.<\/p>\n<p class=\"paragraph\">Omainen kertoo p\u00e4ivityksess\u00e4\u00e4n palanneensa siskonsa kanssa palvelukotiin ja vaatineensa selityst\u00e4 n\u00e4kem\u00e4lleen.<\/p>\n<p class=\"paragraph\">H\u00e4n kuvailee, ett\u00e4 l\u00e4heisen kaltoinkohtelun n\u00e4keminen aiheutti j\u00e4rkytyst\u00e4 ja huolta.<\/p>\n<p class=\"paragraph\">\u2013 Eritt\u00e4in pahalta tuntui j\u00e4tt\u00e4\u00e4 t\u00e4ysin puolustuskyvyt\u00f6n \u00e4itimme sinne.<\/p>\n<p class=\"paragraph\">H\u00e4n mainitsee, ett\u00e4 my\u00f6hemmin hoitaja soitti h\u00e4nelle ja pyysi anteeksi l\u00e4heisen ep\u00e4asiallista kohtelua.<\/p>\n<p>Lapha: Ei vastaa arvoja<\/p>\n<p class=\"paragraph\">Hyvinvointialue kertoo Facebook-p\u00e4ivityksess\u00e4\u00e4n, ettei se voi kommentoida yksitt\u00e4ist\u00e4 tapausta tarkemmin yksityisyyden suojan vuoksi, mutta painottaa, ett\u00e4 ep\u00e4asiallinen kohtelu ei vastaa hyvinvointialueen arvoja.<\/p>\n<p class=\"paragraph\">Lapin hyvinvointialueen tiedotteen mukaan asiaa on jo alustavasti k\u00e4sitelty sek\u00e4 henkil\u00f6kunnan ett\u00e4 omaisten kanssa, ja hyvinvointialue jatkaa asian k\u00e4sittely\u00e4 virallisena sosiaalihuollon muistutuksena.<\/p>\n<p class=\"paragraph\">\u2013 Olemme yhdess\u00e4 yksik\u00f6n toiminnasta vastaavien kanssa k\u00e4yneet tapahtunutta l\u00e4pi. Pyyd\u00e4mme anteeksi ep\u00e4asiallista kohtelua, toteaa ik\u00e4\u00e4ntyneiden palvelujen johtaja <strong>Annukka Marjala<\/strong>.<\/p>\n<p class=\"paragraph\">Yksik\u00f6ss\u00e4 on Marjalan mukaan toteutettu aktiivisesti suunnitelman mukaista omavalvontaa.<\/p>\n<p class=\"paragraph\">Hyvinvointialueen valvontayksikk\u00f6 on tehnyt kyseiseen yksikk\u00f6\u00f6n tarkastusk\u00e4ynnin viimeksi lokakuussa 2025, tiedotteessa kerrotaan.<\/p>\n<p class=\"paragraph\">Tiedotteen mukaan toiminnan todettiin tuolloin olevan vaatimusten mukaista tilojen, henkil\u00f6mitoituksen ja toiminnan osalta.<\/p>\n","protected":false},"excerpt":{"rendered":"Hyvinvointialue jatkaa asian k\u00e4sittely\u00e4 virallisena sosiaalihuollon muistutuksena. Lapin hyvinvointialueella kuohuu. Kuvituskuva. OUTI J\u00c4RVINEN Lapin hyvinvointialue kertoo Facebook-sivuillaan, ett\u00e4&hellip;\n","protected":false},"author":2,"featured_media":121815,"comment_status":"","ping_status":"","sticky":false,"template":"","format":"standard","meta":{"footnotes":""},"categories":[12],"tags":[35,22,23,26,27,33,31,30,17,101,24,25,28,29,15,18,21,98,103,32,502,167,19,20,16],"class_list":{"0":"post-121814","1":"post","2":"type-post","3":"status-publish","4":"format-standard","5":"has-post-thumbnail","7":"category-suomi","8":"tag-24h","9":"tag-breaking-news","10":"tag-breakingnews","11":"tag-featured-news","12":"tag-featurednews","13":"tag-fi","14":"tag-finland","15":"tag-finnish","16":"tag-headlines","17":"tag-ihmissuhteet","18":"tag-latest-news","19":"tag-latestnews","20":"tag-main-news","21":"tag-mainnews","22":"tag-news","23":"tag-otsikot","24":"tag-paauutiset","25":"tag-perhe","26":"tag-sosiaalikysymykset","27":"tag-suomi","28":"tag-terveydenhoito","29":"tag-terveys","30":"tag-top-stories","31":"tag-topstories","32":"tag-uutiset"},"share_on_mastodon":{"url":"https:\/\/pubeurope.com\/@fi\/115754206985224935","error":""},"_links":{"self":[{"href":"https:\/\/www.europesays.com\/fi\/wp-json\/wp\/v2\/posts\/121814","targetHints":{"allow":["GET"]}}],"collection":[{"href":"https:\/\/www.europesays.com\/fi\/wp-json\/wp\/v2\/posts"}],"about":[{"href":"https:\/\/www.europesays.com\/fi\/wp-json\/wp\/v2\/types\/post"}],"author":[{"embeddable":true,"href":"https:\/\/www.europesays.com\/fi\/wp-json\/wp\/v2\/users\/2"}],"replies":[{"embeddable":true,"href":"https:\/\/www.europesays.com\/fi\/wp-json\/wp\/v2\/comments?post=121814"}],"version-history":[{"count":0,"href":"https:\/\/www.europesays.com\/fi\/wp-json\/wp\/v2\/posts\/121814\/revisions"}],"wp:featuredmedia":[{"embeddable":true,"href":"https:\/\/www.europesays.com\/fi\/wp-json\/wp\/v2\/media\/121815"}],"wp:attachment":[{"href":"https:\/\/www.europesays.com\/fi\/wp-json\/wp\/v2\/media?parent=121814"}],"wp:term":[{"taxonomy":"category","embeddable":true,"href":"https:\/\/www.europesays.com\/fi\/wp-json\/wp\/v2\/categories?post=121814"},{"taxonomy":"post_tag","embeddable":true,"href":"https:\/\/www.europesays.com\/fi\/wp-json\/wp\/v2\/tags?post=121814"}],"curies":[{"name":"wp","href":"https:\/\/api.w.org\/{rel}","templated":true}]}}