{"id":121818,"date":"2025-12-20T22:28:09","date_gmt":"2025-12-20T22:28:09","guid":{"rendered":"https:\/\/www.europesays.com\/fi\/121818\/"},"modified":"2025-12-20T22:28:09","modified_gmt":"2025-12-20T22:28:09","slug":"eino-gron-86-viettaa-joulua-etelan-lammossa-matkat-ovat-tietenkin-rasittavia","status":"publish","type":"post","link":"https:\/\/www.europesays.com\/fi\/121818\/","title":{"rendered":"Eino Gr\u00f6n, 86, viett\u00e4\u00e4 joulua etel\u00e4n l\u00e4mm\u00f6ss\u00e4: \u201dMatkat ovat tietenkin rasittavia\u201d"},"content":{"rendered":"<p>Iskelm\u00e4t\u00e4hti Eino Gr\u00f6n, 86, suuntaa jouluksi etel\u00e4\u00e4n.<\/p>\n<p><img decoding=\"async\" class=\"image image-show image-preview\" src=\"https:\/\/www.europesays.com\/fi\/wp-content\/uploads\/2025\/12\/6bc7f470e74db474036205776f4764c0d6eefb5ed7625b65e0d8db9388b94d39.jpg\" alt=\"\"\/><img decoding=\"async\" class=\"image image-show\" src=\"https:\/\/www.europesays.com\/fi\/wp-content\/uploads\/2025\/12\/1766269689_193_6bc7f470e74db474036205776f4764c0d6eefb5ed7625b65e0d8db9388b94d39.jpg\" alt=\"\"\/><\/p>\n<p>Eino Gr\u00f6n viett\u00e4\u00e4 joulun, uudenvuoden ja syntym\u00e4p\u00e4iv\u00e4ns\u00e4 etel\u00e4ss\u00e4. Inka Soveri<\/p>\n<p class=\"paragraph\">Iskelm\u00e4laulaja <strong>Eino Gr\u00f6n<\/strong>, 86, aikoo viett\u00e4\u00e4 tulevan joulun aurinkorannikolla. H\u00e4n lent\u00e4\u00e4 joulukuun puolessa v\u00e4liss\u00e4 pariksi viikoksi Espanjaan Alicanten seudulle, jossa aloittaa lomansa Torreviejassa.<\/p>\n<p class=\"paragraph\">Sielt\u00e4 legenda suuntaa Fuengirolaan, jossa aikoo esiinty\u00e4 paikallisille espanjansuomalaisille. Ei t\u00e4ss\u00e4 suinkaan viel\u00e4 kaikki, vaan Gr\u00f6n pyyhk\u00e4isee viel\u00e4 huipennukseksi Floridaan, jossa oleilee tammikuun.<\/p>\n<p class=\"paragraph\">\u2013 Viet\u00e4n siell\u00e4 87-vuotissyntym\u00e4p\u00e4ivi\u00e4ni. Matkat ovat tietenkin yleens\u00e4 rasittavia, varsinkin tuo Atlantin ylitys, mutta kyll\u00e4 siihen osaa asennoitua, Gr\u00f6n rupattelee.<\/p>\n<p class=\"paragraph\">Ennen ansaittua lomaa laulaja kiert\u00e4\u00e4 tekem\u00e4ss\u00e4 kymmenisen joulukonserttia eri puolilla Suomea.<\/p>\n<p class=\"paragraph\">\u2013 Niill\u00e4 tulee aina lapsuusajan joulut mieleen, h\u00e4n sanoo.<\/p>\n<p class=\"paragraph\">Gr\u00f6nin henkil\u00f6kohtaiset joululaulusuosikit ovat En etsi valtaa loistoa ja Minun jouluni, jotka h\u00e4n on my\u00f6s aikanaan levytt\u00e4nyt.<\/p>\n<p class=\"paragraph\">Ainoa pieni miinus etel\u00e4ss\u00e4 vietetyss\u00e4 joulussa on se, ett\u00e4 jouluateriassa t\u00e4ytyy pikkuisen joustaa.<\/p>\n<p class=\"paragraph\">\u2013 Olen mieliss\u00e4ni jos saan lipe\u00e4kalaa. Ja siihen hyv\u00e4 valkokastike, ai ai, h\u00e4n hekumoi.<\/p>\n<p class=\"paragraph\">Fuengirolassa joulup\u00f6yt\u00e4 saattaa olla erilainen, mutta Gr\u00f6n on siihen valmistautunut.<\/p>\n<p class=\"paragraph\">\u2013 Luulen, ett\u00e4 siell\u00e4 on perinneruokaloita, koska suomalaisia asuu alueella aika paljon. Sielt\u00e4 voi saada porkkana- ja lanttulaatikkoakin, h\u00e4n arvelee.<\/p>\n<p>Joulu kultaisin<\/p>\n<p class=\"paragraph\">Joulut ovat Eino Gr\u00f6nin mukaan muuttuneet paljon ik\u00e4\u00e4ntymisen my\u00f6t\u00e4. H\u00e4n j\u00e4i leskeksi vuonna 2024, kun <strong>Marjatta<\/strong>-vaimo kuoli sairastettuaan pitk\u00e4\u00e4n Alzheimerin tautia.<\/p>\n<p class=\"paragraph\">\u2013 T\u00e4n\u00e4 vuonna olen harjoitellut olemaan yksin. Se on ollut aaltoliikett\u00e4. V\u00e4lill\u00e4 on suru p\u00e4\u00e4ll\u00e4, sitten ryhdist\u00e4ydyn ja taas menn\u00e4\u00e4n eteenp\u00e4in, Gr\u00f6n kuvailee.<\/p>\n<p class=\"paragraph\">H\u00e4n sanoo ty\u00f6n olevan iso voimavara, joka tasoittaa kaipuun tunteita. Gr\u00f6n toteaa, ett\u00e4 aiemmin joulutkin olivat perhekeskeisempi\u00e4.<\/p>\n<p class=\"paragraph\">\u2013 Nyky\u00e4\u00e4n perhe on v\u00e4h\u00e4n supistunut. Kun oma poikani oli pieni, oli mukava seurata h\u00e4nt\u00e4 aattoiltana. Joulupukki tuli, ja alahuuli v\u00e4h\u00e4n v\u00e4risikin h\u00e4nell\u00e4, kun piti sanoa terve pukille, h\u00e4n naurahtaa.<\/p>\n<p class=\"paragraph\">\u2013 Ne olivat hienoja el\u00e4myksi\u00e4.<\/p>\n<p>Eino Gr\u00f6n muistelee l\u00e4mm\u00f6ll\u00e4 perhejouluja vuosien takaa, jolloin oma poika oli pieni. Inka Soveri<\/p>\n<p class=\"paragraph\">T\u00e4n\u00e4 jouluna h\u00e4nen aikuinen poikansa viett\u00e4\u00e4 joulua oman perheens\u00e4 kanssa.<\/p>\n<p class=\"paragraph\">\u2013 Keskityt\u00e4\u00e4n sitten ensi jouluna yhteiseen kivaan, h\u00e4n tokaisee ja sanoo menev\u00e4ns\u00e4 nauttimaan auringosta.<\/p>\n<p class=\"paragraph\">Laulaja toivoo ensi vuodelta eniten sit\u00e4, ett\u00e4 h\u00e4n saisi el\u00e4\u00e4 terveen\u00e4.<\/p>\n<p class=\"paragraph\">\u2013 Jos saan olla terve, niin kyll\u00e4 se oma ohjelma on aika selke\u00e4. Silloin el\u00e4m\u00e4\u00e4ni liittyy kuntoilu aika vahvasti, h\u00e4n suunnittelee.<\/p>\n<p class=\"paragraph\">Energiaa kansan suosikilla riitt\u00e4\u00e4, mutta h\u00e4n tiedostaa korkean ik\u00e4ns\u00e4 realiteetit. Gr\u00f6n sanoo ymm\u00e4rt\u00e4v\u00e4ns\u00e4, ett\u00e4 jossain kohtaa laulamisellekin tulee piste.<\/p>\n<p class=\"paragraph\">\u2013 Varmasti se on edess\u00e4, mutta toistaiseksi kuitenkin viel\u00e4 keikkailen.<\/p>\n<p class=\"paragraph\">Yleis\u00f6\u00e4 kohdatessa syd\u00e4nalaan tulee sama l\u00e4mmin tunne kuin aina.<\/p>\n","protected":false},"excerpt":{"rendered":"Iskelm\u00e4t\u00e4hti Eino Gr\u00f6n, 86, suuntaa jouluksi etel\u00e4\u00e4n. Eino Gr\u00f6n viett\u00e4\u00e4 joulun, uudenvuoden ja syntym\u00e4p\u00e4iv\u00e4ns\u00e4 etel\u00e4ss\u00e4. Inka Soveri Iskelm\u00e4laulaja&hellip;\n","protected":false},"author":2,"featured_media":121819,"comment_status":"","ping_status":"","sticky":false,"template":"","format":"standard","meta":{"footnotes":""},"categories":[136],"tags":[35,138,407,137,33,31,30,408,525,47,141,742,32,109],"class_list":{"0":"post-121818","1":"post","2":"type-post","3":"status-publish","4":"format-standard","5":"has-post-thumbnail","7":"category-julkkikset","8":"tag-24h","9":"tag-audio","10":"tag-celebrities","11":"tag-entertainment","12":"tag-fi","13":"tag-finland","14":"tag-finnish","15":"tag-julkkikset","16":"tag-laulaminen-ja-laulajat","17":"tag-musiikki","18":"tag-muusikot-bandit","19":"tag-suomalainen-musiikki","20":"tag-suomi","21":"tag-viihde"},"share_on_mastodon":{"url":"https:\/\/pubeurope.com\/@fi\/115754258302331638","error":""},"_links":{"self":[{"href":"https:\/\/www.europesays.com\/fi\/wp-json\/wp\/v2\/posts\/121818","targetHints":{"allow":["GET"]}}],"collection":[{"href":"https:\/\/www.europesays.com\/fi\/wp-json\/wp\/v2\/posts"}],"about":[{"href":"https:\/\/www.europesays.com\/fi\/wp-json\/wp\/v2\/types\/post"}],"author":[{"embeddable":true,"href":"https:\/\/www.europesays.com\/fi\/wp-json\/wp\/v2\/users\/2"}],"replies":[{"embeddable":true,"href":"https:\/\/www.europesays.com\/fi\/wp-json\/wp\/v2\/comments?post=121818"}],"version-history":[{"count":0,"href":"https:\/\/www.europesays.com\/fi\/wp-json\/wp\/v2\/posts\/121818\/revisions"}],"wp:featuredmedia":[{"embeddable":true,"href":"https:\/\/www.europesays.com\/fi\/wp-json\/wp\/v2\/media\/121819"}],"wp:attachment":[{"href":"https:\/\/www.europesays.com\/fi\/wp-json\/wp\/v2\/media?parent=121818"}],"wp:term":[{"taxonomy":"category","embeddable":true,"href":"https:\/\/www.europesays.com\/fi\/wp-json\/wp\/v2\/categories?post=121818"},{"taxonomy":"post_tag","embeddable":true,"href":"https:\/\/www.europesays.com\/fi\/wp-json\/wp\/v2\/tags?post=121818"}],"curies":[{"name":"wp","href":"https:\/\/api.w.org\/{rel}","templated":true}]}}