{"id":121826,"date":"2025-12-20T22:40:08","date_gmt":"2025-12-20T22:40:08","guid":{"rendered":"https:\/\/www.europesays.com\/fi\/121826\/"},"modified":"2025-12-20T22:40:08","modified_gmt":"2025-12-20T22:40:08","slug":"yhdysvallat-kaappasi-taas-oljytankkerin","status":"publish","type":"post","link":"https:\/\/www.europesays.com\/fi\/121826\/","title":{"rendered":"Yhdysvallat kaappasi taas \u00f6ljytankkerin"},"content":{"rendered":"<p>Yhdysvaltain rannikkovartiosto valtasi venezuelalaista \u00f6ljy\u00e4 kuljettavan tankkerin.<\/p>\n<p><img decoding=\"async\" class=\"image image-show image-preview\" src=\"https:\/\/www.europesays.com\/fi\/wp-content\/uploads\/2025\/12\/f8e5793e6d0effac5ff6476f333bd787a863e51534978a09aa7a8c0b1ddc3324.jpg\" alt=\"\"\/><img decoding=\"async\" class=\"image image-show\" src=\"https:\/\/www.europesays.com\/fi\/wp-content\/uploads\/2025\/12\/1766270408_904_f8e5793e6d0effac5ff6476f333bd787a863e51534978a09aa7a8c0b1ddc3324.jpg\" alt=\"\"\/><\/p>\n<p>Yhdysvallat koventaa Venezuelaan kohdistuvia otteita. Kuvituskuva. AOP<\/p>\n<p class=\"paragraph\">Yhdysvaltain rannikkovartiosto valtasi tankkerin my\u00f6h\u00e4\u00e4n perjantaiy\u00f6ll\u00e4 tai varhain lauantaina, <a href=\"https:\/\/www.nytimes.com\/2025\/12\/20\/us\/politics\/us-coast-guard-venezuela-oil-tanker.html\" rel=\"noopener nofollow\" target=\"_blank\">The New York Times<\/a> raportoi. Operaatio tapahtui kansainv\u00e4lisill\u00e4 vesill\u00e4 ja siihen osallistui my\u00f6s maan armeija, kertoo <a href=\"https:\/\/edition.cnn.com\/2025\/12\/20\/politics\/venezuela-vessel-us-seize\" rel=\"noopener nofollow\" target=\"_blank\">CNN<\/a>.<\/p>\n<p class=\"paragraph\">\u00d6ljytankkeri seilasi Panaman lipun alla.<\/p>\n<p class=\"paragraph\">Lehti on saanut tiedon nimett\u00f6m\u00e4lt\u00e4 yhdysvaltalaiselta virkamiehelt\u00e4 ja kahdelta \u00f6ljyalalla ty\u00f6skentelev\u00e4lt\u00e4 venezuelalaisl\u00e4hteelt\u00e4.<\/p>\n<p class=\"paragraph\">Yhdysvaltalaislehtien mukaan kyseess\u00e4 on jo toinen \u00f6ljyaluksen valtaus t\u00e4ss\u00e4 kuussa, jolla Yhdysvallat pyrkii koventamaan Venezuelan hallitukseen kohdistuvaa painetta.<\/p>\n<p class=\"paragraph\">Yhdysvaltain presidentti Donald Trump ilmoitti viikko sitten pakotteiden alla olevien \u00f6ljytankkereiden <a href=\"https:\/\/www.iltalehti.fi\/ulkomaat\/f43b3b7e-eaa3-41ec-8f38-b9d3ccc5d199\" rel=\"nofollow noopener\" target=\"_blank\">\u201dsaarrosta\u201d<\/a>.<\/p>\n<p class=\"paragraph\">Venezuelassa on runsaat \u00f6ljyvarannot. Merkitt\u00e4vin venezuelalaisen raaka\u00f6ljyn ostaja on Kiina, kertoo Reuters. Maa on tuominnut Yhdysvaltain toimet kutsuen saartoa \u201dholtittomaksi\u201d ja \u201dvakavaksi uhaksi\u201d, CNN kirjoittaa.<\/p>\n<p class=\"paragraph\">\u2013 Yhdysvallat jatkaa pakotteiden alla olevan laittoman \u00f6ljyn tutkimista, jota k\u00e4ytet\u00e4\u00e4n huumeterrorin rahoittamiseen alueella, kirjoitti Yhdysvaltain kotimaan turvallisuuden ministeri <a href=\"https:\/\/www.iltalehti.fi\/henkilot\/Kristi Noem\" class=\"article-link-person-page\" rel=\"nofollow noopener\" target=\"_blank\">Kristi Noem<\/a> aiemmin <a href=\"https:\/\/x.com\/Sec_Noem\/status\/2002481990755627050\" rel=\"noopener nofollow\">viestipalvelu X:ss\u00e4<\/a>.<\/p>\n<p class=\"paragraph\">Viranomaisl\u00e4hteen mukaan lauantaina vallattu tankkeri ei kuitenkaan ole ollut pakotteiden piiriss\u00e4.<\/p>\n<p class=\"paragraph\">Yhdysvaltalaisten oikeusministeri\u00f6n virkamiesl\u00e4hteiden mukaan Yhdysvallat on puuttumassa \u00f6ljyn salakuljetukseen laajemmin, <a href=\"https:\/\/www.wsj.com\/world\/americas\/u-s-seizes-second-oil-tanker-near-venezuela-386def53\" rel=\"noopener nofollow\" target=\"_blank\">Wall Street Journal<\/a> kirjoittaa. Pakotteiden piiriss\u00e4 olevien alusten lis\u00e4ksi Yhdysvallat valmistelee pid\u00e4tysm\u00e4\u00e4r\u00e4yksi\u00e4 muidenkin alusten haltuunottoa varten.<\/p>\n","protected":false},"excerpt":{"rendered":"Yhdysvaltain rannikkovartiosto valtasi venezuelalaista \u00f6ljy\u00e4 kuljettavan tankkerin. Yhdysvallat koventaa Venezuelaan kohdistuvia otteita. Kuvituskuva. AOP Yhdysvaltain rannikkovartiosto valtasi tankkerin&hellip;\n","protected":false},"author":2,"featured_media":121827,"comment_status":"","ping_status":"","sticky":false,"template":"","format":"standard","meta":{"footnotes":""},"categories":[14],"tags":[35,722,22,23,26,27,33,31,30,17,24,25,121,28,29,15,18,21,637,32,19,20,56,16,2569,2568,59,60,61],"class_list":{"0":"post-121826","1":"post","2":"type-post","3":"status-publish","4":"format-standard","5":"has-post-thumbnail","7":"category-ulkomaat","8":"tag-24h","9":"tag-amerikka","10":"tag-breaking-news","11":"tag-breakingnews","12":"tag-featured-news","13":"tag-featurednews","14":"tag-fi","15":"tag-finland","16":"tag-finnish","17":"tag-headlines","18":"tag-latest-news","19":"tag-latestnews","20":"tag-liikenne-ja-kuljetus","21":"tag-main-news","22":"tag-mainnews","23":"tag-news","24":"tag-otsikot","25":"tag-paauutiset","26":"tag-politiikka","27":"tag-suomi","28":"tag-top-stories","29":"tag-topstories","30":"tag-ulkomaat","31":"tag-uutiset","32":"tag-vesikulkuneuvot","33":"tag-vesiliikenne","34":"tag-world","35":"tag-world-news","36":"tag-worldnews"},"share_on_mastodon":{"url":"https:\/\/pubeurope.com\/@fi\/115754305339823648","error":""},"_links":{"self":[{"href":"https:\/\/www.europesays.com\/fi\/wp-json\/wp\/v2\/posts\/121826","targetHints":{"allow":["GET"]}}],"collection":[{"href":"https:\/\/www.europesays.com\/fi\/wp-json\/wp\/v2\/posts"}],"about":[{"href":"https:\/\/www.europesays.com\/fi\/wp-json\/wp\/v2\/types\/post"}],"author":[{"embeddable":true,"href":"https:\/\/www.europesays.com\/fi\/wp-json\/wp\/v2\/users\/2"}],"replies":[{"embeddable":true,"href":"https:\/\/www.europesays.com\/fi\/wp-json\/wp\/v2\/comments?post=121826"}],"version-history":[{"count":0,"href":"https:\/\/www.europesays.com\/fi\/wp-json\/wp\/v2\/posts\/121826\/revisions"}],"wp:featuredmedia":[{"embeddable":true,"href":"https:\/\/www.europesays.com\/fi\/wp-json\/wp\/v2\/media\/121827"}],"wp:attachment":[{"href":"https:\/\/www.europesays.com\/fi\/wp-json\/wp\/v2\/media?parent=121826"}],"wp:term":[{"taxonomy":"category","embeddable":true,"href":"https:\/\/www.europesays.com\/fi\/wp-json\/wp\/v2\/categories?post=121826"},{"taxonomy":"post_tag","embeddable":true,"href":"https:\/\/www.europesays.com\/fi\/wp-json\/wp\/v2\/tags?post=121826"}],"curies":[{"name":"wp","href":"https:\/\/api.w.org\/{rel}","templated":true}]}}