{"id":121830,"date":"2025-12-20T22:42:10","date_gmt":"2025-12-20T22:42:10","guid":{"rendered":"https:\/\/www.europesays.com\/fi\/121830\/"},"modified":"2025-12-20T22:42:10","modified_gmt":"2025-12-20T22:42:10","slug":"ilkka-herolalle-harskia-kohtelua-yhdistetyn-voittotaistossa-turhautui-itavaltalaisen-loysailyyn-urheilua-lyhyesti","status":"publish","type":"post","link":"https:\/\/www.europesays.com\/fi\/121830\/","title":{"rendered":"Ilkka Herolalle h\u00e4rski\u00e4 kohtelua yhdistetyn voittotaistossa \u2013 turhautui it\u00e4valtalaisen l\u00f6ys\u00e4ilyyn | Urheilua lyhyesti"},"content":{"rendered":"<p class=\"aw-1gybjub aw-5vja16 kEtdKx kmuxyA yle__article__paragraph\">Ilkka Herolalle tarjoiltiin j\u00e4lleen huippu\u00adsijoitusta. It\u00e4valtalaisten joukkue\u00adtaktiikka yll\u00e4tti turhautuneen suomalaisen.<\/p>\n<p><img decoding=\"async\" alt=\"Ilkka Herola oli viides Ramsaussa.\" src=\"https:\/\/www.europesays.com\/fi\/wp-content\/uploads\/2025\/12\/39-1572774694552b3cc28e.jpeg\" class=\"aw-1l9m598 hKVVvP\"\/><\/p>\n<p>Avaa kuvien katselu<\/p>\n<p>Ikkka Herolalla riitti ep\u00e4onnea Ramsaussa. Kuva: EPA<\/p>\n<p class=\"aw-1gybjub aw-1p7kakr kEtdKx cEmitX yle__article__paragraph\"><strong class=\"aw-ak79eh KyCXm yle__article__strong\">Ilkka Herola<\/strong> oli Ramsaun viimeisen\u00e4 kisap\u00e4iv\u00e4n\u00e4 voittotaistossa perjantain tapaan. Eilen yhdistetyn yhteisl\u00e4ht\u00f6kisassa Herola oli hiihto-osuuden j\u00e4lkeen kolmantena, mutta lopahti itselleen hieman vaisummalla m\u00e4kisuorituksella viidenneksi.<\/p>\n<p class=\"aw-1gybjub aw-1p7kakr kEtdKx cEmitX yle__article__paragraph\">Lauantaina h\u00e4n onnistui m\u00e4ess\u00e4, mink\u00e4 my\u00f6t\u00e4 l\u00e4ht\u00f6paikka ladulle oli toisena minuutin it\u00e4valtalaisen <strong class=\"aw-ak79eh KyCXm yle__article__strong\">Thomas Retteneggerin<\/strong> per\u00e4\u00e4n. Hiihto-osuus tuotti kuitenkin pulmia, jotka aiheutti tarkemmin sanottuna It\u00e4vallan <strong class=\"aw-ak79eh KyCXm yle__article__strong\">Johannes Lamparter<\/strong>.<\/p>\n<p class=\"aw-1gybjub aw-1p7kakr kEtdKx cEmitX yle__article__paragraph\">Herolan kanssa samoihin aikoihin matkaan l\u00e4htenyt Lamparter ei suomalaisen yll\u00e4tykseksi halunnut l\u00e4hte\u00e4 jahtaamaan ykk\u00f6spaikalla ollutta maanmiest\u00e4\u00e4n. Herola oli h\u00e4keltynyt.<\/p>\n<p class=\"aw-1gybjub aw-1p7kakr kEtdKx cEmitX yle__article__paragraph\">\u2013 T\u00e4m\u00e4 meni taas siihen, pit\u00e4isik\u00f6 itke\u00e4 vai nauraa -kategoriaan. Taktiikkana oli tietysti l\u00e4hte\u00e4 reippaasti jahtaamaan ykk\u00f6spaikkaa, ja ajattelin, ett\u00e4 t\u00e4m\u00e4 Lamparter voisi siin\u00e4 jeesata. H\u00e4n ilmoittikin, ett\u00e4 h\u00e4n ei saa vet\u00e4\u00e4, koska maanmies on keulassa.<\/p>\n<p class=\"aw-1gybjub aw-1p7kakr kEtdKx cEmitX yle__article__paragraph\">\u2013 Tuohon k\u00e4yt\u00e4nn\u00f6ss\u00e4 meni oma kisani. Olisin tarvinnut nimenomaan jeesi\u00e4 siihen, ett\u00e4 letka olisi pysynyt takana, mutta siihen tuli sitten suhteellisen tuore nippu seuraksi, Herola tuhahtaa.<\/p>\n<p class=\"aw-1gybjub aw-1p7kakr kEtdKx cEmitX yle__article__paragraph\">Muutaman takaa-ajajan porukka otti kaksikon kiinni. Lamparter kiri lopulta kolmanneksi, kun Herola j\u00e4i vasta seitsem\u00e4nneksi. Voittoon puristi Saksan <strong class=\"aw-ak79eh KyCXm yle__article__strong\">Vinzenz Geiger<\/strong> ennen Norjan <strong class=\"aw-ak79eh KyCXm yle__article__strong\">Jens Lur\u00e5s Oftebrota<\/strong>.<\/p>\n<p class=\"aw-1gybjub aw-1p7kakr kEtdKx cEmitX yle__article__paragraph\">Hieman ep\u00e4onnisella suomalaisella oli h\u00e4ikk\u00e4\u00e4 my\u00f6s lopussa.<\/p>\n<p class=\"aw-1gybjub aw-1p7kakr kEtdKx cEmitX yle__article__paragraph\">\u2013 Loppuratkaisussa sukset vetiv\u00e4t ristiin <strong class=\"aw-ak79eh KyCXm yle__article__strong\">Rydzekin<\/strong> (<strong class=\"aw-ak79eh KyCXm yle__article__strong\">Johannes<\/strong>) kanssa. Erilaisin syin jokainen kisa on mennyt munille.<\/p>\n<p class=\"aw-1gybjub aw-1p7kakr kEtdKx cEmitX yle__article__paragraph\">Vaikka m\u00e4kisuoritus oli hyv\u00e4, siin\u00e4kin j\u00e4i hampaankoloon.<\/p>\n<p class=\"aw-1gybjub aw-1p7kakr kEtdKx cEmitX yle__article__paragraph\">\u2013 Siin\u00e4k\u00e4\u00e4n ei k\u00e4ynyt flaksi, t\u00e4ll\u00e4k\u00e4\u00e4n kertaa. Taisi olla huonoin tuulirako, Herola harmitteli m\u00e4kisuoritustaankin.<\/p>\n<p><img decoding=\"async\" alt=\"Johannes Lamparter ei auttanut Herolaa.\" src=\"https:\/\/www.europesays.com\/fi\/wp-content\/uploads\/2025\/12\/39-15730756946d7d6cc7fd.jpeg\" loading=\"lazy\" class=\"aw-1l9m598 hKVVvP\"\/><\/p>\n<p>Avaa kuvien katselu<\/p>\n<p>Johannes Lamparteria ei kiinnostanut ajaa Thomas Retteneggeri\u00e4 kiinni. Kuva: EPA\u201dLatistava tunnelma\u201d<\/p>\n<p class=\"aw-1gybjub aw-1p7kakr kEtdKx cEmitX yle__article__paragraph\">Lamparterin joukkuetaktiikka oli h\u00e4mment\u00e4v\u00e4, sill\u00e4 niin h\u00e4n kuin Thomas Rettenegger kamppailevat maailmancupin kokonaiskisan k\u00e4rkipaikoista. Muutenkin yhdistetyn kaltaisessa pieness\u00e4 lajissa n\u00e4hd\u00e4\u00e4n harvemmin formuloistakin tuttua tallipeli\u00e4, sill\u00e4 maanmiehet ovat usein toistensa kovimpia vastustajia.<\/p>\n<p class=\"aw-1gybjub aw-1p7kakr kEtdKx cEmitX yle__article__paragraph\">Herola sanoo, ettei Lamparterin taktiikassa ollut kunnolla logiikkaa. Rettenegger oli nelj\u00e4s.<\/p>\n<p class=\"aw-1gybjub aw-1p7kakr kEtdKx cEmitX yle__article__paragraph\">\u2013 Nelossijan h\u00e4n (Lamparter) tarjosi lopulta Retteneggerille. Se olisi ollut meid\u00e4n kaikkien kolmen lopputuloksen kannalta paras, jos oltaisiin p\u00e4\u00e4sty kolmistaan vet\u00e4m\u00e4\u00e4n sill\u00e4 viimeisell\u00e4 kiekalla.<\/p>\n<p class=\"aw-1gybjub aw-1p7kakr kEtdKx cEmitX yle__article__paragraph\">Herola ja Lamparter olivat kaksistaan parhaimmillaan 40 sekunnin p\u00e4\u00e4ss\u00e4 Retteneggerist\u00e4. Suomalainen ajatteli, ett\u00e4 sellaisen etumatkan voi ajaa kiinni.<\/p>\n<p class=\"aw-1gybjub aw-1p7kakr kEtdKx cEmitX yle__article__paragraph\">Herolan mukaan h\u00e4n saattoi sortua arviointivirheeseen.<\/p>\n<p class=\"aw-1gybjub aw-1p7kakr kEtdKx cEmitX yle__article__paragraph\">\u2013 Olisi tuo ehk\u00e4 pit\u00e4nyt aavistaa. Jollakin meist\u00e4 (Suomen maajoukkue) tuo olisi pit\u00e4nyt olla tiedossa, mutta oletin, ett\u00e4 40 sekunnin eron kurominen on viel\u00e4 teht\u00e4viss\u00e4.<\/p>\n<p class=\"aw-1gybjub aw-1p7kakr kEtdKx cEmitX yle__article__paragraph\">My\u00f6s Herolan menohalut loppuivat.<\/p>\n<p class=\"aw-1gybjub aw-1p7kakr kEtdKx cEmitX yle__article__paragraph\">\u2013 Siin\u00e4 oli aika latistava tunnelma. En\u00e4\u00e4 ei ollut kyse yksil\u00f6kilpailusta, vaan tuli vain fiilis, ett\u00e4 minut yritet\u00e4\u00e4n pelata t\u00e4st\u00e4 pois. Pit\u00e4isik\u00f6 laittaa aasinhattu p\u00e4\u00e4h\u00e4n vai mit\u00e4?<\/p>\n<p><img decoding=\"async\" alt=\"Ilkka Herola yhdistetyn maailmancupissa.\" src=\"https:\/\/www.europesays.com\/fi\/wp-content\/uploads\/2025\/12\/39-15730806946d82d55a13.jpeg\" loading=\"lazy\" class=\"aw-1l9m598 hKVVvP\"\/><\/p>\n<p>Avaa kuvien katselu<\/p>\n<p>Ilkka Herolan alkukausi on ollut hyv\u00e4. Kuva: Getty ImagesLupaava alkukausi<\/p>\n<p class=\"aw-1gybjub aw-1p7kakr kEtdKx cEmitX yle__article__paragraph\">Seitsem\u00e4s sija oli Herolan heikoin tulos kauden kuudessa ensimm\u00e4isess\u00e4 kisassa. Kokeneelle suomalaiselle alkukausi on joka tapauksessa uran paras.<\/p>\n<p class=\"aw-1gybjub aw-1p7kakr kEtdKx cEmitX yle__article__paragraph\">Vaikka h\u00e4n on ollut viidesti viiden joukossa, miehelle itselleen alkukaudesta on j\u00e4\u00e4nyt pettymyksen maku.<\/p>\n<p class=\"aw-1gybjub aw-1p7kakr kEtdKx cEmitX yle__article__paragraph\">\u2013 Tuloksellisesti olen ollut el\u00e4m\u00e4ni parhaassa kunnossa. Etenkin hypp\u00e4\u00e4misen kanssa on ihan eri meininki, eik\u00e4 hiiht\u00e4misess\u00e4k\u00e4\u00e4n sin\u00e4ns\u00e4 valittamista ole. Omaan kuntoon n\u00e4hden tulokset ovat menneet radikaalisti alakanttiin, Herola soimaa.<\/p>\n<p class=\"aw-1gybjub aw-1p7kakr kEtdKx cEmitX yle__article__paragraph\">Vaikka suomalainen tuntuu l\u00e4htev\u00e4n joulutauon viettoon huonoin fiiliksin, omiin kykyihin riitt\u00e4\u00e4 silti luottoa.<\/p>\n<p class=\"aw-1gybjub aw-1p7kakr kEtdKx cEmitX yle__article__paragraph\">\u2013 T\u00e4st\u00e4 on hyv\u00e4 l\u00e4hte\u00e4 jatkamaan. Kaikki palikat ovat sin\u00e4ns\u00e4 kohdillaan. Ei tarvitse kehitell\u00e4 mit\u00e4\u00e4n ihmeellist\u00e4, Herola viittaa loppukauteen.<\/p>\n","protected":false},"excerpt":{"rendered":"Ilkka Herolalle tarjoiltiin j\u00e4lleen huippu\u00adsijoitusta. It\u00e4valtalaisten joukkue\u00adtaktiikka yll\u00e4tti turhautuneen suomalaisen. Avaa kuvien katselu Ikkka Herolalla riitti ep\u00e4onnea Ramsaussa.&hellip;\n","protected":false},"author":2,"featured_media":121831,"comment_status":"","ping_status":"","sticky":false,"template":"","format":"standard","meta":{"footnotes":""},"categories":[5],"tags":[22,23,26,27,33,31,30,17,12271,21903,24,25,28,29,15,18,21,32,19,20,160,16,5587,20463],"class_list":{"0":"post-121830","1":"post","2":"type-post","3":"status-publish","4":"format-standard","5":"has-post-thumbnail","7":"category-otsikot","8":"tag-breaking-news","9":"tag-breakingnews","10":"tag-featured-news","11":"tag-featurednews","12":"tag-fi","13":"tag-finland","14":"tag-finnish","15":"tag-headlines","16":"tag-ilkka-herola","17":"tag-johannes-lamparter","18":"tag-latest-news","19":"tag-latestnews","20":"tag-main-news","21":"tag-mainnews","22":"tag-news","23":"tag-otsikot","24":"tag-paauutiset","25":"tag-suomi","26":"tag-top-stories","27":"tag-topstories","28":"tag-urheilu","29":"tag-uutiset","30":"tag-yhdistetty","31":"tag-yhdistetyn-maailmancup"},"share_on_mastodon":{"url":"https:\/\/pubeurope.com\/@fi\/115754312912523593","error":""},"_links":{"self":[{"href":"https:\/\/www.europesays.com\/fi\/wp-json\/wp\/v2\/posts\/121830","targetHints":{"allow":["GET"]}}],"collection":[{"href":"https:\/\/www.europesays.com\/fi\/wp-json\/wp\/v2\/posts"}],"about":[{"href":"https:\/\/www.europesays.com\/fi\/wp-json\/wp\/v2\/types\/post"}],"author":[{"embeddable":true,"href":"https:\/\/www.europesays.com\/fi\/wp-json\/wp\/v2\/users\/2"}],"replies":[{"embeddable":true,"href":"https:\/\/www.europesays.com\/fi\/wp-json\/wp\/v2\/comments?post=121830"}],"version-history":[{"count":0,"href":"https:\/\/www.europesays.com\/fi\/wp-json\/wp\/v2\/posts\/121830\/revisions"}],"wp:featuredmedia":[{"embeddable":true,"href":"https:\/\/www.europesays.com\/fi\/wp-json\/wp\/v2\/media\/121831"}],"wp:attachment":[{"href":"https:\/\/www.europesays.com\/fi\/wp-json\/wp\/v2\/media?parent=121830"}],"wp:term":[{"taxonomy":"category","embeddable":true,"href":"https:\/\/www.europesays.com\/fi\/wp-json\/wp\/v2\/categories?post=121830"},{"taxonomy":"post_tag","embeddable":true,"href":"https:\/\/www.europesays.com\/fi\/wp-json\/wp\/v2\/tags?post=121830"}],"curies":[{"name":"wp","href":"https:\/\/api.w.org\/{rel}","templated":true}]}}