{"id":121837,"date":"2025-12-20T23:05:29","date_gmt":"2025-12-20T23:05:29","guid":{"rendered":"https:\/\/www.europesays.com\/fi\/121837\/"},"modified":"2025-12-20T23:05:29","modified_gmt":"2025-12-20T23:05:29","slug":"kauneimpien-joululaulujen-lauluvihon-kaytto-puhututtaa","status":"publish","type":"post","link":"https:\/\/www.europesays.com\/fi\/121837\/","title":{"rendered":"Kauneimpien Joululaulujen lauluvihon k\u00e4ytt\u00f6 puhututtaa"},"content":{"rendered":"<p>&#13;<br \/>\n        &#13;<br \/>\n&#13;<br \/>\n\t        &#13;<\/p>\n<p>            <a href=\"https:\/\/www.kotimaa.fi\/wp-content\/uploads\/2025\/12\/Kauneimmat-Joululaulut-some.jpg\" data-caption=\"Sosiaalinen media on t\u00e4ll\u00e4 hetkell\u00e4 t\u00e4ynn\u00e4 Kauneimmat Joululaulut -tilaisuuksia.\" rel=\"nofollow noopener\" target=\"_blank\"><img loading=\"lazy\" decoding=\"async\" width=\"696\" height=\"348\" class=\"entry-thumb td-modal-image\" src=\"https:\/\/www.europesays.com\/fi\/wp-content\/uploads\/2025\/12\/Kauneimmat-Joululaulut-some-696x348.jpg\"   alt=\"\" title=\"Kauneimmat Joululaulut some\"\/><\/a>Sosiaalinen media on t\u00e4ll\u00e4 hetkell\u00e4 t\u00e4ynn\u00e4 Kauneimmat Joululaulut -tilaisuuksia.<\/p>\n<p>Kauneimpien Joululaulujen lauluvihon k\u00e4ytt\u00f6 on her\u00e4tt\u00e4nyt paikoin ep\u00e4tietoisuutta. Kotimaan toimitukseen tulleen yhteydenoton mukaan lauluvihon k\u00e4ytt\u00f6\u00e4 olisi joissain seurakunnissa rajoitettu esimerkiksi kehitysvammaisten joulutilaisuudessa. Kieltoa oli perusteltu sill\u00e4, ett\u00e4 kyseess\u00e4 ei ollut virallinen Kauneimmat Joululaulut -tilaisuus. Kauneimmista joululauluista vastaavan Suomen l\u00e4hetysseuran varainhankinnan p\u00e4\u00e4llikk\u00f6\u00a0Hanna Kalanne\u00a0ihmettelee Kotimaan toimitukseen tullutta yhteydenottoa. Kalanteen mukaan vihon k\u00e4ytt\u00e4miselle ei ole asetettu mit\u00e4\u00e4n kerrotun\u2026 <\/p>\n<p>Etk\u00f6 ole viel\u00e4 tilaaja?<\/p>\n<p><strong>Tutustumistarjous uusille asiakkaille!<\/strong><br \/>P\u00e4\u00e4sy kaikkiin Kotimaa.fi artikkeleihin ja n\u00e4k\u00f6islehtiin vain 1\u20ac kuukausi. Kuukauden j\u00e4lkeen tilaus jatkuu automaattisesti 9.90\u20ac\/kk. Voit lopettaa tilauksen milloin tahansa, ennen seuraavan laskutuskauden alkua.<\/p>\n<p>Oletko jo tilaaja? Kirjaudu t\u00e4st\u00e4<\/p>\n<p><a href=\"mailto:toimitus@kotimaa.fi?subject=Asiavirhe artikkelissa&amp;body=Hei! &#10;Artikkelissa https:\/\/www.kotimaa.fi\/kauneimpien-joululaulujen-lauluvihon-kaytto-puhututtaa\/&#10; on seuraava asiavirhe:&#10;\">Ilmoita asiavirheest\u00e4<\/a>        &#13;<br \/>\n&#13;<br \/>\n        &#13;<br \/>\n                        &#13;<br \/>\n            &#13;<br \/>\n &#13;<br \/>\n                        Edellinen artikkeli<a href=\"https:\/\/www.kotimaa.fi\/kirkon-ulkomaanapu-vahentaa-21-henkilotyovuotta\/\" rel=\"nofollow noopener\" target=\"_blank\">Kirkon Ulkomaanapu v\u00e4hent\u00e4\u00e4 21 henkil\u00f6ty\u00f6vuotta<\/a>Seuraava artikkeli<a href=\"https:\/\/www.kotimaa.fi\/muistokirjoitus-raili-kyllikki-kovalainen-1951-2025\/\" rel=\"nofollow noopener\" target=\"_blank\">Muistokirjoitus: Raili Kyllikki Kovalainen 1951\u20132025<\/a>                                &#13;<br \/>\n&#13;<\/p>\n","protected":false},"excerpt":{"rendered":"&#13; &#13; &#13; &#13; Sosiaalinen media on t\u00e4ll\u00e4 hetkell\u00e4 t\u00e4ynn\u00e4 Kauneimmat Joululaulut -tilaisuuksia. Kauneimpien Joululaulujen lauluvihon k\u00e4ytt\u00f6 on&hellip;\n","protected":false},"author":2,"featured_media":121838,"comment_status":"","ping_status":"","sticky":false,"template":"","format":"standard","meta":{"footnotes":""},"categories":[76],"tags":[79,77,33,31,30,21077,32,78],"class_list":{"0":"post-121837","1":"post","2":"type-post","3":"status-publish","4":"format-standard","5":"has-post-thumbnail","7":"category-talous","8":"tag-business","9":"tag-economy","10":"tag-fi","11":"tag-finland","12":"tag-finnish","13":"tag-kauneimmat-joululaulut","14":"tag-suomi","15":"tag-talous"},"share_on_mastodon":{"url":"https:\/\/pubeurope.com\/@fi\/115754403537586278","error":""},"_links":{"self":[{"href":"https:\/\/www.europesays.com\/fi\/wp-json\/wp\/v2\/posts\/121837","targetHints":{"allow":["GET"]}}],"collection":[{"href":"https:\/\/www.europesays.com\/fi\/wp-json\/wp\/v2\/posts"}],"about":[{"href":"https:\/\/www.europesays.com\/fi\/wp-json\/wp\/v2\/types\/post"}],"author":[{"embeddable":true,"href":"https:\/\/www.europesays.com\/fi\/wp-json\/wp\/v2\/users\/2"}],"replies":[{"embeddable":true,"href":"https:\/\/www.europesays.com\/fi\/wp-json\/wp\/v2\/comments?post=121837"}],"version-history":[{"count":0,"href":"https:\/\/www.europesays.com\/fi\/wp-json\/wp\/v2\/posts\/121837\/revisions"}],"wp:featuredmedia":[{"embeddable":true,"href":"https:\/\/www.europesays.com\/fi\/wp-json\/wp\/v2\/media\/121838"}],"wp:attachment":[{"href":"https:\/\/www.europesays.com\/fi\/wp-json\/wp\/v2\/media?parent=121837"}],"wp:term":[{"taxonomy":"category","embeddable":true,"href":"https:\/\/www.europesays.com\/fi\/wp-json\/wp\/v2\/categories?post=121837"},{"taxonomy":"post_tag","embeddable":true,"href":"https:\/\/www.europesays.com\/fi\/wp-json\/wp\/v2\/tags?post=121837"}],"curies":[{"name":"wp","href":"https:\/\/api.w.org\/{rel}","templated":true}]}}