{"id":121839,"date":"2025-12-20T23:06:19","date_gmt":"2025-12-20T23:06:19","guid":{"rendered":"https:\/\/www.europesays.com\/fi\/121839\/"},"modified":"2025-12-20T23:06:19","modified_gmt":"2025-12-20T23:06:19","slug":"vapaakauppasopimus-oli-aikeissa-saada-maaliin-kuluneella-viikolla","status":"publish","type":"post","link":"https:\/\/www.europesays.com\/fi\/121839\/","title":{"rendered":"Vapaakauppasopimus oli aikeissa saada maaliin kuluneella viikolla"},"content":{"rendered":"<p><strong class=\"typography-bold\">Komission aikeissa oli saada vapaakauppasopimus maaliin t\u00e4ll\u00e4 viikolla, mutta Ranska ja Italia torppasivat suunnitelmat.<\/strong><\/p>\n<p>EU-komission puheenjohtaja <strong class=\"typography-bold\">Ursula von der Leyen<\/strong> sanoo luottavansa siihen, ett\u00e4 EU p\u00e4\u00e4see sopuun kauppasopimuksesta Etel\u00e4-Amerikan Mercosur-maiden kanssa tammikuussa.<\/p>\n<p>Sopimuksen allekirjoittamista jouduttiin lykk\u00e4\u00e4m\u00e4\u00e4n EU:n sis\u00e4isten erimielisyyksien vuoksi. Kauppasopimus oli v\u00e4h\u00e4ll\u00e4 kaatua loppumetreill\u00e4 Ranskan, Italian ja Puolan vastustukseen. Maat ovat olleet huolissaan sopimuksen vaikutuksista Euroopan maatalouteen.<\/p>\n<p>Von der Leyenin mukaan EU:ssa on nyt kuitenkin saatu aikaan l\u00e4pimurto, joka avaa tien sopimuksen sinet\u00f6imiseksi tammikuussa. H\u00e4nen mukaansa sopimuksen takana on riitt\u00e4v\u00e4 enemmist\u00f6 EU:ssa.<\/p>\n<p>Allekirjoittamisen lykk\u00e4\u00e4ntyminen tammikuulle varmistui perjantaina. Neuvottelujen viel\u00e4 jatkuessa maanviljelij\u00e4t osoittivat mielt\u00e4\u00e4n sopimusta vastaan Brysseliss\u00e4 pidetyn EU-huippukokouksen yhteydess\u00e4.<\/p>\n<p>Komissio yritti saada sopimuksen maaliin kuluvan viikon aikana, mutta Ranska ja Italia torppasivat suunnitelmat. T\u00e4m\u00e4n j\u00e4lkeen komissio ilmoitti viiv\u00e4styksest\u00e4 vastapuolen Mercosur-maille. Brasilian presidentti <strong class=\"typography-bold\">Luiz Inacio Lula da Silva<\/strong> on puolestaan sanonut esitt\u00e4v\u00e4ns\u00e4 allekirjoittamisen lykk\u00e4yst\u00e4 Mercosurin muiden j\u00e4senmaiden johtajille viikonloppuna.<\/p>\n<p>Maailman isoin vapaakauppa-alue<\/p>\n<p>EU:n ja Mercosur-maiden sopimus synnytt\u00e4isi toteutuessaan maailman suurimman vapaakauppa-alueen. Se helpottaisi erityisesti ajoneuvojen, koneiden sek\u00e4 viinien ja v\u00e4kevien alkoholijuomien vienti\u00e4 EU:sta Latinalaiseen Amerikkaan. Viime vuosina kiristyneet kansainv\u00e4liset kauppaj\u00e4nnitteet ovat entisest\u00e4\u00e4n korostaneet sopimuksen merkityst\u00e4.<\/p>\n<p>Etenkin Ranska ja Italia ovat suhtautuneet sopimukseen varauksellisesti. Maat ovat vaatineet vahvempia suojatoimia viljelij\u00f6illeen, jotka pelk\u00e4\u00e4v\u00e4t halvemman tuonnin lis\u00e4\u00e4ntyv\u00e4n EU:hun erityisesti Brasiliasta.<\/p>\n<p>Sen sijaan Saksa, Espanja sek\u00e4 Suomi ja muut Pohjoismaat ovat vahvasti tukeneet sopimusta. Maiden n\u00e4kemyksen mukaan sopimus vauhdittaisi vienti\u00e4 tilanteessa, jossa Eurooppa joutuu kamppailemaan Kiinan kiristyv\u00e4\u00e4 kilpailua sek\u00e4 Yhdysvaltojen tullipolitiikkaa vastaan.<\/p>\n","protected":false},"excerpt":{"rendered":"Komission aikeissa oli saada vapaakauppasopimus maaliin t\u00e4ll\u00e4 viikolla, mutta Ranska ja Italia torppasivat suunnitelmat. EU-komission puheenjohtaja Ursula von&hellip;\n","protected":false},"author":2,"featured_media":120289,"comment_status":"","ping_status":"","sticky":false,"template":"","format":"standard","meta":{"footnotes":""},"categories":[14],"tags":[22,23,26,27,33,31,30,17,24,25,28,29,15,18,21,32,19,20,56,16,59,60,61],"class_list":{"0":"post-121839","1":"post","2":"type-post","3":"status-publish","4":"format-standard","5":"has-post-thumbnail","7":"category-ulkomaat","8":"tag-breaking-news","9":"tag-breakingnews","10":"tag-featured-news","11":"tag-featurednews","12":"tag-fi","13":"tag-finland","14":"tag-finnish","15":"tag-headlines","16":"tag-latest-news","17":"tag-latestnews","18":"tag-main-news","19":"tag-mainnews","20":"tag-news","21":"tag-otsikot","22":"tag-paauutiset","23":"tag-suomi","24":"tag-top-stories","25":"tag-topstories","26":"tag-ulkomaat","27":"tag-uutiset","28":"tag-world","29":"tag-world-news","30":"tag-worldnews"},"share_on_mastodon":{"url":"https:\/\/pubeurope.com\/@fi\/115754407358374486","error":""},"_links":{"self":[{"href":"https:\/\/www.europesays.com\/fi\/wp-json\/wp\/v2\/posts\/121839","targetHints":{"allow":["GET"]}}],"collection":[{"href":"https:\/\/www.europesays.com\/fi\/wp-json\/wp\/v2\/posts"}],"about":[{"href":"https:\/\/www.europesays.com\/fi\/wp-json\/wp\/v2\/types\/post"}],"author":[{"embeddable":true,"href":"https:\/\/www.europesays.com\/fi\/wp-json\/wp\/v2\/users\/2"}],"replies":[{"embeddable":true,"href":"https:\/\/www.europesays.com\/fi\/wp-json\/wp\/v2\/comments?post=121839"}],"version-history":[{"count":0,"href":"https:\/\/www.europesays.com\/fi\/wp-json\/wp\/v2\/posts\/121839\/revisions"}],"wp:featuredmedia":[{"embeddable":true,"href":"https:\/\/www.europesays.com\/fi\/wp-json\/wp\/v2\/media\/120289"}],"wp:attachment":[{"href":"https:\/\/www.europesays.com\/fi\/wp-json\/wp\/v2\/media?parent=121839"}],"wp:term":[{"taxonomy":"category","embeddable":true,"href":"https:\/\/www.europesays.com\/fi\/wp-json\/wp\/v2\/categories?post=121839"},{"taxonomy":"post_tag","embeddable":true,"href":"https:\/\/www.europesays.com\/fi\/wp-json\/wp\/v2\/tags?post=121839"}],"curies":[{"name":"wp","href":"https:\/\/api.w.org\/{rel}","templated":true}]}}