{"id":121842,"date":"2025-12-20T23:20:11","date_gmt":"2025-12-20T23:20:11","guid":{"rendered":"https:\/\/www.europesays.com\/fi\/121842\/"},"modified":"2025-12-20T23:20:11","modified_gmt":"2025-12-20T23:20:11","slug":"nain-paljon-suvi-minkkinen-sai-rahaa-kakkossijastaan","status":"publish","type":"post","link":"https:\/\/www.europesays.com\/fi\/121842\/","title":{"rendered":"N\u00e4in paljon Suvi Minkkinen sai rahaa kakkossijastaan"},"content":{"rendered":"<p>Suvi Minkkinen kilpaili komeasti toiseksi maailmancupin osakilpailussa lauantaina.<\/p>\n<p>20.12. 13:56<\/p>\n<p class=\"article-body mb-nof-24 px-nof-16\">Ampumahiiht\u00e4j\u00e4 <a class=\"article-personlink\" href=\"https:\/\/www.is.fi\/haku\/?query=Suvi%20Minkkinen\" rel=\"nofollow noopener\" target=\"_blank\">Suvi Minkkinen<\/a> onnistui lauantaina upeasti maailmancupin takaa-ajokilpailussa Ranskassa.<\/p>\n<p class=\"article-body mb-nof-24 px-nof-16\">Kuudennelta sijalta kilpailuun l\u00e4htenyt suomalainen sijoittui lopulta toiseksi.<\/p>\n<p class=\"article-body mb-nof-24 px-nof-16\">H\u00e4n selvitti puhtaasti kaikki nelj\u00e4 ampumapaikkaa. H\u00e4n oli k\u00e4rkip\u00e4\u00e4n kilpailijoista ainoa, jolle ei tullut kilpailussa ainuttakaan hutia.<\/p>\n<p class=\"article-body mb-nof-24 px-nof-16\">Minkkinen kuittaa kakkossijastaan palkintorahaa 16\u202f000 euroa.<\/p>\n<p class=\"article-body mb-nof-24 px-nof-16\">H\u00e4nen palkintorahapottinsa kuluvalta kaudelta on jo yli 70\u202f000 euroa.<\/p>\n<p class=\"article-body mb-nof-24 px-nof-16\">Lauantain kilpailun voitti Ranskan <a class=\"article-personlink\" href=\"https:\/\/www.is.fi\/haku\/?query=Lou%20Jeanmonnot\" rel=\"nofollow noopener\" target=\"_blank\">Lou Jeanmonnot<\/a>, joka saa voitostaan 20\u202f000 euroa.<\/p>\n<p class=\"article-body mb-nof-24 px-nof-16\">Minkkinen j\u00e4i voittajasta 30,2 sekuntia.<\/p>\n<p class=\"article-body mb-nof-24 px-nof-16\">Kolmanneksi sijoittunut Italian <a class=\"article-personlink\" href=\"https:\/\/www.is.fi\/haku\/?query=Dorothea%20Wierer\" rel=\"nofollow noopener\" target=\"_blank\">Dorothea Wierer<\/a> h\u00e4visi suomalaiselle 2,5 sekuntia.<\/p>\n<p class=\"article-body mb-nof-24 px-nof-16\">Wiererin palkintopotti takaa-ajokisasta on 13\u202f000 euroa.<\/p>\n","protected":false},"excerpt":{"rendered":"Suvi Minkkinen kilpaili komeasti toiseksi maailmancupin osakilpailussa lauantaina. 20.12. 13:56 Ampumahiiht\u00e4j\u00e4 Suvi Minkkinen onnistui lauantaina upeasti maailmancupin takaa-ajokilpailussa&hellip;\n","protected":false},"author":2,"featured_media":110113,"comment_status":"","ping_status":"","sticky":false,"template":"","format":"standard","meta":{"footnotes":""},"categories":[136],"tags":[407,137,33,31,30,34,408,32,109],"class_list":{"0":"post-121842","1":"post","2":"type-post","3":"status-publish","4":"format-standard","5":"has-post-thumbnail","7":"category-julkkikset","8":"tag-celebrities","9":"tag-entertainment","10":"tag-fi","11":"tag-finland","12":"tag-finnish","13":"tag-ilta-sanomat","14":"tag-julkkikset","15":"tag-suomi","16":"tag-viihde"},"share_on_mastodon":{"url":"https:\/\/pubeurope.com\/@fi\/115754462261015212","error":""},"_links":{"self":[{"href":"https:\/\/www.europesays.com\/fi\/wp-json\/wp\/v2\/posts\/121842","targetHints":{"allow":["GET"]}}],"collection":[{"href":"https:\/\/www.europesays.com\/fi\/wp-json\/wp\/v2\/posts"}],"about":[{"href":"https:\/\/www.europesays.com\/fi\/wp-json\/wp\/v2\/types\/post"}],"author":[{"embeddable":true,"href":"https:\/\/www.europesays.com\/fi\/wp-json\/wp\/v2\/users\/2"}],"replies":[{"embeddable":true,"href":"https:\/\/www.europesays.com\/fi\/wp-json\/wp\/v2\/comments?post=121842"}],"version-history":[{"count":0,"href":"https:\/\/www.europesays.com\/fi\/wp-json\/wp\/v2\/posts\/121842\/revisions"}],"wp:featuredmedia":[{"embeddable":true,"href":"https:\/\/www.europesays.com\/fi\/wp-json\/wp\/v2\/media\/110113"}],"wp:attachment":[{"href":"https:\/\/www.europesays.com\/fi\/wp-json\/wp\/v2\/media?parent=121842"}],"wp:term":[{"taxonomy":"category","embeddable":true,"href":"https:\/\/www.europesays.com\/fi\/wp-json\/wp\/v2\/categories?post=121842"},{"taxonomy":"post_tag","embeddable":true,"href":"https:\/\/www.europesays.com\/fi\/wp-json\/wp\/v2\/tags?post=121842"}],"curies":[{"name":"wp","href":"https:\/\/api.w.org\/{rel}","templated":true}]}}