{"id":121847,"date":"2025-12-20T23:31:29","date_gmt":"2025-12-20T23:31:29","guid":{"rendered":"https:\/\/www.europesays.com\/fi\/121847\/"},"modified":"2025-12-20T23:31:29","modified_gmt":"2025-12-20T23:31:29","slug":"elintarvikevientiin-vauhtia-uusin-keinoin-epressi","status":"publish","type":"post","link":"https:\/\/www.europesays.com\/fi\/121847\/","title":{"rendered":"Elintarvikevientiin vauhtia uusin keinoin &#8211; ePressi"},"content":{"rendered":"<p><strong>Hallituksen tavoite kaksinkertaistaa elintarvikevienti vuoteen 2031 menness\u00e4 etenee. Business Finlandin ulkomaantoiminnot siirtyv\u00e4t ulkoasiainhallinnon  rakenteisiin, mik\u00e4 avaa uusia mahdollisuuksia ruokaviennin kasvulle maa- ja mets\u00e4talousministeri\u00f6n ja ulkoministeri\u00f6n yhteisty\u00f6ss\u00e4.<\/strong><\/p>\n<p>Tavoitetta tukeva yhteisty\u00f6sopimus ministeri\u00f6iden v\u00e4lill\u00e4 on allekirjoitettu t\u00e4ll\u00e4 viikolla. Sopimuksella maa- ja mets\u00e4talousministeri\u00f6 sitoutuu rahoittamaan vuosina 2026-2027 sopimuksen liitteen\u00e4 olevan suunnitelman mukaisesti kohdemaissa j\u00e4rjestett\u00e4vi\u00e4 markkinoille p\u00e4\u00e4sy\u00e4 tukevia toimia suomalaisen yrityskent\u00e4n l\u00e4sn\u00e4olon vahvistamiseksi kohdemarkkinoilla.<\/p>\n<p>Toimenpiteet kattavat verkostoitumis- ja ostajatilaisuuksien j\u00e4rjest\u00e4mist\u00e4, arvovaltapalvelujen hy\u00f6dynt\u00e4mist\u00e4 tilaisuuksien j\u00e4rjest\u00e4misess\u00e4 sek\u00e4 yritysvierailu- ja delegaatiomatkojen ohjelmien toteuttamista. Lis\u00e4ksi edistet\u00e4\u00e4n aktiivista markkinamahdollisuuksien kartoittamisty\u00f6t\u00e4.<\/p>\n<p>Kohdemaiksi valikoituivat Euroopasta Saksa, Ruotsi, Ranska, Hollanti, Espanja ja Britannia (ruokateknologia), Aasiasta Kiina, Etel\u00e4-Korea, Japani, Vietnam ja Thaimaa (ruokateknologia), Yhdysvallat kokonaisuutena ruokateknologia-painotuksella sek\u00e4 Arabiemiraatit.<\/p>\n<p><strong>Lis\u00e4tietoja<\/strong><\/p>\n<p>Titta Maja-Luoto, ulkoasiainneuvos, teemal\u00e4hettil\u00e4s (bio- ja kiertotalous sek\u00e4 elintarvikevienti), ulkoministeri\u00f6, p. +358 295 350 017<\/p>\n<p>Annaleena Soult, erityisasiantuntija, maa- ja mets\u00e4talousministeri\u00f6, p. <a>+358 295 162 092<\/a><\/p>\n<p>Ministeri\u00f6iden s\u00e4hk\u00f6postiosoitteet ovat muotoa <a href=\"https:\/\/www.epressi.com\/cdn-cgi\/l\/email-protection\" class=\"__cf_email__\" data-cfemail=\"d6b3a2a3b8bfbbbff8a5a3bda3b8bfbbbf96b1b9a0f8b0bf\" rel=\"nofollow noopener\" target=\"_blank\">[email\u00a0protected]<\/a><\/p>\n","protected":false},"excerpt":{"rendered":"Hallituksen tavoite kaksinkertaistaa elintarvikevienti vuoteen 2031 menness\u00e4 etenee. Business Finlandin ulkomaantoiminnot siirtyv\u00e4t ulkoasiainhallinnon rakenteisiin, mik\u00e4 avaa uusia mahdollisuuksia&hellip;\n","protected":false},"author":2,"featured_media":114598,"comment_status":"","ping_status":"","sticky":false,"template":"","format":"standard","meta":{"footnotes":""},"categories":[76],"tags":[79,77,33,31,30,32,78],"class_list":{"0":"post-121847","1":"post","2":"type-post","3":"status-publish","4":"format-standard","5":"has-post-thumbnail","7":"category-talous","8":"tag-business","9":"tag-economy","10":"tag-fi","11":"tag-finland","12":"tag-finnish","13":"tag-suomi","14":"tag-talous"},"share_on_mastodon":{"url":"https:\/\/pubeurope.com\/@fi\/115754505515860728","error":""},"_links":{"self":[{"href":"https:\/\/www.europesays.com\/fi\/wp-json\/wp\/v2\/posts\/121847","targetHints":{"allow":["GET"]}}],"collection":[{"href":"https:\/\/www.europesays.com\/fi\/wp-json\/wp\/v2\/posts"}],"about":[{"href":"https:\/\/www.europesays.com\/fi\/wp-json\/wp\/v2\/types\/post"}],"author":[{"embeddable":true,"href":"https:\/\/www.europesays.com\/fi\/wp-json\/wp\/v2\/users\/2"}],"replies":[{"embeddable":true,"href":"https:\/\/www.europesays.com\/fi\/wp-json\/wp\/v2\/comments?post=121847"}],"version-history":[{"count":0,"href":"https:\/\/www.europesays.com\/fi\/wp-json\/wp\/v2\/posts\/121847\/revisions"}],"wp:featuredmedia":[{"embeddable":true,"href":"https:\/\/www.europesays.com\/fi\/wp-json\/wp\/v2\/media\/114598"}],"wp:attachment":[{"href":"https:\/\/www.europesays.com\/fi\/wp-json\/wp\/v2\/media?parent=121847"}],"wp:term":[{"taxonomy":"category","embeddable":true,"href":"https:\/\/www.europesays.com\/fi\/wp-json\/wp\/v2\/categories?post=121847"},{"taxonomy":"post_tag","embeddable":true,"href":"https:\/\/www.europesays.com\/fi\/wp-json\/wp\/v2\/tags?post=121847"}],"curies":[{"name":"wp","href":"https:\/\/api.w.org\/{rel}","templated":true}]}}