{"id":121848,"date":"2025-12-20T23:33:07","date_gmt":"2025-12-20T23:33:07","guid":{"rendered":"https:\/\/www.europesays.com\/fi\/121848\/"},"modified":"2025-12-20T23:33:07","modified_gmt":"2025-12-20T23:33:07","slug":"yksi-kuoli-tulipalossa-lappeenrannassa-lauantai-iltana-uutisia-lyhyesti","status":"publish","type":"post","link":"https:\/\/www.europesays.com\/fi\/121848\/","title":{"rendered":"Yksi kuoli tulipalossa Lappeenrannassa lauantai-iltana | Uutisia lyhyesti"},"content":{"rendered":"<p class=\"aw-1gybjub aw-1p7kakr kEtdKx cEmitX yle__article__paragraph\">Lappeenrannassa yksi ihminen on kuollut tulipalossa, kerrotaan Etel\u00e4-Karjalan pelastuslaitokselta. Omakotitalon kellarikerroksessa Happotiell\u00e4 oli syttynyt tulipalo, josta ilmoitettiin h\u00e4t\u00e4keskukseen ennen kymment\u00e4 lauantai-iltana.<\/p>\n<p class=\"aw-1gybjub aw-1p7kakr kEtdKx cEmitX yle__article__paragraph\">Pelastuslaitos sai palon sammumaan nopeasti. Kuollut l\u00f6ytyi talon kellarikerroksesta.<\/p>\n<p class=\"aw-1gybjub aw-1p7kakr kEtdKx cEmitX yle__article__paragraph\">Palo rajoittui kellarikerrokseen.<\/p>\n<p class=\"aw-1gybjub aw-1p7kakr kEtdKx cEmitX yle__article__paragraph\">Yhdentoista aikaan illalla pelastuslaitos oli viel\u00e4 palopaikalla. Poliisi ja pelastuslaitos selvitt\u00e4v\u00e4t palon syttymissyyt\u00e4.<\/p>\n","protected":false},"excerpt":{"rendered":"Lappeenrannassa yksi ihminen on kuollut tulipalossa, kerrotaan Etel\u00e4-Karjalan pelastuslaitokselta. Omakotitalon kellarikerroksessa Happotiell\u00e4 oli syttynyt tulipalo, josta ilmoitettiin h\u00e4t\u00e4keskukseen&hellip;\n","protected":false},"author":2,"featured_media":74,"comment_status":"","ping_status":"","sticky":false,"template":"","format":"standard","meta":{"footnotes":""},"categories":[12],"tags":[22,23,1302,21908,26,27,33,31,30,17,2455,71,683,1446,24,25,28,29,15,5075,837,18,21,127,2263,857,32,19,20,1265,16],"class_list":{"0":"post-121848","1":"post","2":"type-post","3":"status-publish","4":"format-standard","5":"has-post-thumbnail","7":"category-suomi","8":"tag-breaking-news","9":"tag-breakingnews","10":"tag-etela-karjala","11":"tag-etela-karjalan-pelastuslaitos","12":"tag-featured-news","13":"tag-featurednews","14":"tag-fi","15":"tag-finland","16":"tag-finnish","17":"tag-headlines","18":"tag-hengenvaara-ja-loukkaantuminen","19":"tag-kotimaa","20":"tag-kuolema","21":"tag-lappeenranta","22":"tag-latest-news","23":"tag-latestnews","24":"tag-main-news","25":"tag-mainnews","26":"tag-news","27":"tag-omakotitalot","28":"tag-onnettomuudet","29":"tag-otsikot","30":"tag-paauutiset","31":"tag-pelastuslaitokset","32":"tag-pelastustoimi","33":"tag-pelastustoiminta","34":"tag-suomi","35":"tag-top-stories","36":"tag-topstories","37":"tag-tulipalot","38":"tag-uutiset"},"share_on_mastodon":{"url":"https:\/\/pubeurope.com\/@fi\/115754513482513565","error":""},"_links":{"self":[{"href":"https:\/\/www.europesays.com\/fi\/wp-json\/wp\/v2\/posts\/121848","targetHints":{"allow":["GET"]}}],"collection":[{"href":"https:\/\/www.europesays.com\/fi\/wp-json\/wp\/v2\/posts"}],"about":[{"href":"https:\/\/www.europesays.com\/fi\/wp-json\/wp\/v2\/types\/post"}],"author":[{"embeddable":true,"href":"https:\/\/www.europesays.com\/fi\/wp-json\/wp\/v2\/users\/2"}],"replies":[{"embeddable":true,"href":"https:\/\/www.europesays.com\/fi\/wp-json\/wp\/v2\/comments?post=121848"}],"version-history":[{"count":0,"href":"https:\/\/www.europesays.com\/fi\/wp-json\/wp\/v2\/posts\/121848\/revisions"}],"wp:featuredmedia":[{"embeddable":true,"href":"https:\/\/www.europesays.com\/fi\/wp-json\/wp\/v2\/media\/74"}],"wp:attachment":[{"href":"https:\/\/www.europesays.com\/fi\/wp-json\/wp\/v2\/media?parent=121848"}],"wp:term":[{"taxonomy":"category","embeddable":true,"href":"https:\/\/www.europesays.com\/fi\/wp-json\/wp\/v2\/categories?post=121848"},{"taxonomy":"post_tag","embeddable":true,"href":"https:\/\/www.europesays.com\/fi\/wp-json\/wp\/v2\/tags?post=121848"}],"curies":[{"name":"wp","href":"https:\/\/api.w.org\/{rel}","templated":true}]}}