{"id":121849,"date":"2025-12-20T23:34:14","date_gmt":"2025-12-20T23:34:14","guid":{"rendered":"https:\/\/www.europesays.com\/fi\/121849\/"},"modified":"2025-12-20T23:34:14","modified_gmt":"2025-12-20T23:34:14","slug":"talta-nayttaa-saa-joulun-menoliikenteessa","status":"publish","type":"post","link":"https:\/\/www.europesays.com\/fi\/121849\/","title":{"rendered":"T\u00e4lt\u00e4 n\u00e4ytt\u00e4\u00e4 s\u00e4\u00e4 joulun menoliikenteess\u00e4"},"content":{"rendered":"<p><strong class=\"typography-bold\">Joulun menoliikenne alkoi jo perjantaina, mutta millainen s\u00e4\u00e4 autoilijoita odottaa tulevina p\u00e4ivin\u00e4?<\/strong><\/p>\n<p>Osa ihmisist\u00e4 aloitti matkan joulunviettoon jo perjantaina, mutta joulun menoliikenteen odotetaan jatkuvan viel\u00e4 ensi viikon alkuun.<\/p>\n<p>Menoliikenteen huippu ajoittuu tiistaille eli jouluaatonaatolle.<\/p>\n<p>MTV Uutisten meteorologilla <strong class=\"typography-bold\">Liisa Rintaniemelle<\/strong> on autoilijoille hyvi\u00e4 uutisia.<\/p>\n<p>\u2013 Kaiken kaikkiaan n\u00e4ytt\u00e4\u00e4 mukavalta talvis\u00e4\u00e4lt\u00e4, Rintaniemi summaa.<\/p>\n<p>Sunnuntaina l\u00e4mp\u00f6tila painuu pakkasen puolelle Etel\u00e4-Suomessakin, mik\u00e4 tiet\u00e4\u00e4 sit\u00e4, ett\u00e4 kosteat tienpinnat ovat vaarassa j\u00e4\u00e4ty\u00e4.<\/p>\n<p>\u2013 Toisaalta sunnuntaina ei ole runsaita sateita liikkeell\u00e4, Rintaniemi kertoo.<\/p>\n<p>S\u00e4\u00e4 on sunnuntaina p\u00e4\u00e4asiassa poutainen koko maassa, paitsi Lapissa sataa lumikuuroja.<\/p>\n<p>&#8221;Aurinkolasit p\u00e4\u00e4h\u00e4n&#8221;<\/p>\n<p>My\u00f6s maanantai n\u00e4ytt\u00e4\u00e4 poutaiselta. L\u00e4mp\u00f6tila pysyttelee koko maassa pakkasen puolella.<\/p>\n<p>Maanantaina maan etel\u00e4- ja keskiosissa kehittyy pieni\u00e4 lumikuuroja, mutta Rintaniemen mukaan kuurot ovat hyvin paikallisia.<\/p>\n<p>\u2013 Ajokeli\u00e4 ne haittaavat vain hyvin paikallisesti.<\/p>\n","protected":false},"excerpt":{"rendered":"Joulun menoliikenne alkoi jo perjantaina, mutta millainen s\u00e4\u00e4 autoilijoita odottaa tulevina p\u00e4ivin\u00e4? Osa ihmisist\u00e4 aloitti matkan joulunviettoon jo&hellip;\n","protected":false},"author":2,"featured_media":121850,"comment_status":"","ping_status":"","sticky":false,"template":"","format":"standard","meta":{"footnotes":""},"categories":[5],"tags":[22,23,26,27,33,31,30,17,24,25,28,29,15,18,21,32,19,20,16],"class_list":{"0":"post-121849","1":"post","2":"type-post","3":"status-publish","4":"format-standard","5":"has-post-thumbnail","7":"category-otsikot","8":"tag-breaking-news","9":"tag-breakingnews","10":"tag-featured-news","11":"tag-featurednews","12":"tag-fi","13":"tag-finland","14":"tag-finnish","15":"tag-headlines","16":"tag-latest-news","17":"tag-latestnews","18":"tag-main-news","19":"tag-mainnews","20":"tag-news","21":"tag-otsikot","22":"tag-paauutiset","23":"tag-suomi","24":"tag-top-stories","25":"tag-topstories","26":"tag-uutiset"},"share_on_mastodon":{"url":"https:\/\/pubeurope.com\/@fi\/115754517404961524","error":""},"_links":{"self":[{"href":"https:\/\/www.europesays.com\/fi\/wp-json\/wp\/v2\/posts\/121849","targetHints":{"allow":["GET"]}}],"collection":[{"href":"https:\/\/www.europesays.com\/fi\/wp-json\/wp\/v2\/posts"}],"about":[{"href":"https:\/\/www.europesays.com\/fi\/wp-json\/wp\/v2\/types\/post"}],"author":[{"embeddable":true,"href":"https:\/\/www.europesays.com\/fi\/wp-json\/wp\/v2\/users\/2"}],"replies":[{"embeddable":true,"href":"https:\/\/www.europesays.com\/fi\/wp-json\/wp\/v2\/comments?post=121849"}],"version-history":[{"count":0,"href":"https:\/\/www.europesays.com\/fi\/wp-json\/wp\/v2\/posts\/121849\/revisions"}],"wp:featuredmedia":[{"embeddable":true,"href":"https:\/\/www.europesays.com\/fi\/wp-json\/wp\/v2\/media\/121850"}],"wp:attachment":[{"href":"https:\/\/www.europesays.com\/fi\/wp-json\/wp\/v2\/media?parent=121849"}],"wp:term":[{"taxonomy":"category","embeddable":true,"href":"https:\/\/www.europesays.com\/fi\/wp-json\/wp\/v2\/categories?post=121849"},{"taxonomy":"post_tag","embeddable":true,"href":"https:\/\/www.europesays.com\/fi\/wp-json\/wp\/v2\/tags?post=121849"}],"curies":[{"name":"wp","href":"https:\/\/api.w.org\/{rel}","templated":true}]}}