{"id":121851,"date":"2025-12-20T23:46:11","date_gmt":"2025-12-20T23:46:11","guid":{"rendered":"https:\/\/www.europesays.com\/fi\/121851\/"},"modified":"2025-12-20T23:46:11","modified_gmt":"2025-12-20T23:46:11","slug":"pamela-tola-paljastaa-vastustaneensa-aluksi-terasleidit-elokuvan-jatko-osaa","status":"publish","type":"post","link":"https:\/\/www.europesays.com\/fi\/121851\/","title":{"rendered":"Pamela Tola paljastaa vastustaneensa aluksi Ter\u00e4sleidit-elokuvan jatko-osaa"},"content":{"rendered":"<p>\n            TER\u00c4SLEIDIT \u2013 KUIN VIIMEIST\u00c4 P\u00c4IV\u00c4\u00c4. Pamela Tola. Jani Korpela.<br \/>\n            Jani Korpela\n        <\/p>\n<p class=\"subtitle \">Ohjaaja-k\u00e4sikirjoittaja-n\u00e4yttelij\u00e4 Pamela Tolan mukaan hyv\u00e4n komedian ei tarvitse naurattaa.<\/p>\n<p class=\"article-content article-content-width !bg-background\"> ohjasi ja my\u00f6s k\u00e4sikirjoitti yhdess\u00e4\u00a0 kanssa vuoden 2020 Ter\u00e4sleidit, jonka Aleksi my\u00f6s tuotti. Se oli vuoden katsotuin ensi-iltaelokuva Suomessa yli 250 000 katsojaluvuilla.<\/p>\n<p class=\"font-weight-bold m-font-weight-bold article-content article-content-width !bg-background\">Video: Pamela Tolan joululahjavinkit<\/p>\n<p class=\"article-content article-content-width !bg-background\">Kaupallisessa mieless\u00e4 olikin todenn\u00e4k\u00f6ist\u00e4, ett\u00e4 menestystuotetta seuraisi my\u00f6s jatko-osa. Yht\u00e4 p\u00e4\u00e4osaa esitt\u00e4v\u00e4  kertoi Katson jutussa karsastaneensa ajatusta terveysongelmiensa vuoksi.<\/p>\n<p>        <a itemprop=\"url\" href=\"https:\/\/www.seiska.fi\/katso\/seela-sella-avoimena-kuolema-on-jo-osa-minua\/2024140\" rel=\"nofollow noopener\" target=\"_blank\"><\/p>\n<p>\nSeela Sella\n<\/p>\n<p class=\"section-date\">\n        <strong class=\"article-section\" data-section=\"katso\"><br \/>\n            katso<br \/>\n        <\/strong><br \/>\n        18.12. 09:45\n    <\/p>\n<p>Seela Sella avoimena: &#8221;Kuolema on jo osa minua&#8221;\n    <\/p>\n<p itemprop=\"description\" class=\"subtitle \">\n    Seela Sella t\u00e4hditt\u00e4\u00e4 uutta Ter\u00e4sleidit-elokuvaa, jossa h\u00e4n kokee kuoleman itselleen l\u00e4heiseksi teemaksi.\n<\/p>\n<p>        <\/a><\/p>\n<p>Ei jatkoa jatkon vuoksi<\/p>\n<p class=\"article-content article-content-width !bg-background\">My\u00f6s Pamela oli aluksi jatkoajastusta vastaan, mutta muista syist\u00e4.<\/p>\n<p class=\"article-content article-content-width !bg-background\">\u2013 Se tuntui ahdistavalta ajatukselta, vaikka Aleksi on varmasti miettinyt sellaista jo hyviss\u00e4 ajoin. Olin hyvin, hyvin skeptinen. J\u00e4nnitti, ett\u00e4 voisimmeko saada aikaan kiinnostavaa tarinaa siit\u00e4 hienosta maailmasta, jonka olimme ensimm\u00e4isess\u00e4 osassa l\u00f6yt\u00e4neet, Pamela py\u00f6rittelee.<\/p>\n<p>        <a itemprop=\"url\" href=\"https:\/\/www.seiska.fi\/katso\/suosikkielokuva-terasleidit-saa-jatkoa-talta-se-nayttaa\/1919274\" rel=\"nofollow noopener\" target=\"_blank\"><\/p>\n<p>\nTraileri julki\n<\/p>\n<p class=\"section-date\">\n        <strong class=\"article-section\" data-section=\"katso\"><br \/>\n            katso<br \/>\n        <\/strong><br \/>\n        3.9. 14:15\n    <\/p>\n<p>Suosikkielokuva Ter\u00e4sleidit saa jatkoa \u2013 t\u00e4lt\u00e4 se n\u00e4ytt\u00e4\u00e4\n    <\/p>\n<p itemprop=\"description\" class=\"subtitle \">\n    Leena Uotilan ja Seela Sellan t\u00e4hditt\u00e4m\u00e4n draamakomedian traileri lupaa vauhdikasta menoa.\n<\/p>\n<p>        <\/a><\/p>\n<p class=\"article-content article-content-width !bg-background\">Pamelalle oli my\u00f6s t\u00e4rke\u00e4\u00e4, ett\u00e4 kyseess\u00e4 oli itsen\u00e4inen jatko-osa.<\/p>\n<p class=\"article-content article-content-width !bg-background\">\u2013 Miss\u00e4\u00e4n nimess\u00e4 en halunnut tehd\u00e4 jatkoa vain sen vuoksi, ett\u00e4 ensimm\u00e4isen osan menestyksen vuoksi se oli mahdollista. Tarinan piti innostaa itse\u00e4ni ja toimia itsen\u00e4isen\u00e4 kokonaisuutenaan, Pamela kertoo.<\/p>\n<p>Lis\u00e4voima toi innostusta<\/p>\n<p class=\"article-content article-content-width !bg-background\">Projektiin hankittiin ulkopuolinen k\u00e4sikirjoittaja .<\/p>\n<p class=\"article-content article-content-width !bg-background\">\u2013 H\u00e4nelt\u00e4 tuli sellainen tarinan alkuajatus ja ensimm\u00e4inen versio, josta aloinkin ajatella, ett\u00e4 t\u00e4st\u00e4 voisi kiinnostua ja l\u00e4hte\u00e4 kehittelem\u00e4\u00e4n eteenp\u00e4in, Pamela muistelee.<\/p>\n<p class=\"article-content article-content-width !bg-background\">\u2013 Ensimm\u00e4ist\u00e4 osaa tehdess\u00e4 ty\u00f6stin itse vanhuuden pelkoa. Kuin viimeist\u00e4 p\u00e4iv\u00e4\u00e4 puolestaan menee kuoleman pelon ja kuoleman kohtaamisen k\u00e4sittelyyn, Pamela analysoi.<\/p>\n<p>\u201dMit\u00e4 vain voi tapahtua\u201d<\/p>\n<p class=\"article-content article-content-width !bg-background\">Elokuva piti kuvata kes\u00e4ll\u00e4 tarinaan liittyvien tekij\u00f6iden johdosta, mutta samalla vastassa oli tiukka aikataulu, kun julkaisu haluttiin joulumarkkinoille.<\/p>\n<p class=\"article-content article-content-width !bg-background\">\u2013 Kaikki meni ihan viime tinkaan. Kutsuvierasn\u00e4yt\u00f6s oli keskiviikkona ja maanantaina tehtiin viimeinen tarkistus, ett\u00e4 kaikki on kuvat, \u00e4\u00e4net ynn\u00e4 muut ovat kunnossa, Pamela paljastaa.<\/p>\n<p>        <a itemprop=\"url\" href=\"https:\/\/www.seiska.fi\/katso\/pamela-tolan-terasleidit-2n-kuvaukset-alkoivat-ensimmainen-yhteiskuva-julki\/1848599\" rel=\"nofollow noopener\" target=\"_blank\"><\/p>\n<p>\nTer\u00e4sleidit \u2013 kuin viimeist\u00e4 p\u00e4iv\u00e4\u00e4\n<\/p>\n<p class=\"section-date\">\n        <strong class=\"article-section\" data-section=\"katso\"><br \/>\n            katso<br \/>\n        <\/strong><br \/>\n        25.6. 15:15\n    <\/p>\n<p>Pamela Tolan Ter\u00e4sleidit 2:n kuvaukset alkoivat \u2013 ensimm\u00e4inen yhteiskuva julki\n    <\/p>\n<p itemprop=\"description\" class=\"subtitle \">\n    Menestyselokuvan jatko-osassa keskuskolmikkoon tulee muutoksia.\n<\/p>\n<p>        <\/a><\/p>\n<p class=\"article-content article-content-width !bg-background\">\u2013 Tiukkaan aikatauluun liittyiv\u00e4t muun muassa rahoituskuviot, oikeanlaisen ensi-ilta-ajankohdan miettiminen ja ihan puhtaasti se, ett\u00e4 elokuvassa on mukana hyvin vanhoja ihmisi\u00e4. Valmistumisen ja julkaisun v\u00e4lill\u00e4 ei voida odotella pitki\u00e4 aikoja, koska mit\u00e4 vain voi tapahtua, Pamela kuvailee.<\/p>\n<p>Saara Pakkasvirta puuttuu<\/p>\n<p class=\"article-content article-content-width !bg-background\">N\u00e4ihin el\u00e4m\u00e4n realiteetteihin liittyi my\u00f6s se, ettei jatko-osassa n\u00e4hd\u00e4 ensimm\u00e4isest\u00e4 Ter\u00e4sleideist\u00e4 Jussin voittanutta .<\/p>\n<p class=\"article-content article-content-width !bg-background\">\u2013 Ei siihen liittynyt mit\u00e4\u00e4n sen dramaattisempaa. H\u00e4n ei ik\u00e4ns\u00e4 vuoksi en\u00e4\u00e4 pystynyt l\u00e4htem\u00e4\u00e4n mukaan, Pamela kertoo.<\/p>\n<p class=\"article-content article-content-width !bg-background\">\u2013 Oikeastaan oli aika poikkeuksellista, ett\u00e4 nyt mukaan saatiin kaksi kolmesta edellisen osan keskeisest\u00e4 n\u00e4yttelij\u00e4st\u00e4 eli Seela ja , Pamela arvioi.<\/p>\n<p>        <a itemprop=\"url\" href=\"https:\/\/www.seiska.fi\/katso\/nain-leena-uotila-suhtautuu-ikaantymiseen\/1650433\" rel=\"nofollow noopener\" target=\"_blank\"><\/p>\n<p>\nLeena Uotila\n<\/p>\n<p class=\"section-date\">\n        <strong class=\"article-section\" data-section=\"katso\"><br \/>\n            katso<br \/>\n        <\/strong><br \/>\n        13.4. 13:15\n    <\/p>\n<p>N\u00e4in Leena Uotila suhtautuu ik\u00e4\u00e4ntymiseen\n    <\/p>\n<p itemprop=\"description\" class=\"subtitle \">\n    N\u00e4yttelij\u00e4 t\u00e4hditt\u00e4\u00e4 pian alkavaa Ehtoolehto-sarjaa, joka on her\u00e4tt\u00e4nyt kansainv\u00e4list\u00e4 kiinnostusta.\n<\/p>\n<p>        <\/a><\/p>\n<p>\u201dEi ole pakko nauraa\u201d<\/p>\n<p class=\"article-content article-content-width !bg-background\">Saaran poissaolo k\u00e4\u00e4nnettiin hy\u00f6dyksi.<\/p>\n<p class=\"article-content article-content-width !bg-background\">\u2013 H\u00e4nen n\u00e4yttelem\u00e4ns\u00e4 Sylvi on nyt tarinassa edesmennyt. Se tuo elokuvan teemoihin uudenlaista syvyytt\u00e4 ja toisaalta tunnistettavuutta. L\u00e4heisten poismenot ovat tietyss\u00e4 i\u00e4ss\u00e4 jo t\u00e4ytt\u00e4 arkip\u00e4iv\u00e4\u00e4, Pamela pohtii.<\/p>\n<p class=\"article-content article-content-width !bg-background\">\u2013 N\u00e4it\u00e4 asioita ei Ter\u00e4sleidien tyylill\u00e4 hirve\u00e4sti k\u00e4sitell\u00e4 elokuvissa. On hyv\u00e4, ett\u00e4 ne kohdataan, muttei taaskaan haudanvakavasti. Hyvin traagisista ja kipeist\u00e4kin asioista voi l\u00f6yty\u00e4 huumoria, Pamela muistuttaa.<\/p>\n<p>                <img decoding=\"async\" src=\"https:\/\/www.europesays.com\/fi\/wp-content\/uploads\/2025\/12\/2025385.webp\" width=\"576\" height=\"274\" alt=\"Ter\u00e4sleidit \u2013 kuin viimeist\u00e4 p\u00e4iv\u00e4\u00e4 -elokuvan keskusnelikkoa n\u00e4yttelev\u00e4t Leena Uotila, Seela Sella, Sanna-Kaisa Palo ja Eero Saarinen.\" loading=\"lazy\" \/>            <\/p>\n<p>\n            Ter\u00e4sleidit \u2013 kuin viimeist\u00e4 p\u00e4iv\u00e4\u00e4 -elokuvan keskusnelikkoa n\u00e4yttelev\u00e4t Leena Uotila, Seela Sella, Sanna-Kaisa Palo ja Eero Saarinen.<br \/>\n            Helsinki Filmi\n        <\/p>\n<p class=\"article-content article-content-width !bg-background\">Toisaalta Pamela ei pahastu, vaikkei Ter\u00e4sleidien mustaksikin k\u00e4\u00e4ntyv\u00e4\u00e4 huumoria ei koettaisi ratkiriemukkaana.<\/p>\n<p class=\"article-content article-content-width !bg-background\">\u2013 Sille voi nauraa, mutta ei ole pakko nauraa. Minulle on ollut aina t\u00e4rke\u00e4\u00e4, ett\u00e4 vaikka elokuvasta puhuttaisiin komediana, niin sit\u00e4 voi pit\u00e4\u00e4 toimivana, vaikkei itse\u00e4 naurattaisi. Sit\u00e4 voi katsoa ihan vain tarinana ja l\u00f6yt\u00e4\u00e4 siit\u00e4 useita eri tasoja, Pamela linjaa.<\/p>\n<p class=\"italic m-italic article-content article-content-width !bg-background\">Ter\u00e4sleidit \u2013 kuin viimeist\u00e4 p\u00e4iv\u00e4\u00e4 saa ensi-iltansa elokuvateattereissa torstaina 25.12.<\/p>\n<p>        <a itemprop=\"url\" href=\"https:\/\/www.seiska.fi\/katso\/seela-sella-kertoo-surullisesta-menetyksestaan-en-koskaan-unohda\/1884085\" rel=\"nofollow noopener\" target=\"_blank\"><\/p>\n<p>\nSeela Sella\n<\/p>\n<p class=\"section-date\">\n        <strong class=\"article-section\" data-section=\"katso\"><br \/>\n            katso<br \/>\n        <\/strong><br \/>\n        30.7. 15:15\n    <\/p>\n<p>Seela Sella kertoo surullisesta menetyksest\u00e4\u00e4n: &#8221;En koskaan unohda&#8221;\n    <\/p>\n<p itemprop=\"description\" class=\"subtitle \">\n    El\u00e4m\u00e4ni kes\u00e4 -ohjelmassa n\u00e4yttelij\u00e4 muistelee kes\u00e4n 1957 surua.\n<\/p>\n<p>        <\/a><\/p>\n","protected":false},"excerpt":{"rendered":"TER\u00c4SLEIDIT \u2013 KUIN VIIMEIST\u00c4 P\u00c4IV\u00c4\u00c4. Pamela Tola. Jani Korpela. Jani Korpela Ohjaaja-k\u00e4sikirjoittaja-n\u00e4yttelij\u00e4 Pamela Tolan mukaan hyv\u00e4n komedian ei&hellip;\n","protected":false},"author":2,"featured_media":121852,"comment_status":"","ping_status":"","sticky":false,"template":"","format":"standard","meta":{"footnotes":""},"categories":[136],"tags":[21910,407,137,33,31,30,3499,408,21909,683,11242,14440,10494,32,8053,21911,13881,109],"class_list":{"0":"post-121851","1":"post","2":"type-post","3":"status-publish","4":"format-standard","5":"has-post-thumbnail","7":"category-julkkikset","8":"tag-aleksi-bardy","9":"tag-celebrities","10":"tag-entertainment","11":"tag-fi","12":"tag-finland","13":"tag-finnish","14":"tag-jatko-osa","15":"tag-julkkikset","16":"tag-karoliina-lindgren","17":"tag-kuolema","18":"tag-kuolemanpelko","19":"tag-pamela-tola","20":"tag-seela-sella","21":"tag-suomi","22":"tag-terasleidit","23":"tag-terasleidit-kuin-viimeista-paivaa","24":"tag-vanhuus","25":"tag-viihde"},"share_on_mastodon":{"url":"https:\/\/pubeurope.com\/@fi\/115754564654523300","error":""},"_links":{"self":[{"href":"https:\/\/www.europesays.com\/fi\/wp-json\/wp\/v2\/posts\/121851","targetHints":{"allow":["GET"]}}],"collection":[{"href":"https:\/\/www.europesays.com\/fi\/wp-json\/wp\/v2\/posts"}],"about":[{"href":"https:\/\/www.europesays.com\/fi\/wp-json\/wp\/v2\/types\/post"}],"author":[{"embeddable":true,"href":"https:\/\/www.europesays.com\/fi\/wp-json\/wp\/v2\/users\/2"}],"replies":[{"embeddable":true,"href":"https:\/\/www.europesays.com\/fi\/wp-json\/wp\/v2\/comments?post=121851"}],"version-history":[{"count":0,"href":"https:\/\/www.europesays.com\/fi\/wp-json\/wp\/v2\/posts\/121851\/revisions"}],"wp:featuredmedia":[{"embeddable":true,"href":"https:\/\/www.europesays.com\/fi\/wp-json\/wp\/v2\/media\/121852"}],"wp:attachment":[{"href":"https:\/\/www.europesays.com\/fi\/wp-json\/wp\/v2\/media?parent=121851"}],"wp:term":[{"taxonomy":"category","embeddable":true,"href":"https:\/\/www.europesays.com\/fi\/wp-json\/wp\/v2\/categories?post=121851"},{"taxonomy":"post_tag","embeddable":true,"href":"https:\/\/www.europesays.com\/fi\/wp-json\/wp\/v2\/tags?post=121851"}],"curies":[{"name":"wp","href":"https:\/\/api.w.org\/{rel}","templated":true}]}}