{"id":121858,"date":"2025-12-20T23:58:08","date_gmt":"2025-12-20T23:58:08","guid":{"rendered":"https:\/\/www.europesays.com\/fi\/121858\/"},"modified":"2025-12-20T23:58:08","modified_gmt":"2025-12-20T23:58:08","slug":"yhdysvaltain-rannikkovartiosto-nousi-venezuelalaista-oljya-kuljettaneen-sailioaluksen-kyytiin-uutissuomalainen","status":"publish","type":"post","link":"https:\/\/www.europesays.com\/fi\/121858\/","title":{"rendered":"Yhdysvaltain rannikkovartiosto nousi venezuelalaista \u00f6ljy\u00e4 kuljettaneen s\u00e4ili\u00f6aluksen kyytiin | Uutissuomalainen"},"content":{"rendered":"<p>Yhdysvaltain rannikkovartiosto pys\u00e4ytti venezuelalaista \u00f6ljy\u00e4 kuljettaneen s\u00e4ili\u00f6aluksen ja nousi sen kyytiin paikallista aikaa lauantaiaamuna. Asiasta kertoi Yhdysvaltain kansallisen turvallisuuden ministeri Kristi Noem <a href=\"https:\/\/x.com\/Sec_Noem\/status\/2002481990755627050\" rel=\"nofollow\">viestipalvelu X:ss\u00e4<\/a>.<\/p>\n<p>Noem sanoi Yhdysvaltojen jatkavan &#8221;pakotteiden alaisen \u00f6ljyn laittoman kuljetuksen torjuntaa&#8221;. Noemin mukaan toiminnalla rahoitetaan &#8221;narkoterrorismia&#8221; alueella.<\/p>\n<p>\u2013\u2009Me l\u00f6yd\u00e4mme teid\u00e4t ja me pys\u00e4yt\u00e4mme teid\u00e4t, h\u00e4n kirjoitti.<\/p>\n<p><a href=\"https:\/\/www.nytimes.com\/2025\/12\/20\/us\/politics\/us-coast-guard-venezuela-oil-tanker.html\" rel=\"nofollow noopener\" target=\"_blank\">New York Timesin<\/a> l\u00e4hteiden mukaan kyseinen alus ei kuulu Yhdysvaltain pakotelistalle. Pys\u00e4ytetty alus oli hiljattain l\u00e4htenyt Venezuelasta ja kulki Karibian vesill\u00e4. Alus seilaa Panaman lipun alla.<\/p>\n<p>Yhdysvaltain presidentti Donald Trump oli torstaina ilmoittanut Yhdysvaltojen pys\u00e4ytt\u00e4v\u00e4n kaikki Venezuelaan ja Venezuelasta kulkevat pakotteiden alla olevat s\u00e4ili\u00f6alukset.<\/p>\n","protected":false},"excerpt":{"rendered":"Yhdysvaltain rannikkovartiosto pys\u00e4ytti venezuelalaista \u00f6ljy\u00e4 kuljettaneen s\u00e4ili\u00f6aluksen ja nousi sen kyytiin paikallista aikaa lauantaiaamuna. Asiasta kertoi Yhdysvaltain kansallisen&hellip;\n","protected":false},"author":2,"featured_media":121859,"comment_status":"","ping_status":"","sticky":false,"template":"","format":"standard","meta":{"footnotes":""},"categories":[14],"tags":[22,23,585,26,27,33,31,30,17,24,25,28,29,15,18,21,142,637,144,32,19,20,56,16,638,2568,59,60,61,143],"class_list":{"0":"post-121858","1":"post","2":"type-post","3":"status-publish","4":"format-standard","5":"has-post-thumbnail","7":"category-ulkomaat","8":"tag-breaking-news","9":"tag-breakingnews","10":"tag-donald-trump","11":"tag-featured-news","12":"tag-featurednews","13":"tag-fi","14":"tag-finland","15":"tag-finnish","16":"tag-headlines","17":"tag-latest-news","18":"tag-latestnews","19":"tag-main-news","20":"tag-mainnews","21":"tag-news","22":"tag-otsikot","23":"tag-paauutiset","24":"tag-poliitikot","25":"tag-politiikka","26":"tag-presidentti","27":"tag-suomi","28":"tag-top-stories","29":"tag-topstories","30":"tag-ulkomaat","31":"tag-uutiset","32":"tag-valtiovalta","33":"tag-vesiliikenne","34":"tag-world","35":"tag-world-news","36":"tag-worldnews","37":"tag-yhdysvaltain-politiikka"},"share_on_mastodon":{"url":"https:\/\/pubeurope.com\/@fi\/115754611907199549","error":""},"_links":{"self":[{"href":"https:\/\/www.europesays.com\/fi\/wp-json\/wp\/v2\/posts\/121858","targetHints":{"allow":["GET"]}}],"collection":[{"href":"https:\/\/www.europesays.com\/fi\/wp-json\/wp\/v2\/posts"}],"about":[{"href":"https:\/\/www.europesays.com\/fi\/wp-json\/wp\/v2\/types\/post"}],"author":[{"embeddable":true,"href":"https:\/\/www.europesays.com\/fi\/wp-json\/wp\/v2\/users\/2"}],"replies":[{"embeddable":true,"href":"https:\/\/www.europesays.com\/fi\/wp-json\/wp\/v2\/comments?post=121858"}],"version-history":[{"count":0,"href":"https:\/\/www.europesays.com\/fi\/wp-json\/wp\/v2\/posts\/121858\/revisions"}],"wp:featuredmedia":[{"embeddable":true,"href":"https:\/\/www.europesays.com\/fi\/wp-json\/wp\/v2\/media\/121859"}],"wp:attachment":[{"href":"https:\/\/www.europesays.com\/fi\/wp-json\/wp\/v2\/media?parent=121858"}],"wp:term":[{"taxonomy":"category","embeddable":true,"href":"https:\/\/www.europesays.com\/fi\/wp-json\/wp\/v2\/categories?post=121858"},{"taxonomy":"post_tag","embeddable":true,"href":"https:\/\/www.europesays.com\/fi\/wp-json\/wp\/v2\/tags?post=121858"}],"curies":[{"name":"wp","href":"https:\/\/api.w.org\/{rel}","templated":true}]}}