{"id":121860,"date":"2025-12-20T23:59:10","date_gmt":"2025-12-20T23:59:10","guid":{"rendered":"https:\/\/www.europesays.com\/fi\/121860\/"},"modified":"2025-12-20T23:59:10","modified_gmt":"2025-12-20T23:59:10","slug":"virolaismediat-kauppakeskuksessa-rajahti-tallinnassa-kaleva","status":"publish","type":"post","link":"https:\/\/www.europesays.com\/fi\/121860\/","title":{"rendered":"Virolaismediat: Kauppakeskuksessa r\u00e4j\u00e4hti Tallinnassa | Kaleva"},"content":{"rendered":"<p>    <img decoding=\"async\" class=\"responsive-image article__image-image lozad\"   src=\"https:\/\/www.europesays.com\/fi\/wp-content\/uploads\/2025\/12\/HTChrn5Sf7cO67xW8gMqzzefZubE8kI6J0WsEYtUI9bgVPKzQ53jK7QUDxaOb0FgkjmknPjB3ew0aaYdG7WvJ-Tq5Nv-tr48upwR.jpeg\" alt=\"Tallinnassa sijaitsevassa \u00dclemisten kauppakeskuksessa r\u00e4j\u00e4hti lauantaina alkuillasta. Kuva on vuodelta 2021.\"\/><\/p>\n<p>\n                Tallinnassa sijaitsevassa \u00dclemisten kauppakeskuksessa r\u00e4j\u00e4hti lauantaina alkuillasta. Kuva on vuodelta 2021.\n              <\/p>\n<p>\n                Kuva: Raul Mee \/ Str \/ Lehtikuva\n              <\/p>\n<p class=\"article__paragraph\">\n      Tallinnassa sijaitsevassa \u00dclemisten kauppakeskuksessa on r\u00e4j\u00e4ht\u00e4nyt lauantaina illalla, kertovat virolaismediat. Asiasta ovat uutisoineet ainakin yleisradioyhti\u00f6 <a href=\"https:\/\/www.err.ee\/1609892071\/tallinna-ulemiste-keskuses-toimus-plahvatus\" rel=\"nofollow noopener\" target=\"_blank\">ERR<\/a>, sanomalehti <a href=\"https:\/\/www.postimees.ee\/8383521\/fotod-ulemiste-keskuses-toimus-plahvatus-uks-sai-viga\" rel=\"nofollow noopener\" target=\"_blank\">Postimees <\/a>ja uutissivusto <a href=\"https:\/\/www.delfi.ee\/artikkel\/120425025\/fotod-tallinnas-ulemiste-keskuses-toimus-plahvatus\" rel=\"nofollow noopener\" target=\"_blank\">Delfi<\/a>.\n    <\/p>\n<p class=\"article__paragraph\">\n      Kauppakeskuksessa r\u00e4j\u00e4hti medioiden mukaan roska-astia. Delfin julkaisemassa lukijan kuvassa n\u00e4kyy r\u00e4j\u00e4ht\u00e4nyt roska-astia.\n    <\/p>\n<p class=\"article__paragraph\">\n      Yksi ihminen on loukkaantunut r\u00e4j\u00e4hdyksess\u00e4 ja h\u00e4net on kuljetettu hoitoon, viranomaiset kertovat. Kauppakeskuksesta on medioiden mukaan evakuoitu ihmisi\u00e4.\n    <\/p>\n<p class=\"article__paragraph\">\n      ERR:n haastattelemat ihmiset kertovat kuulleensa voimakkaan r\u00e4j\u00e4hdyksen \u00e4\u00e4nen.\n    <\/p>\n<p class=\"article__paragraph\">\n      Pelastusviranomaiset saivat tiedon tapahtuneesta hieman ennen iltaseitsem\u00e4\u00e4.\n    <\/p>\n<p class=\"article__paragraph\">\n      Suomessa asiasta uutisoi aiemmin muun muassa <a href=\"https:\/\/www.is.fi\/ulkomaat\/art-2000011707344.html\" rel=\"nofollow noopener\" target=\"_blank\">Ilta-Sanomat<\/a>.\n    <\/p>\n","protected":false},"excerpt":{"rendered":"Tallinnassa sijaitsevassa \u00dclemisten kauppakeskuksessa r\u00e4j\u00e4hti lauantaina alkuillasta. Kuva on vuodelta 2021. Kuva: Raul Mee \/ Str \/ Lehtikuva&hellip;\n","protected":false},"author":2,"featured_media":121861,"comment_status":"","ping_status":"","sticky":false,"template":"","format":"standard","meta":{"footnotes":""},"categories":[12],"tags":[22,23,26,27,33,31,30,17,24,25,28,29,15,18,21,32,19,20,16],"class_list":{"0":"post-121860","1":"post","2":"type-post","3":"status-publish","4":"format-standard","5":"has-post-thumbnail","7":"category-suomi","8":"tag-breaking-news","9":"tag-breakingnews","10":"tag-featured-news","11":"tag-featurednews","12":"tag-fi","13":"tag-finland","14":"tag-finnish","15":"tag-headlines","16":"tag-latest-news","17":"tag-latestnews","18":"tag-main-news","19":"tag-mainnews","20":"tag-news","21":"tag-otsikot","22":"tag-paauutiset","23":"tag-suomi","24":"tag-top-stories","25":"tag-topstories","26":"tag-uutiset"},"share_on_mastodon":{"url":"https:\/\/pubeurope.com\/@fi\/115754615950722593","error":""},"_links":{"self":[{"href":"https:\/\/www.europesays.com\/fi\/wp-json\/wp\/v2\/posts\/121860","targetHints":{"allow":["GET"]}}],"collection":[{"href":"https:\/\/www.europesays.com\/fi\/wp-json\/wp\/v2\/posts"}],"about":[{"href":"https:\/\/www.europesays.com\/fi\/wp-json\/wp\/v2\/types\/post"}],"author":[{"embeddable":true,"href":"https:\/\/www.europesays.com\/fi\/wp-json\/wp\/v2\/users\/2"}],"replies":[{"embeddable":true,"href":"https:\/\/www.europesays.com\/fi\/wp-json\/wp\/v2\/comments?post=121860"}],"version-history":[{"count":0,"href":"https:\/\/www.europesays.com\/fi\/wp-json\/wp\/v2\/posts\/121860\/revisions"}],"wp:featuredmedia":[{"embeddable":true,"href":"https:\/\/www.europesays.com\/fi\/wp-json\/wp\/v2\/media\/121861"}],"wp:attachment":[{"href":"https:\/\/www.europesays.com\/fi\/wp-json\/wp\/v2\/media?parent=121860"}],"wp:term":[{"taxonomy":"category","embeddable":true,"href":"https:\/\/www.europesays.com\/fi\/wp-json\/wp\/v2\/categories?post=121860"},{"taxonomy":"post_tag","embeddable":true,"href":"https:\/\/www.europesays.com\/fi\/wp-json\/wp\/v2\/tags?post=121860"}],"curies":[{"name":"wp","href":"https:\/\/api.w.org\/{rel}","templated":true}]}}