{"id":121862,"date":"2025-12-21T00:00:07","date_gmt":"2025-12-21T00:00:07","guid":{"rendered":"https:\/\/www.europesays.com\/fi\/121862\/"},"modified":"2025-12-21T00:00:07","modified_gmt":"2025-12-21T00:00:07","slug":"raivo-repesi-helsingin-kohutusta-nyrkkeilyillasta-rahat-takaisin-iltalehti","status":"publish","type":"post","link":"https:\/\/www.europesays.com\/fi\/121862\/","title":{"rendered":"Raivo repesi Helsingin kohutusta nyrkkeilyillasta \u2013 \u201dRahat takaisin!\u201d &#8211; Iltalehti"},"content":{"rendered":"<ol>\n<li><a href=\"https:\/\/news.google.com\/rss\/articles\/CBMihAFBVV95cUxPNS1UX0NQMEpzQWVVY3dIcGVOU3VreUw4Sm9pZXlueDRncnBfTHRZVU1tRGZqZjVMT3IzTGJ1TTZ5SFNjTDhvc0ptbnZieEFFQWtMWkZVbC1kSkVLTXFFb3FBbFZhTVhNMlI1X3NnRElKVkU1NTdWQ1A4dlkzTmNJaHNrb24?oc=5\" target=\"_blank\" rel=\"nofollow noopener\">Raivo repesi Helsingin kohutusta nyrkkeilyillasta \u2013 \u201dRahat takaisin!\u201d<\/a>&nbsp;&nbsp;Iltalehti<\/li>\n<li><a href=\"https:\/\/news.google.com\/rss\/articles\/CBMiX0FVX3lxTE9GU1hqQU1OUngzRTNtc011N3RzaXRlaUc3NjdtZVRtMWJXeEgtRFFtMEtuNnhCdFhvU0J4ekFnOE90djBxN05HSkhKY3l1WFFhN2ltc05PeEhvOEV5ZHZJ?oc=5\" target=\"_blank\" rel=\"nofollow noopener\">Kommentti: Helsingiss\u00e4 n\u00e4htiin nyrkkeilyn irvikuva \u2013 farssi oli valmis heti k\u00e4ttelyss\u00e4<\/a>&nbsp;&nbsp;Ilta-Sanomat<\/li>\n<li><a href=\"https:\/\/news.google.com\/rss\/articles\/CBMibkFVX3lxTE1RdkhXUDVMdk1ETzZMSVFmUl95b0JBU2wwUGNJOVh1b0pXSFNsOC1OcExCaFpJcmZNSzlQMjlFMzNzLXRmSndTUmxxb05pUVJGdnEtR3FycVV0d18wcVktQnI5c3JQZVRkc29TS1Rn?oc=5\" target=\"_blank\" rel=\"nofollow noopener\">Naisen ja miehen nyrkkeilyottelu p\u00e4\u00e4ttyi fiaskoon Helsingiss\u00e4 \u2013 Claudia luovutti 2. er\u00e4ss\u00e4<\/a>&nbsp;&nbsp;Pallomeri.net<\/li>\n<li><a href=\"https:\/\/news.google.com\/rss\/articles\/CBMifEFVX3lxTE94SEZmYWdnSldicU9nc0RyNmJHS2lYTl9Scld1X0JscUl0TFVSR0s1Y1QwYmliZENjUHVIZUkzZ2pIbDJCYnBobWhuUEQzQ1NNdkJYR0ZNTUp4bUFaVjd5SXZLdVpHUE1jdE5pZFBoN0syZF94eGNBYWRVSnA?oc=5\" target=\"_blank\" rel=\"nofollow noopener\">Valavuorelta t\u00f6rkykuitti Kalle Palanderille<\/a>&nbsp;&nbsp;Como.fi<\/li>\n<li><a href=\"https:\/\/news.google.com\/rss\/articles\/CBMinAFBVV95cUxOM042VlZ2VkhBTUJhc2kzSzhjOUNxdVRXcElRUUNrS1VhOVRLdjFXQzY0eklRMW9saDltM2Ytd01lR2Mya3R6Qm53RldTU2ZZeWU2WWQ0Sjk3N2p4a25FNDBCaDF0SDMtUTFXQ2FxV0JJblB3NVg2NTlOWjJ1a2VqS1hwUGpqNEVkZkpPanJHa0FlbDg5bVZ5RUVOSGI?oc=5\" target=\"_blank\" rel=\"nofollow noopener\">N\u00e4in k\u00e4vi 1vs1 -kohutapahtuman p\u00e4\u00e4ottelussa, jossa kohtasivat mies ja nainen<\/a>&nbsp;&nbsp;Gekkonen<\/li>\n<\/ol>\n","protected":false},"excerpt":{"rendered":"Raivo repesi Helsingin kohutusta nyrkkeilyillasta \u2013 \u201dRahat takaisin!\u201d&nbsp;&nbsp;Iltalehti Kommentti: Helsingiss\u00e4 n\u00e4htiin nyrkkeilyn irvikuva \u2013 farssi oli valmis heti&hellip;\n","protected":false},"author":2,"featured_media":121863,"comment_status":"","ping_status":"","sticky":false,"template":"","format":"standard","meta":{"footnotes":""},"categories":[5],"tags":[35,22,23,26,27,33,31,30,17,147,763,24,25,41,28,29,1616,15,18,21,979,32,397,19,20,16],"class_list":{"0":"post-121862","1":"post","2":"type-post","3":"status-publish","4":"format-standard","5":"has-post-thumbnail","7":"category-otsikot","8":"tag-24h","9":"tag-breaking-news","10":"tag-breakingnews","11":"tag-featured-news","12":"tag-featurednews","13":"tag-fi","14":"tag-finland","15":"tag-finnish","16":"tag-headlines","17":"tag-internet-palvelut","18":"tag-kulttuuri-ja-viihde","19":"tag-latest-news","20":"tag-latestnews","21":"tag-liikunta-ja-urheilu","22":"tag-main-news","23":"tag-mainnews","24":"tag-media-viestinta","25":"tag-news","26":"tag-otsikot","27":"tag-paauutiset","28":"tag-sahkoinen-media","29":"tag-suomi","30":"tag-taide","31":"tag-top-stories","32":"tag-topstories","33":"tag-uutiset"},"share_on_mastodon":{"url":"https:\/\/pubeurope.com\/@fi\/115754619562534316","error":""},"_links":{"self":[{"href":"https:\/\/www.europesays.com\/fi\/wp-json\/wp\/v2\/posts\/121862","targetHints":{"allow":["GET"]}}],"collection":[{"href":"https:\/\/www.europesays.com\/fi\/wp-json\/wp\/v2\/posts"}],"about":[{"href":"https:\/\/www.europesays.com\/fi\/wp-json\/wp\/v2\/types\/post"}],"author":[{"embeddable":true,"href":"https:\/\/www.europesays.com\/fi\/wp-json\/wp\/v2\/users\/2"}],"replies":[{"embeddable":true,"href":"https:\/\/www.europesays.com\/fi\/wp-json\/wp\/v2\/comments?post=121862"}],"version-history":[{"count":0,"href":"https:\/\/www.europesays.com\/fi\/wp-json\/wp\/v2\/posts\/121862\/revisions"}],"wp:featuredmedia":[{"embeddable":true,"href":"https:\/\/www.europesays.com\/fi\/wp-json\/wp\/v2\/media\/121863"}],"wp:attachment":[{"href":"https:\/\/www.europesays.com\/fi\/wp-json\/wp\/v2\/media?parent=121862"}],"wp:term":[{"taxonomy":"category","embeddable":true,"href":"https:\/\/www.europesays.com\/fi\/wp-json\/wp\/v2\/categories?post=121862"},{"taxonomy":"post_tag","embeddable":true,"href":"https:\/\/www.europesays.com\/fi\/wp-json\/wp\/v2\/tags?post=121862"}],"curies":[{"name":"wp","href":"https:\/\/api.w.org\/{rel}","templated":true}]}}