{"id":121866,"date":"2025-12-21T00:19:09","date_gmt":"2025-12-21T00:19:09","guid":{"rendered":"https:\/\/www.europesays.com\/fi\/121866\/"},"modified":"2025-12-21T00:19:09","modified_gmt":"2025-12-21T00:19:09","slug":"veronika-23-puhuu-avoimesti-seksista-paljasti-omat-tapansa-ennen-ottelua","status":"publish","type":"post","link":"https:\/\/www.europesays.com\/fi\/121866\/","title":{"rendered":"Veronika, 23, puhuu avoimesti seksist\u00e4 \u2013 Paljasti omat tapansa ennen ottelua"},"content":{"rendered":"<p>Veronika Smolkov\u00e1 puhui avoimesti petipuuhistaan.<\/p>\n<p><img decoding=\"async\" class=\"image image-show image-preview\" src=\"https:\/\/www.europesays.com\/fi\/wp-content\/uploads\/2025\/12\/ab664446ecc78db5b27510a54ff05f2f66da15b5a79b91366098780b46ac8985.jpg\" alt=\"\"\/><img decoding=\"async\" class=\"image image-show\" src=\"https:\/\/www.europesays.com\/fi\/wp-content\/uploads\/2025\/12\/1766276349_498_ab664446ecc78db5b27510a54ff05f2f66da15b5a79b91366098780b46ac8985.jpg\" alt=\"\"\/><\/p>\n<p>Veronika Smolkov\u00e1n peitto ei heilu ennen ottelua. AOP<\/p>\n<p class=\"paragraph\">Vapaaottelija <strong>Veronika Smolkov\u00e1<\/strong>, 23, r\u00e4v\u00e4ytti taannoin, kun h\u00e4n alkoi puhua avoimesti kamppailu-urheiluun liittyv\u00e4st\u00e4 er\u00e4\u00e4nlaisesta tabusta eli seksist\u00e4 ennen ottelua.<\/p>\n<p class=\"paragraph\">\u2013 Kun treenaa koko ajan miesten kanssa, niin sit\u00e4 oppii olemaan aika avoin kaikesta. Minulle seksi aiheena ei ole sellainen, jota h\u00e4pe\u00e4isin. Oikeastaan p\u00e4invastoin. Minusta siit\u00e4 pit\u00e4isikin puhua, Smolkov\u00e1 kertoo <a href=\"https:\/\/www.ruik.cz\/smolkova-pred-zivotni-vyzvou-titul-oktagonu-zatim-nechce-promluvila-i-o-sexu-pred-bojem\/\" target=\"_blank\" rel=\"noopener nofollow\">Ruik.cz-sivustolle<\/a>.<\/p>\n<p class=\"paragraph\">Nainen paljasti my\u00f6s, heiluuko h\u00e4nen peittonsa ennen otteluja.<\/p>\n<p class=\"paragraph\">\u2013 Ennen ottelua tunnen, kuinka p\u00e4\u00e4ni ja kehoni ovat valmiita dieettiin ja ett\u00e4 haluan todella otella. Silloin n\u00e4m\u00e4 jutut ovat viimeisi\u00e4 asioita, joita haluan tehd\u00e4.<\/p>\n<p class=\"paragraph\">Smolkov\u00e1n mielest\u00e4 siin\u00e4 ei ole mit\u00e4\u00e4n pahaa, ett\u00e4 h\u00e4n kertoo tunteistaan avoimesti.<\/p>\n<p class=\"paragraph\">\u2013 Minulla ei ole mit\u00e4\u00e4n ongelmaa puhua siit\u00e4. Minusta se ei ole mitenk\u00e4\u00e4n mautonta \u2013 p\u00e4invastoin. Siit\u00e4 pit\u00e4isi puhua, Smolkov\u00e1 toistaa.<\/p>\n<p class=\"paragraph\">\u201dSweetheart\u201d-lempinimell\u00e4 tunnettu vapaaottelija v\u00e4\u00e4nt\u00e4\u00e4 k\u00e4rp\u00e4ssarjassa. Smolkov\u00e1 on otellut urallaan kymmenen kertaa. Saldona on seitsem\u00e4n voittoa ja kolme tappiota.<\/p>\n<p class=\"paragraph\">Jos kuvat eiv\u00e4t n\u00e4y laitteellasi, voit katsoa ne <a href=\"https:\/\/www.instagram.com\/p\/DJtEkj1I88e\/?hl=fi&amp;img_index=1\" target=\"_blank\" rel=\"noopener nofollow\">t\u00e4\u00e4lt\u00e4<\/a>.<\/p>\n<p><script async src=\"\/\/www.instagram.com\/embed.js\"><\/script><\/p>\n","protected":false},"excerpt":{"rendered":"Veronika Smolkov\u00e1 puhui avoimesti petipuuhistaan. Veronika Smolkov\u00e1n peitto ei heilu ennen ottelua. AOP Vapaaottelija Veronika Smolkov\u00e1, 23, r\u00e4v\u00e4ytti&hellip;\n","protected":false},"author":2,"featured_media":121867,"comment_status":"","ping_status":"","sticky":false,"template":"","format":"standard","meta":{"footnotes":""},"categories":[158],"tags":[35,1393,33,31,30,41,2232,159,32,167,2332,160],"class_list":{"0":"post-121866","1":"post","2":"type-post","3":"status-publish","4":"format-standard","5":"has-post-thumbnail","7":"category-urheilu","8":"tag-24h","9":"tag-elintavat","10":"tag-fi","11":"tag-finland","12":"tag-finnish","13":"tag-liikunta-ja-urheilu","14":"tag-ruumiillinen-kunto","15":"tag-sports","16":"tag-suomi","17":"tag-terveys","18":"tag-terveyselamantapa","19":"tag-urheilu"},"share_on_mastodon":{"url":"https:\/\/pubeurope.com\/@fi\/115754694601493882","error":""},"_links":{"self":[{"href":"https:\/\/www.europesays.com\/fi\/wp-json\/wp\/v2\/posts\/121866","targetHints":{"allow":["GET"]}}],"collection":[{"href":"https:\/\/www.europesays.com\/fi\/wp-json\/wp\/v2\/posts"}],"about":[{"href":"https:\/\/www.europesays.com\/fi\/wp-json\/wp\/v2\/types\/post"}],"author":[{"embeddable":true,"href":"https:\/\/www.europesays.com\/fi\/wp-json\/wp\/v2\/users\/2"}],"replies":[{"embeddable":true,"href":"https:\/\/www.europesays.com\/fi\/wp-json\/wp\/v2\/comments?post=121866"}],"version-history":[{"count":0,"href":"https:\/\/www.europesays.com\/fi\/wp-json\/wp\/v2\/posts\/121866\/revisions"}],"wp:featuredmedia":[{"embeddable":true,"href":"https:\/\/www.europesays.com\/fi\/wp-json\/wp\/v2\/media\/121867"}],"wp:attachment":[{"href":"https:\/\/www.europesays.com\/fi\/wp-json\/wp\/v2\/media?parent=121866"}],"wp:term":[{"taxonomy":"category","embeddable":true,"href":"https:\/\/www.europesays.com\/fi\/wp-json\/wp\/v2\/categories?post=121866"},{"taxonomy":"post_tag","embeddable":true,"href":"https:\/\/www.europesays.com\/fi\/wp-json\/wp\/v2\/tags?post=121866"}],"curies":[{"name":"wp","href":"https:\/\/api.w.org\/{rel}","templated":true}]}}