{"id":121873,"date":"2025-12-21T00:26:09","date_gmt":"2025-12-21T00:26:09","guid":{"rendered":"https:\/\/www.europesays.com\/fi\/121873\/"},"modified":"2025-12-21T00:26:09","modified_gmt":"2025-12-21T00:26:09","slug":"kolme-poliisia-tuomittiin-elokapina-mielenosoituksesta","status":"publish","type":"post","link":"https:\/\/www.europesays.com\/fi\/121873\/","title":{"rendered":"Kolme poliisia tuomittiin Elokapina-mielenosoituksesta"},"content":{"rendered":"<p>Helsingin hovioikeus katsoi kolmen poliisin syyllistyneen tuottamukselliseen virkavelvollisuuden rikkomiseen.<\/p>\n<p><img decoding=\"async\" class=\"image image-show image-preview\" src=\"https:\/\/www.europesays.com\/fi\/wp-content\/uploads\/2025\/12\/1f0b3b48e89ea1f866bae64f7d591554ef672a026e747dc2a07f0dd84ec46c85.jpg\" alt=\"\"\/><img decoding=\"async\" class=\"image image-show\" src=\"https:\/\/www.europesays.com\/fi\/wp-content\/uploads\/2025\/12\/1766276769_972_1f0b3b48e89ea1f866bae64f7d591554ef672a026e747dc2a07f0dd84ec46c85.jpg\" alt=\"\"\/><\/p>\n<p>Kuva Elokapinan mielenosoituksesta lokakuulta 2020. Heini Kilpam\u00e4ki<\/p>\n<p class=\"paragraph\">Helsingin hovioikeus katsoo kolmen poliisin syyllistyneen virkarikokseen. Asia koskee Helsingiss\u00e4 lokakuussa 2020 j\u00e4rjestetty\u00e4 Elokapinan mielenosoitusta.<\/p>\n<p class=\"paragraph\">Poliisi k\u00e4ytti mielenosoituksessa OC-kaasua, eli paprikasumutetta mielenosoittajiin, jotka olivat tukkineet Helsingin Unioninkadun autoliikenteen.<\/p>\n<p class=\"paragraph\">Hovioikeus piti voimassa k\u00e4r\u00e4j\u00e4oikeuden asettaman sakkorangaistuksen yleisjohtajalle tuottamuksellisesta virkavelvollisuuden rikkomisesta.<\/p>\n<p class=\"paragraph\">Hovioikeuden tuore p\u00e4\u00e4t\u00f6s eroaa k\u00e4r\u00e4j\u00e4oikeuden p\u00e4\u00e4t\u00f6ksest\u00e4 sen osalta, ett\u00e4 hovioikeus katsoi, ett\u00e4 my\u00f6s kaksi muuta poliisia syyllistyiv\u00e4t tuottamukselliseen virkavelvollisuuden rikkomiseen. Toinen poliiseista ty\u00f6skenteli mielenosoituksessa tilannejohtajana ja toinen piti huolta k\u00e4yt\u00e4nn\u00f6n toiminnastaan. J\u00e4lkimm\u00e4inen poliisi antoi alaisilleen m\u00e4\u00e4r\u00e4yksen pippurisumutteen k\u00e4yt\u00f6st\u00e4.<\/p>\n<p class=\"paragraph\">Hovioikeus perustelee tuomiota sill\u00e4, ett\u00e4 kahdella poliisilla olisi ollu velvollisuus itsen\u00e4iseen harkintaan OC-sumutteen k\u00e4yt\u00f6n edellytysten suhteen. M\u00e4\u00e4r\u00e4ys ei velvoittanut heit\u00e4 k\u00e4ytt\u00e4m\u00e4\u00e4n sumutetta.<\/p>\n<p class=\"paragraph\">\u2013 Tilanne ei ole ollut niin kiireellinen, etteik\u00f6 heill\u00e4 olisi ollut aikaa harkita sumutteen k\u00e4yt\u00f6n v\u00e4ltt\u00e4m\u00e4tt\u00f6myytt\u00e4 ja sen soveltumista voimank\u00e4ytt\u00f6keinona kadulla istuviin henkil\u00f6ihin siit\u00e4 huolimatta, ett\u00e4 heid\u00e4n esimiehens\u00e4 oli jo hyv\u00e4ksynyt sumutteen kysymykseen tulevana voimank\u00e4yt\u00f6n keinona, hovioikeus katsoi.<\/p>\n<p class=\"paragraph\">Molemmat poliisit tuomittiin hovioikeudessa tuottamuksellisesta virkavelvollisuuden rikkomisesta 30 p\u00e4iv\u00e4sakkoon. Se tekee heid\u00e4n tuloillaan 1410 ja 1560 euroa.<\/p>\n<p class=\"paragraph\"><a href=\"https:\/\/www.iltalehti.fi\/kotimaa\/acd9d966-a95d-4f93-9460-b35be53e1693\" rel=\"nofollow noopener\" target=\"_blank\">K\u00e4r\u00e4j\u00e4oikeus ei pit\u00e4nyt sumuttamista pahoinpitelyn\u00e4<\/a>. K\u00e4r\u00e4j\u00e4oikeus tuomitsi vain yleisjohtajana toimineen komisarion, joka hyv\u00e4ksyi OC-sumutteen k\u00e4yt\u00f6n ja hylk\u00e4si kuuden muun poliisin syytteet. Komisario sai tuomion tuottamuksellisesta virkavelvollisuuden rikkomisesta. H\u00e4n sai rangaistukseksi 30 p\u00e4iv\u00e4sakkoa, joka teki komisarion tuloilla 1530 euroa. Komisarion muut syytteet hyl\u00e4ttiin.<\/p>\n<p class=\"paragraph\">Elokapina j\u00e4rjesti lokakuussa tiesulun Helsingiss\u00e4 osana mielenilmausta. Aktivistit istuivat Unioninkadulle Varsapuiston tuntumaan ja sulkivat tien.<\/p>\n","protected":false},"excerpt":{"rendered":"Helsingin hovioikeus katsoi kolmen poliisin syyllistyneen tuottamukselliseen virkavelvollisuuden rikkomiseen. Kuva Elokapinan mielenosoituksesta lokakuulta 2020. Heini Kilpam\u00e4ki Helsingin hovioikeus&hellip;\n","protected":false},"author":2,"featured_media":121874,"comment_status":"","ping_status":"","sticky":false,"template":"","format":"standard","meta":{"footnotes":""},"categories":[5],"tags":[35,22,23,26,27,33,31,30,17,53,24,25,28,29,15,977,976,18,21,52,38,32,19,20,16],"class_list":{"0":"post-121873","1":"post","2":"type-post","3":"status-publish","4":"format-standard","5":"has-post-thumbnail","7":"category-otsikot","8":"tag-24h","9":"tag-breaking-news","10":"tag-breakingnews","11":"tag-featured-news","12":"tag-featurednews","13":"tag-fi","14":"tag-finland","15":"tag-finnish","16":"tag-headlines","17":"tag-laki-oikeus-ja-rikos","18":"tag-latest-news","19":"tag-latestnews","20":"tag-main-news","21":"tag-mainnews","22":"tag-news","23":"tag-oikeusistuimet","24":"tag-oikeusprosessit","25":"tag-otsikot","26":"tag-paauutiset","27":"tag-poliisi","28":"tag-rikos","29":"tag-suomi","30":"tag-top-stories","31":"tag-topstories","32":"tag-uutiset"},"share_on_mastodon":{"url":"https:\/\/pubeurope.com\/@fi\/115754722028519008","error":""},"_links":{"self":[{"href":"https:\/\/www.europesays.com\/fi\/wp-json\/wp\/v2\/posts\/121873","targetHints":{"allow":["GET"]}}],"collection":[{"href":"https:\/\/www.europesays.com\/fi\/wp-json\/wp\/v2\/posts"}],"about":[{"href":"https:\/\/www.europesays.com\/fi\/wp-json\/wp\/v2\/types\/post"}],"author":[{"embeddable":true,"href":"https:\/\/www.europesays.com\/fi\/wp-json\/wp\/v2\/users\/2"}],"replies":[{"embeddable":true,"href":"https:\/\/www.europesays.com\/fi\/wp-json\/wp\/v2\/comments?post=121873"}],"version-history":[{"count":0,"href":"https:\/\/www.europesays.com\/fi\/wp-json\/wp\/v2\/posts\/121873\/revisions"}],"wp:featuredmedia":[{"embeddable":true,"href":"https:\/\/www.europesays.com\/fi\/wp-json\/wp\/v2\/media\/121874"}],"wp:attachment":[{"href":"https:\/\/www.europesays.com\/fi\/wp-json\/wp\/v2\/media?parent=121873"}],"wp:term":[{"taxonomy":"category","embeddable":true,"href":"https:\/\/www.europesays.com\/fi\/wp-json\/wp\/v2\/categories?post=121873"},{"taxonomy":"post_tag","embeddable":true,"href":"https:\/\/www.europesays.com\/fi\/wp-json\/wp\/v2\/tags?post=121873"}],"curies":[{"name":"wp","href":"https:\/\/api.w.org\/{rel}","templated":true}]}}