{"id":121875,"date":"2025-12-21T00:38:14","date_gmt":"2025-12-21T00:38:14","guid":{"rendered":"https:\/\/www.europesays.com\/fi\/121875\/"},"modified":"2025-12-21T00:38:14","modified_gmt":"2025-12-21T00:38:14","slug":"nakokulma-jari-sillanpaa-laulaa-yha-eika-suostu-katumaan-ja-se-arsyttaa-monia","status":"publish","type":"post","link":"https:\/\/www.europesays.com\/fi\/121875\/","title":{"rendered":"N\u00e4k\u00f6kulma: Jari Sillanp\u00e4\u00e4 laulaa yh\u00e4 eik\u00e4 suostu katumaan \u2013 ja se \u00e4rsytt\u00e4\u00e4 monia"},"content":{"rendered":"<p class=\"has-drop-cap\"><strong><a href=\"https:\/\/www.tanssiin.fi\/tag\/jari-sillanpaa\/\" title=\"jari sillanp\u00e4\u00e4\" rel=\"nofollow noopener\" target=\"_blank\">Jari Sillanp\u00e4\u00e4n<\/a><\/strong> esiintyminen Valo on meiss\u00e4 -joulukonsertissaan Laihian kirkossa jakoi mielipiteet, kuten arvata saattoi. Osa n\u00e4ki sen loukkauksena kirkon arvoja kohtaan, osa puolestaan muistutuksena kristinuskon ydinsanomasta: armosta. Molemmat ovat oikeassa \u2013 ja juuri siksi t\u00e4st\u00e4 pit\u00e4isi uskaltaa puhua rehellisesti.<\/p>\n<p>Tanssiin.fi uutisoi tangokuninkaan keskustelua her\u00e4tt\u00e4neest\u00e4 kirkkokonsertista vastik\u00e4\u00e4n: <a href=\"https:\/\/www.tanssiin.fi\/jari-sillanpaa-villitsi-kirkkokansan-laihian-kohukonsertissa\/\" title=\"Jari Sillanp\u00e4\u00e4 villitsi kirkkokansan Laihian kohukonsertissa\" rel=\"nofollow noopener\" target=\"_blank\">Jari Sillanp\u00e4\u00e4 villitsi kirkkokansan Laihian kohukonsertissa<\/a><\/p>\n<p>Aloitetaan ep\u00e4mukavasta p\u00e4\u00e4st\u00e4.<\/p>\n<p>Sillanp\u00e4\u00e4 ei ole vain \u201dkohuja kokenut artisti\u201d. H\u00e4net on tuomittu <a href=\"https:\/\/www.tanssiin.fi\/jari-sillanpaa-tuomittiin-jattisakkoihin-tallensi-kuvia-aikuisen-ja-lapsen-seksiaktista\/\" title=\"Jari Sillanp\u00e4\u00e4 tuomittiin j\u00e4ttisakkoihin: tallensi kuvia aikuisen ja lapsen seksiaktista\" rel=\"nofollow noopener\" target=\"_blank\">rikoksista<\/a>, joihin liittyy huumeita ja sukupuolisiveytt\u00e4 loukkaavaa materiaalia. Ne eiv\u00e4t ole pikku mokia, eiv\u00e4tk\u00e4 ne katoa ajan my\u00f6t\u00e4 vain siksi, ett\u00e4 lavalla lauletaan kauniisti tai ett\u00e4 yleis\u00f6 nousee seisomaan.<\/p>\n<p>Monille \u2013 aivan perustellusti \u2013 ajatus t\u00e4llaisen henkil\u00f6n esiintymisest\u00e4 kirkossa tuntuu v\u00e4\u00e4r\u00e4lt\u00e4. Kirkko ei ole mik\u00e4 tahansa konserttisali. Se on paikka, jonka symbolinen merkitys on valtava.<\/p>\n<p>On t\u00e4ysin ymm\u00e4rrett\u00e4v\u00e4\u00e4, ett\u00e4 osa ihmisist\u00e4 kokee rajan ylittyneen.<\/p>\n<p><strong>Lue my\u00f6s: <\/strong><a href=\"https:\/\/www.tanssiin.fi\/laihian-kirkkoherra-puolustaa-jari-sillanpaata\/\" title=\"Laihian kirkkoherra puolustaa Jari Sillanp\u00e4\u00e4t\u00e4\" rel=\"nofollow noopener\" target=\"_blank\">Laihian kirkkoherra puolustaa Jari Sillanp\u00e4\u00e4t\u00e4<\/a><\/p>\n<p>Ihminen voi olla syyllinen, erehtynyt ja edelleen arvokas<\/p>\n<p>Mutta sitten on toinen puoli, jota ei voi ohittaa.<\/p>\n<p>Jos kirkko alkaa sulkea oviaan ihmisilt\u00e4 heid\u00e4n menneisyytens\u00e4 perusteella, se lakkaa olemasta kirkko siin\u00e4 merkityksess\u00e4, johon se itse viittaa. Kristinusko ei ole ansioluetteloiden l\u00e4pik\u00e4ynti\u00e4. Se on kertomus ihmisist\u00e4, jotka ovat ep\u00e4onnistuneet ja joille silti annetaan mahdollisuus nousta. Ajatus siit\u00e4, ett\u00e4 ihminen m\u00e4\u00e4ritell\u00e4\u00e4n loppui\u00e4kseen pahimman tekonsa kautta, on enemm\u00e4n sosiaalisen median kuin kirkon tai muiden tapahtumaj\u00e4rjest\u00e4jien logiikkaa.<\/p>\n<p>Laihialla kirkko oli t\u00e4ynn\u00e4. Yleis\u00f6 taputti seisaallaan. Se ei ollut vahinko, eik\u00e4 se ollut provokaatio. Se oli merkki siit\u00e4, ett\u00e4 suuri joukko suomalaisia ajattelee: ihminen voi olla yht\u00e4 aikaa syyllinen ja lahjakas, erehtynyt ja edelleen arvokas.<\/p>\n<p>Silti Sillanp\u00e4\u00e4 ei ole t\u00e4ysin syyt\u00f6n t\u00e4m\u00e4n keskustelun k\u00e4rjistymiseen. H\u00e4nen toistuva toteamuksensa siit\u00e4, ettei voi \u201dloppuel\u00e4m\u00e4\u00e4ns\u00e4 pyyt\u00e4\u00e4 anteeksi\u201d, kuulostaa monien korvissa v\u00e4linpit\u00e4m\u00e4tt\u00f6myydelt\u00e4, vaikka tarkoitus olisi vain vet\u00e4\u00e4 raja itses\u00e4\u00e4lin ja vastuun v\u00e4liin.<\/p>\n<p><strong>Lue my\u00f6s: <\/strong><a href=\"https:\/\/www.tanssiin.fi\/kirkot-heittamassa-ulos-hapellinen-seksirikossyyte-romahduttaa-jari-sillanpaan-paluun\/\" title=\"H\u00e4pe\u00e4llinen seksirikossyyte romahduttaa Jari Sillanp\u00e4\u00e4n paluun \u2013 kirkot heittiv\u00e4t ulos\" rel=\"nofollow noopener\" target=\"_blank\">H\u00e4pe\u00e4llinen seksirikossyyte romahduttaa Jari Sillanp\u00e4\u00e4n paluun \u2013 kirkot heittiv\u00e4t ulos<\/a><\/p>\n<blockquote>\n<p>Katumus mitataan teoissa ja sanoissa<\/p>\n<\/blockquote>\n<p>Anteeksipyynn\u00f6n ei tarvitse olla jatkuvaa, mutta katumus ei my\u00f6sk\u00e4\u00e4n ole kertaluonteinen lehdist\u00f6tilaisuus. Se on asennetta, jota mitataan teoissa ja sanoissa, my\u00f6s silloin kun mikrofoni ei ole k\u00e4dess\u00e4.<\/p>\n<p>Kysymys ei siis lopulta ole siit\u00e4, saako Jari Sillanp\u00e4\u00e4 laulaa kirkossa. H\u00e4n sai, ja konsertti onnistui. Kysymys on siit\u00e4, miten me suhtaudumme ihmisiin, jotka ovat rikkoneet lakia ja moraalia, ja mit\u00e4 vaadimme heilt\u00e4 ennen kuin olemme valmiita katsomaan eteenp\u00e4in.<\/p>\n<p>Jos vastaus on \u201dei koskaan mit\u00e4\u00e4n\u201d, silloin emme usko muutokseen. Jos vastaus on \u201dihan sama\u201d, silloin emme usko vastuuseen.<\/p>\n<p>Totuus on, kuten usein, ep\u00e4mukavasti siin\u00e4 v\u00e4liss\u00e4.<\/p>\n<p>Ja juuri t\u00e4ss\u00e4 v\u00e4litilassa Sillanp\u00e4\u00e4n tulevaisuus nyt lep\u00e4\u00e4.<\/p>\n<p><strong>Lue my\u00f6s:<\/strong> <a href=\"https:\/\/www.tanssiin.fi\/seinajoella-kyynelehtinyt-jari-sillanpaa-vertaa-kohteluaan-koulukiusaamiseen-itkee-ylella-tuntuu-niin-pahalta\/\" title=\"Sein\u00e4joella kyynelehtinyt Jari Sillanp\u00e4\u00e4 vertaa kohteluaan koulukiusaamiseen \u2013 itkee Ylell\u00e4: \u201dTuntuu niin pahalta\u201d\" rel=\"nofollow noopener\" target=\"_blank\">Sein\u00e4joella kyynelehtinyt Jari Sillanp\u00e4\u00e4 vertaa kohteluaan koulukiusaamiseen \u2013 itkee Ylell\u00e4: \u201dTuntuu niin pahalta\u201d<\/a><\/p>\n<p>Sillanp\u00e4\u00e4st\u00e4 ei en\u00e4\u00e4 koskaan tule koko kansan suosikkia<\/p>\n<p>On helppo todeta, ett\u00e4 h\u00e4nen uransa olisi pit\u00e4nyt p\u00e4\u00e4tty\u00e4 jo. Moni olisi vet\u00e4ytynyt, kadonnut hiljaa taustalle, vaihtanut alaa tai lopettanut esiintymisen kokonaan. Sillanp\u00e4\u00e4 ei ole tehnyt niin. H\u00e4n on jatkanut laulamista sitke\u00e4sti, vaikka vastassa on ollut peruttuja keikkoja, kylm\u00e4\u00e4 sel\u00e4n k\u00e4\u00e4nt\u00e4mist\u00e4, somevihaa ja jatkuvaa muistutusta menneist\u00e4 teoista.<\/p>\n<p>Jopa radiot kielt\u00e4ytyv\u00e4t Suomessa yh\u00e4 soittamasta h\u00e4nen musiikkiaan, kuten Tanssiin.fi on kertonut:<strong> <\/strong><a href=\"https:\/\/www.tanssiin.fi\/il-jari-sillanpaan-musiikki-on-kielletty-suomen-radioissa\/\" title=\"IL: Jari Sillanp\u00e4\u00e4n musiikki on kielletty Suomen radioissa\" rel=\"nofollow noopener\" target=\"_blank\">IL: Jari Sillanp\u00e4\u00e4n musiikki on kielletty Suomen radioissa<\/a><\/p>\n<p>Se vaatii poikkeuksellista sinnikkyytt\u00e4 tai poikkeuksellista itsep\u00e4isyytt\u00e4, n\u00e4k\u00f6kulmasta riippuen.<\/p>\n<p>Yhdelle se on merkki siit\u00e4, ett\u00e4 musiikki on h\u00e4nelle elinehto, tapa pysy\u00e4 kiinni el\u00e4m\u00e4ss\u00e4 ja identiteetiss\u00e4, joka rakentui laulamisen varaan jo vuosikymmeni\u00e4 sitten. Toiselle se n\u00e4ytt\u00e4ytyy piittaamattomuutena: miksi h\u00e4n ei ymm\u00e4rr\u00e4 v\u00e4isty\u00e4, miksi h\u00e4n ei anna tilaa, miksi h\u00e4n ei suostu olemaan hiljaa.<\/p>\n<p>Totuus lienee taas jossain n\u00e4iden v\u00e4liss\u00e4. Sillanp\u00e4\u00e4 tiet\u00e4\u00e4, ettei h\u00e4nest\u00e4 en\u00e4\u00e4 koskaan tule koko kansan jakamatonta suosikkia. Se aika on ohi. Mutta h\u00e4n n\u00e4ytt\u00e4\u00e4 my\u00f6s tiet\u00e4v\u00e4n, ett\u00e4 h\u00e4nell\u00e4 on yh\u00e4 yleis\u00f6 \u2013 tarpeeksi suuri, tarpeeksi uskollinen ja tarpeeksi valmis kuuntelemaan, vaikka kohu ei ole kadonnut mihink\u00e4\u00e4n.<\/p>\n<p>Ehk\u00e4 h\u00e4nen tulevaisuutensa ei olekaan sovinnon suurissa eleiss\u00e4 tai t\u00e4ydellisess\u00e4 hyv\u00e4ksynn\u00e4ss\u00e4. Ehk\u00e4 se on juuri t\u00e4ss\u00e4: pienemmiss\u00e4 saleissa, kirkkojen penkeiss\u00e4, yleis\u00f6ss\u00e4, joka ei unohda mutta ei my\u00f6sk\u00e4\u00e4n sulje korviaan.<\/p>\n<p>Se ei ole helppo tie. Mutta se on tie, jonka Jari Sillanp\u00e4\u00e4 n\u00e4ytt\u00e4\u00e4 valinneen ja jolla h\u00e4nen on kuljettava, hyv\u00e4ksynn\u00e4n ja tuomion v\u00e4lisess\u00e4 harmaassa tilassa.<\/p>\n<p>N\u00e4k\u00f6kulma-kolumnit ovat Tanssiin.fi:n asiantuntijatiimin mielipiteit\u00e4 ajankohtaisista iskelm\u00e4- ja tanssimusiikkialan asioista, ihmisist\u00e4 ja ilmi\u00f6ist\u00e4.<\/p>\n<p>Kirjoittanut:<br \/>\n<img loading=\"lazy\" data-lazyloaded=\"1\" width=\"512\" height=\"512\" decoding=\"async\" class=\"aioseo-author-image\" src=\"https:\/\/www.europesays.com\/fi\/wp-content\/uploads\/2025\/10\/cropped-tanssiin-logo.jpg\" alt=\"author avatar\"\/><\/p>\n<p>Tanssiin.fi<\/p>\n<p>\nTanssi- ja iskelm\u00e4musiikin uutiset asiantuntevasti.<\/p>\n<p><img loading=\"lazy\" decoding=\"async\" data-lazyloaded=\"1\" width=\"512\" height=\"512\" class=\"aioseo-author-bio-compact-image\" src=\"https:\/\/www.europesays.com\/fi\/wp-content\/uploads\/2025\/10\/cropped-tanssiin-logo.jpg\" alt=\"author avatar\"\/><br \/>\nTanssi- ja iskelm\u00e4musiikin uutiset asiantuntevasti.<\/p>\n<p>56%<br \/>\nIhana<\/p>\n<p>6%<br \/>\nHauska<\/p>\n<p>6%<br \/>\nVau<\/p>\n<p>28%<br \/>\nSurullinen<\/p>\n<p>6%<br \/>\nVihainen\n<\/p>\n<p>Post navigation<\/p>\n","protected":false},"excerpt":{"rendered":"Jari Sillanp\u00e4\u00e4n esiintyminen Valo on meiss\u00e4 -joulukonsertissaan Laihian kirkossa jakoi mielipiteet, kuten arvata saattoi. Osa n\u00e4ki sen loukkauksena&hellip;\n","protected":false},"author":2,"featured_media":121876,"comment_status":"","ping_status":"","sticky":false,"template":"","format":"standard","meta":{"footnotes":""},"categories":[136],"tags":[21912,407,137,33,31,30,3108,408,19349,4531,1915,32,4049,16,109],"class_list":{"0":"post-121875","1":"post","2":"type-post","3":"status-publish","4":"format-standard","5":"has-post-thumbnail","7":"category-julkkikset","8":"tag-armo","9":"tag-celebrities","10":"tag-entertainment","11":"tag-fi","12":"tag-finland","13":"tag-finnish","14":"tag-jari-sillanpaa","15":"tag-julkkikset","16":"tag-katumus","17":"tag-nakokulma","18":"tag-oikeus","19":"tag-suomi","20":"tag-tanssitahdet","21":"tag-uutiset","22":"tag-viihde"},"share_on_mastodon":{"url":"https:\/\/pubeurope.com\/@fi\/115754769317694037","error":""},"_links":{"self":[{"href":"https:\/\/www.europesays.com\/fi\/wp-json\/wp\/v2\/posts\/121875","targetHints":{"allow":["GET"]}}],"collection":[{"href":"https:\/\/www.europesays.com\/fi\/wp-json\/wp\/v2\/posts"}],"about":[{"href":"https:\/\/www.europesays.com\/fi\/wp-json\/wp\/v2\/types\/post"}],"author":[{"embeddable":true,"href":"https:\/\/www.europesays.com\/fi\/wp-json\/wp\/v2\/users\/2"}],"replies":[{"embeddable":true,"href":"https:\/\/www.europesays.com\/fi\/wp-json\/wp\/v2\/comments?post=121875"}],"version-history":[{"count":0,"href":"https:\/\/www.europesays.com\/fi\/wp-json\/wp\/v2\/posts\/121875\/revisions"}],"wp:featuredmedia":[{"embeddable":true,"href":"https:\/\/www.europesays.com\/fi\/wp-json\/wp\/v2\/media\/121876"}],"wp:attachment":[{"href":"https:\/\/www.europesays.com\/fi\/wp-json\/wp\/v2\/media?parent=121875"}],"wp:term":[{"taxonomy":"category","embeddable":true,"href":"https:\/\/www.europesays.com\/fi\/wp-json\/wp\/v2\/categories?post=121875"},{"taxonomy":"post_tag","embeddable":true,"href":"https:\/\/www.europesays.com\/fi\/wp-json\/wp\/v2\/tags?post=121875"}],"curies":[{"name":"wp","href":"https:\/\/api.w.org\/{rel}","templated":true}]}}