{"id":121882,"date":"2025-12-21T00:49:25","date_gmt":"2025-12-21T00:49:25","guid":{"rendered":"https:\/\/www.europesays.com\/fi\/121882\/"},"modified":"2025-12-21T00:49:25","modified_gmt":"2025-12-21T00:49:25","slug":"ekp-jarruttaa-korkoliikkeita-vaikka-muualla-kevennetaan","status":"publish","type":"post","link":"https:\/\/www.europesays.com\/fi\/121882\/","title":{"rendered":"EKP jarruttaa korkoliikkeit\u00e4, vaikka muualla kevennet\u00e4\u00e4n"},"content":{"rendered":"<p>Euroopan keskuspankki piti torstaina keskeisimm\u00e4n ohjauskoron eli talletuskoron ennallaan nelj\u00e4tt\u00e4 kokousta per\u00e4kk\u00e4in tasan kahdessa prosentissa. P\u00e4\u00e4t\u00f6s oli odotettu, sill\u00e4 ekonomistien konsensus odotti niin ik\u00e4\u00e4n, ett\u00e4 talletuskorko pidet\u00e4\u00e4n samalla tasolla.<\/p>\n<p>Keskuspankkiirit eiv\u00e4t edelleenk\u00e4\u00e4n antaneet ohjeistusta tulevista toimista, vaan korostivat etenev\u00e4ns\u00e4 kokous kerrallaan talousdatan perusteella.<\/p>\n<p>Korkop\u00e4\u00e4t\u00f6ksen yhteydess\u00e4 julkaistut uudet ennusteet arvioivat talouskasvun vahvistuvan ja inflaation palaavan kahteen prosenttiin vuonna 2028. Inflaation arvioidaan olevan suurimman osan seuraavista kahdesta vuodesta tavoitetason alapuolella.<\/p>\n<p>\u201dVahvistimme j\u00e4lleen, ett\u00e4 olemme hyv\u00e4ss\u00e4 tilanteessa, mik\u00e4 ei kuitenkaan tarkoita, ett\u00e4 olisimme paikallamme,\u201d EKP:n p\u00e4\u00e4johtaja\u00a0<strong>Christine Lagarde<\/strong>\u00a0kertoi toimittajille Frankfurtissa. \u201dT\u00e4n\u00e4\u00e4n tehtiin yksimielinen p\u00e4\u00e4t\u00f6s pit\u00e4\u00e4 korot ennallaan. Samalla vallitsi yksimielinen n\u00e4kemys siit\u00e4, ett\u00e4 kaikki vaihtoehdot on pidett\u00e4v\u00e4 avoinna.\u201d<\/p>\n<p>Rahapolitiikka on keventynyt Isossa-Britanniassa ja Yhdysvalloissa<\/p>\n<p>Useimmat EKP:n keskuspankkiirit olivat jo aiemmin viestineet, ettei inflaation j\u00e4\u00e4minen tavoitteen alle edellyt\u00e4 v\u00e4litt\u00f6mi\u00e4 toimia. Tilanne ei kuitenkaan ole sama kaikkialla. Englannin keskuspankki p\u00e4\u00e4tti laskea samana p\u00e4iv\u00e4n\u00e4 ohjauskorkoa 25 korkopisteell\u00e4 3,75 prosenttiin.\u00a0Kyseess\u00e4 oli vuoden nelj\u00e4s koronlasku.<\/p>\n<p>Ekonomistit olivat laajasti odottaneet Englannin keskuspankin koronlaskua, joka tehtiin heikkojen talouslukujen, ty\u00f6markkinoiden pehmenemisen sek\u00e4 inflaation odotettua nopeamman hidastumisen keskell\u00e4.<\/p>\n<p>\u00c4\u00e4nestys oli kuitenkin tiukka. Keskuspankin p\u00e4\u00e4johtaja\u00a0<strong>Andrew Bailey<\/strong>\u00a0asettui maltillisempaa rahapolitiikkaa kannattavien j\u00e4senten puolelle nelj\u00e4n p\u00e4\u00e4tt\u00e4j\u00e4n sijaan, jotka katsoivat marraskuussa 3,2 prosentissa olleen inflaation olevan yh\u00e4 kaukana keskuspankin kahden prosentin tavoitteesta.<\/p>\n<p>Rahamarkkinakomitea totesi lausunnossaan, ett\u00e4 vaikka inflaatio on edelleen tavoitetason yl\u00e4puolella, sen odotetaan palaavan kohti tavoitetta aiempaa nopeammin l\u00e4hikuukausina. Samalla komitea kuitenkin varoitti, ett\u00e4 rahapolitiikan lis\u00e4kevennysten laajuus riippuu inflaation\u00e4kymien kehittymisest\u00e4.<\/p>\n<p>Nykyisen talousdatan valossa keskuspankin odotetaan jatkavan koronlaskuja, mutta p\u00e4\u00e4t\u00f6kset lis\u00e4kevennyksist\u00e4 tulevat olemaan entist\u00e4 enemm\u00e4n harkinnanvaraisia, komitea totesi.<\/p>\n<p>Iso-Britannian valtiovarainministeri\u00a0<strong>Rachel Reeves<\/strong>\u00a0tervehti keskuspankin p\u00e4\u00e4t\u00f6st\u00e4 my\u00f6nteisesti ja sanoi sen helpottavan elinkustannuspaineita.<\/p>\n<p>Muista keskeisist\u00e4 keskuspankeista my\u00f6s <a href=\"https:\/\/www.salkunrakentaja.fi\/2025\/12\/ekonomisti-pahasti-jakautunut-fed-jatkoi-koronlaskuja\/\" rel=\"nofollow noopener\" target=\"_blank\">Yhdysvaltain keskuspankki<\/a>, Federal Reserve, teki vastaavan liikkeen viime viikolla, ja laski ohjauskoron tavoitetasoa 3,50-3,75 prosenttiin.<\/p>\n<p>Fedin p\u00e4\u00e4johtaja\u00a0<strong>Jerome Powell<\/strong>\u00a0totesi kokouksen j\u00e4lkeisess\u00e4 lehdist\u00f6tilaisuudessa, ett\u00e4 nyt tehty koronlasku asettaa Fedin korkopolitiikan kannalta mukavaan asemaan.<\/p>\n<p>\u201dOlemme neutraalin koron vaihteluv\u00e4lin yl\u00e4p\u00e4\u00e4ss\u00e4\u201d, Powell lis\u00e4si. \u201dOn k\u00e4ynyt niin, ett\u00e4 olemme laskeneet korkoja kolme kertaa. Emme ole tehneet mit\u00e4\u00e4n p\u00e4\u00e4t\u00f6st\u00e4 tammikuusta, mutta kuten sanoin, mielest\u00e4mme olemme hyv\u00e4ss\u00e4 asemassa odottamaan ja katsomaan, miten talous kehittyy.\u201d<\/p>\n<p>Korkokouksen yhteydess\u00e4 julkaistu yksitt\u00e4isten p\u00e4\u00e4tt\u00e4jien korko-odotuksia kuvaava niin sanottu\u00a0\u201ddot plot\u201d\u00a0viittaa vain yhteen koronlaskuun vuonna 2026 ja toiseen vuonna 2027, ennen kuin ohjauskorko saavuttaisi pitk\u00e4n aikav\u00e4lin tavoitetasonsa noin kolmessa prosentissa. Ennusteet olivat ennallaan syyskuun p\u00e4ivitykseen verrattuna, mutta pistekuvio heijasti komitean sis\u00e4isi\u00e4 erimielisyyksi\u00e4 korkopolitiikan tulevasta suunnasta.<\/p>\n<p>Rahapolitiikan keventymisen rattaat uhkaavat pys\u00e4hty\u00e4<\/p>\n<p>Sijoittajat ovat alkaneet hinnoitella pois lis\u00e4kevennysten todenn\u00e4k\u00f6isyytt\u00e4 maailmanlaajuisesti ja ovat alkaneet ly\u00f6d\u00e4 vetoa EKP:n ensimm\u00e4isest\u00e4 koronnostosta jo vuonna 2026.<\/p>\n<p>T\u00e4m\u00e4n viikon korkokokouksen ydinsanoma liittyi euroalueen talouteen, joka vaikuttaa vahvemmalta kuin viime kuukausina: kasvu on jatkunut pahimman kauppakiistelynkin l\u00e4pi ja ylitti jopa odotukset kolmannella nelj\u00e4nneksell\u00e4.<\/p>\n<p>S&amp;P Globalin julkaisemat yrityskyselyt viittaavat tasaisen vahvaan vireeseen vuoden viimeisin\u00e4 kuukausina, ja Saksan finanssipoliittinen elvytys tukee kasvua my\u00f6s t\u00e4m\u00e4n j\u00e4lkeen.<\/p>\n<p>Lagarden mukaan kotimainen kysynt\u00e4 tulee olemaan kasvun t\u00e4rkein veturi tulevina vuosina, koska yritysten investoinnit sek\u00e4 merkitt\u00e4v\u00e4t julkiset panostukset infrastruktuuriin ja puolustukseen tukevat taloutta yh\u00e4 enemm\u00e4n. Maailmankaupan haastava toimintaymp\u00e4rist\u00f6 on kuitenkin todenn\u00e4k\u00f6isesti jatkossakin rasite.<\/p>\n<p>Inflaation osalta p\u00e4\u00e4tt\u00e4j\u00e4t ovat viestineet olevansa valmiita hyv\u00e4ksym\u00e4\u00e4n sen, ett\u00e4 hintojen nousu j\u00e4\u00e4 jonkin aikaa tavoiteltua hitaammaksi. Johtokunnan j\u00e4sen\u00a0<strong>Isabel Schnabel<\/strong>\u00a0on todennut, ettei h\u00e4n olisi t\u00e4st\u00e4 erityisen huolissaan, kunhan poikkeamat ovat pieni\u00e4.<\/p>\n<p>\u201dInflaation pit\u00e4isi laskea l\u00e4hiaikoina \u2013 p\u00e4\u00e4asiassa siksi, ett\u00e4 energiahintojen nousun vaikutus poistuu vuositason luvuista\u201d, Lagarde sanoi.\u00a0<\/p>\n<p>EKP:n neuvoston j\u00e4sen\u00a0<strong>Madis M\u00fcller<\/strong>\u00a0kertoi, ett\u00e4 on liian aikaista arvioida, mihin suuntaan rahoituskustannukset seuraavaksi kehittyv\u00e4t.<\/p>\n<p>\u201dJos kysyt\u00e4\u00e4n, mit\u00e4 tapahtuu kuuden kuukauden kuluttua tai sen j\u00e4lkeen, on rehellisesti sanottuna liian aikaista spekuloida\u201d, M\u00fcller sanoi perjantaina Viron radiossa.<\/p>\n<p>\u201dOn mahdollista kuvitella skenaarioita molempiin suuntiin. Jos euroalueen talous ei suoriudu hyvin ja inflaatio hidastuu edelleen, voi olla perusteita laskea korkoja lis\u00e4\u00e4.\u00a0Mutta on my\u00f6s mahdollista kuvitella p\u00e4invastainen kehitys\u201d, h\u00e4n totesi.<\/p>\n","protected":false},"excerpt":{"rendered":"Euroopan keskuspankki piti torstaina keskeisimm\u00e4n ohjauskoron eli talletuskoron ennallaan nelj\u00e4tt\u00e4 kokousta per\u00e4kk\u00e4in tasan kahdessa prosentissa. P\u00e4\u00e4t\u00f6s oli odotettu,&hellip;\n","protected":false},"author":2,"featured_media":121883,"comment_status":"","ping_status":"","sticky":false,"template":"","format":"standard","meta":{"footnotes":""},"categories":[76],"tags":[79,77,5155,21913,33,31,30,21914,2459,32,78,6475],"class_list":{"0":"post-121882","1":"post","2":"type-post","3":"status-publish","4":"format-standard","5":"has-post-thumbnail","7":"category-talous","8":"tag-business","9":"tag-economy","10":"tag-ekp","11":"tag-englannin-keskuspankki","12":"tag-fi","13":"tag-finland","14":"tag-finnish","15":"tag-korkopaatos","16":"tag-rahapolitiikka","17":"tag-suomi","18":"tag-talous","19":"tag-yhdysvaltain-keskuspankki"},"share_on_mastodon":{"url":"https:\/\/pubeurope.com\/@fi\/115754812278318162","error":""},"_links":{"self":[{"href":"https:\/\/www.europesays.com\/fi\/wp-json\/wp\/v2\/posts\/121882","targetHints":{"allow":["GET"]}}],"collection":[{"href":"https:\/\/www.europesays.com\/fi\/wp-json\/wp\/v2\/posts"}],"about":[{"href":"https:\/\/www.europesays.com\/fi\/wp-json\/wp\/v2\/types\/post"}],"author":[{"embeddable":true,"href":"https:\/\/www.europesays.com\/fi\/wp-json\/wp\/v2\/users\/2"}],"replies":[{"embeddable":true,"href":"https:\/\/www.europesays.com\/fi\/wp-json\/wp\/v2\/comments?post=121882"}],"version-history":[{"count":0,"href":"https:\/\/www.europesays.com\/fi\/wp-json\/wp\/v2\/posts\/121882\/revisions"}],"wp:featuredmedia":[{"embeddable":true,"href":"https:\/\/www.europesays.com\/fi\/wp-json\/wp\/v2\/media\/121883"}],"wp:attachment":[{"href":"https:\/\/www.europesays.com\/fi\/wp-json\/wp\/v2\/media?parent=121882"}],"wp:term":[{"taxonomy":"category","embeddable":true,"href":"https:\/\/www.europesays.com\/fi\/wp-json\/wp\/v2\/categories?post=121882"},{"taxonomy":"post_tag","embeddable":true,"href":"https:\/\/www.europesays.com\/fi\/wp-json\/wp\/v2\/tags?post=121882"}],"curies":[{"name":"wp","href":"https:\/\/api.w.org\/{rel}","templated":true}]}}