{"id":121884,"date":"2025-12-21T00:51:12","date_gmt":"2025-12-21T00:51:12","guid":{"rendered":"https:\/\/www.europesays.com\/fi\/121884\/"},"modified":"2025-12-21T00:51:12","modified_gmt":"2025-12-21T00:51:12","slug":"suomen-tuki-ja-turva-ajaa-valkoisten-valtaa","status":"publish","type":"post","link":"https:\/\/www.europesays.com\/fi\/121884\/","title":{"rendered":"Suomen tuki ja turva ajaa valkoisten valtaa"},"content":{"rendered":"<p>Kolumni|Presidentti Donald Trumpille somalit ovat \u201droskaa\u201d ja \u201dpatriootit\u201d Euroopan toivo.<\/p>\n<p class=\"article-body nof-ui-body-medium mb-nof-24 px-nof-16\">Kirjoittaja on Helsingin Sanomien vastaava p\u00e4\u00e4toimittaja.<\/p>\n<p><img decoding=\"async\" src=\"https:\/\/www.europesays.com\/fi\/wp-content\/uploads\/2025\/12\/1765130775_880_320.jpg\" alt=\"\" class=\"_Img_1rerz_1\" style=\"aspect-ratio:1\" loading=\"eager\"\/><\/p>\n<p class=\"article-body mb-nof-24 px-nof-16\">Miten voi puhua rasismista vakavasti, kun l\u00e4himm\u00e4n liittolaisemme presidentti kutsuu somalialaisia \u201droskaksi\u201d? Ja toivoo avoimesti Eurooppaan niin sanottujen patrioottisten \u2013 eli laita\u00adoikeistolaisten \u2013 voimien menestyst\u00e4?<\/p>\n<p class=\"article-body mb-nof-24 px-nof-16\">Joulun alla olemme Suomessa juuri ja juuri onnistuneet tuomitsemaan avoimen rasismin ja puolustamaan monenlaisia ihmisi\u00e4. Kaikeksi onneksi. Mutta samalla olemme odottamatta valtavan arvoristiriidan edess\u00e4, jota emme oikein viel\u00e4 edes huomaa. Yhdysvallat, jolta haimme yksituumaisesti turvaa autorit\u00e4\u00e4rist\u00e4 Ven\u00e4j\u00e4\u00e4 vastaan, n\u00e4kee monikulttuurisen Euroopan nyt virallisesti mahdollisena uhkana itselleen.<\/p>\n<p class=\"article-body mb-nof-24 px-nof-16\">Presidentti <a class=\"article-personlink\" href=\"https:\/\/www.hs.fi\/haku\/?query=Donald%20Trump\" rel=\"nofollow noopener\" target=\"_blank\">Donald Trump<\/a> ei my\u00f6sk\u00e4\u00e4n t\u00e4ytt\u00e4isi en\u00e4\u00e4 mill\u00e4\u00e4n tavoin suomalaisilta parlamentaarikoilta vaadittavaa arvokasta k\u00e4ytt\u00e4ytymist\u00e4.<\/p>\n<p class=\"article-body mb-nof-24 px-nof-16\">Puhuessaan joulukuun alussa Pennsylvaniassa Trump halvensi avoimesti somalialaisia ja kutsui Somaliaa nimell\u00e4 shithole, vapaasti k\u00e4\u00e4nnettyn\u00e4 \u201dpersereik\u00e4\u201d. Yhdysvalloissa el\u00e4\u00e4 satojatuhansia somalitaustaisia ihmisi\u00e4.<\/p>\n<p class=\"article-body mb-nof-24 px-nof-16\">\u201dMiksemme voi ottaa ihmisi\u00e4 Norjasta, Ruotsista, edes joitakin? Tanskasta? Voisitteko l\u00e4hett\u00e4\u00e4 meille v\u00e4h\u00e4n ihmisi\u00e4? L\u00e4hett\u00e4k\u00e4\u00e4 meille mukavia ihmisi\u00e4. Mutta me otamme aina ihmisi\u00e4 Somaliasta, paikoista, jotka ovat katastrofeja. Likaisia, siivottomia, \u00e4ll\u00f6tt\u00e4vi\u00e4, rikollisuutta t\u00e4ynn\u00e4\u201d, Trump paasasi.<\/p>\n<p class=\"article-body mb-nof-24 px-nof-16\">Se oli l\u00e4hes ylpeilev\u00e4\u00e4 etnisyyden halventamista, jota on vaikea katsoa valtiojohtajan puheena, edes Trumpin ollessa kyseess\u00e4. Sanan \u201dSomalia\u201d Trump lausui ivallisella s\u00e4vyll\u00e4 kuin korostaakseen asiaa. Eik\u00e4 h\u00e4n puhunut Somalian korruptoituneesta j\u00e4rjestelm\u00e4st\u00e4 vaan siit\u00e4, ett\u00e4 tietynlaiset ihmiset ovat puhtaampia kuin toiset.<\/p>\n<blockquote class=\"p-[var(--citation-padding)] m-[var(--citation-margin)] border-y-[length:var(--citation-border-width)] border-y-[color:var(--citation-border-color)]\">\n<p>USA:n my\u00f6t\u00e4ily ei ole v\u00e4ltt\u00e4m\u00e4tt\u00e4 Suomen etu.<\/p>\n<\/blockquote>\n<p class=\"article-body mb-nof-24 px-nof-16\">Mit\u00e4 tapahtuisi, jos Suomen presidentti puhuisi somaliv\u00e4hemmist\u00f6st\u00e4 n\u00e4in vaikkapa maakuntamatkallaan? Emme pysty edes kuvittelemaan asiaa. Vaikka kaksi kansanedustajaa venytteli rasistisesti silmi\u00e4\u00e4n, presidentti-instituutio on Suomessa viel\u00e4 toista maata.<\/p>\n<p class=\"article-body mb-nof-24 px-nof-16\">Trumpin puheet Yhdysvalloissa voisi ehk\u00e4 viel\u00e4 jotenkin yritt\u00e4\u00e4 sivuuttaa, ellei niihin suoraan liittyisi maan p\u00e4ivitetty turvallisuuspoliittinen strategia, jonka julkinen versio julkaistiin joulukuun alussa.<\/p>\n<p class=\"article-body mb-nof-24 px-nof-16\">Strategia on otettu tyrmistyksell\u00e4 vastaan Euroopassa, mutta sen merkityst\u00e4 ei ole Suomessa viel\u00e4 juuri pohdittu. Strategia kuvaa Eurooppaa romahdusta l\u00e4hell\u00e4 olevana mantereena ja melkeinp\u00e4 Yhdysvaltojen vastustajana. Yhdysvaltojen intressin\u00e4 on strategian mukaan tukea Euroopan \u201dpatrioottisia voimia\u201d, joiden \u201dnousu antaa Yhdysvalloille toivoa\u201d.<\/p>\n<p class=\"article-body mb-nof-24 px-nof-16\">EU kuvataan ongelmana, maahanmuutto viel\u00e4 enemm\u00e4n. Yhdysvaltojen intresseiss\u00e4 on \u201dEuroopan pit\u00e4minen eurooppalaisena.\u201d Koska jos n\u00e4in ei tehd\u00e4, Eurooppa ei v\u00e4ltt\u00e4m\u00e4tt\u00e4 ole en\u00e4\u00e4 luotettava liittolainen.<\/p>\n<p class=\"article-body mb-nof-24 px-nof-16\">Suomeksi sanottuna Yhdysvallat haluaa vaikuttaa Euroopan politiikkaan, ja luotettavimmat poliittiset kumppanit se l\u00f6yt\u00e4\u00e4 selv\u00e4sti laitaoikeistosta. Kyse ei ole valitettavasti pelk\u00e4st\u00e4 Trumpin yksityisajattelusta vaan laajemmasta Maga-konservatiivien maailmankuvasta.<\/p>\n<p class=\"article-body mb-nof-24 px-nof-16\">Suomi on liittoutunut t\u00e4m\u00e4n maan kanssa nopeasti ja syv\u00e4sti. Olemme ostamassa Yhdysvalloilta tulevina vuosina valtavan m\u00e4\u00e4r\u00e4n aseistusta ja uskomassa aseistuksemme huoltoa pitk\u00e4lti nimenomaan amerikkalaisten k\u00e4siin.<\/p>\n<p class=\"article-body mb-nof-24 px-nof-16\">Suomessa on rehellisesti tunnustettava, ett\u00e4 syv\u00e4 liittoutuminen Yhdysvaltojen kanssa edellytt\u00e4\u00e4 \u00e4\u00e4rimm\u00e4isen kiusallista vaikenemista asioista, jotka voivat olla aidosti vaarallisia Euroopalle.<\/p>\n<p class=\"article-body mb-nof-24 px-nof-16\">Yhdysvaltojen turvallisuusstrategian lukemisen pit\u00e4isi kuulua pakollisena jokaisen suomalaisen poliitikon joululomalistalle. Strategian perusteella Yhdysvaltojen my\u00f6t\u00e4ily ei ole tulevaisuudessa v\u00e4ltt\u00e4m\u00e4tt\u00e4 kansakuntamme edun mukaista.<\/p>\n<p class=\"article-body mb-nof-24 px-nof-16\">Kun l\u00e4hin sotilaallinen liittolaisemme m\u00e4\u00e4rittelee valkoisen eurooppalaisuuden avoimesti muita paremmaksi, voi meill\u00e4 olla k\u00e4siss\u00e4mme paljon suurempi ongelma kuin yksitt\u00e4isten suomalaisten kansanedustajien rasismi.<\/p>\n","protected":false},"excerpt":{"rendered":"Kolumni|Presidentti Donald Trumpille somalit ovat \u201droskaa\u201d ja \u201dpatriootit\u201d Euroopan toivo. Kirjoittaja on Helsingin Sanomien vastaava p\u00e4\u00e4toimittaja. Miten voi&hellip;\n","protected":false},"author":2,"featured_media":110264,"comment_status":"","ping_status":"","sticky":false,"template":"","format":"standard","meta":{"footnotes":""},"categories":[12],"tags":[22,23,26,27,33,31,30,17,46,24,25,28,29,15,18,21,32,19,20,16],"class_list":{"0":"post-121884","1":"post","2":"type-post","3":"status-publish","4":"format-standard","5":"has-post-thumbnail","7":"category-suomi","8":"tag-breaking-news","9":"tag-breakingnews","10":"tag-featured-news","11":"tag-featurednews","12":"tag-fi","13":"tag-finland","14":"tag-finnish","15":"tag-headlines","16":"tag-helsingin-sanomat","17":"tag-latest-news","18":"tag-latestnews","19":"tag-main-news","20":"tag-mainnews","21":"tag-news","22":"tag-otsikot","23":"tag-paauutiset","24":"tag-suomi","25":"tag-top-stories","26":"tag-topstories","27":"tag-uutiset"},"share_on_mastodon":{"url":"https:\/\/pubeurope.com\/@fi\/115754820332968931","error":""},"_links":{"self":[{"href":"https:\/\/www.europesays.com\/fi\/wp-json\/wp\/v2\/posts\/121884","targetHints":{"allow":["GET"]}}],"collection":[{"href":"https:\/\/www.europesays.com\/fi\/wp-json\/wp\/v2\/posts"}],"about":[{"href":"https:\/\/www.europesays.com\/fi\/wp-json\/wp\/v2\/types\/post"}],"author":[{"embeddable":true,"href":"https:\/\/www.europesays.com\/fi\/wp-json\/wp\/v2\/users\/2"}],"replies":[{"embeddable":true,"href":"https:\/\/www.europesays.com\/fi\/wp-json\/wp\/v2\/comments?post=121884"}],"version-history":[{"count":0,"href":"https:\/\/www.europesays.com\/fi\/wp-json\/wp\/v2\/posts\/121884\/revisions"}],"wp:featuredmedia":[{"embeddable":true,"href":"https:\/\/www.europesays.com\/fi\/wp-json\/wp\/v2\/media\/110264"}],"wp:attachment":[{"href":"https:\/\/www.europesays.com\/fi\/wp-json\/wp\/v2\/media?parent=121884"}],"wp:term":[{"taxonomy":"category","embeddable":true,"href":"https:\/\/www.europesays.com\/fi\/wp-json\/wp\/v2\/categories?post=121884"},{"taxonomy":"post_tag","embeddable":true,"href":"https:\/\/www.europesays.com\/fi\/wp-json\/wp\/v2\/tags?post=121884"}],"curies":[{"name":"wp","href":"https:\/\/api.w.org\/{rel}","templated":true}]}}