{"id":121888,"date":"2025-12-21T01:07:08","date_gmt":"2025-12-21T01:07:08","guid":{"rendered":"https:\/\/www.europesays.com\/fi\/121888\/"},"modified":"2025-12-21T01:07:08","modified_gmt":"2025-12-21T01:07:08","slug":"noora-toivo-erikoisjoukot-ohjelman-rankka-kokemus-vei-sairaalaan","status":"publish","type":"post","link":"https:\/\/www.europesays.com\/fi\/121888\/","title":{"rendered":"Noora Toivo: Erikoisjoukot-ohjelman rankka kokemus vei sairaalaan"},"content":{"rendered":"<p>            ATTE KAJOVA\n        <\/p>\n<p class=\"subtitle \">Erikoisjoukkojen l\u00e4\u00e4k\u00e4ri passitti Nooran p\u00e4ivystykseen ohjelman kuvausten p\u00e4\u00e4tytty\u00e4.<\/p>\n<p class=\"article-content article-content-width !bg-background\">Urheilutoimittaja , 36, n\u00e4htiin kuluneena syksyn\u00e4 Nelosella esitetyll\u00e4 Erikoisjoukot-ohjelmaformaatin nelj\u00e4nnell\u00e4 tuotantokaudella kokelaana.<\/p>\n<p class=\"font-weight-bold m-font-weight-bold article-content article-content-width !bg-background\">Katso my\u00f6s! Erikoisjoukot-osallistujat Love, marry, kill -haasteessa:<\/p>\n<p class=\"article-content article-content-width !bg-background\">Kauden p\u00e4\u00e4t\u00f6sjakso n\u00e4htiin 18. joulukuuta, jossa Noora oli osana finaalinelikkoa. Noora laittoi kuvauksissa itsens\u00e4 likoon todenteolla, mutta oman terveytens\u00e4 kustannuksella.<\/p>\n<p>        <a itemprop=\"url\" href=\"https:\/\/www.seiska.fi\/katso\/erikoisjoukot-voittaja-oikaisee-yleisen-harhaluulon-itsestaan\/2022234\" rel=\"nofollow noopener\" target=\"_blank\"><\/p>\n<p>\nErikoisjoukot\n<\/p>\n<p class=\"section-date\">\n        <strong class=\"article-section\" data-section=\"katso\"><br \/>\n            katso<br \/>\n        <\/strong><br \/>\n        18.12. 22:05\n    <\/p>\n<p>Erikoisjoukot-voittaja oikaisee yleisen harhaluulon itsest\u00e4\u00e4n\n    <\/p>\n<p itemprop=\"description\" class=\"subtitle \">\n    Mika Poutala l\u00e4p\u00e4isi ainoana kokelaana Erikoisjoukot-leirin. Viime metreille ylsiv\u00e4t my\u00f6s Robert Helenius ja Nico Salo.\n<\/p>\n<p>        <\/a><\/p>\n<p>Passitettiin sairaalaan<\/p>\n<p class=\"article-content article-content-width !bg-background\">Noora jakoi perjantaina (19.12.) <a href=\"https:\/\/www.instagram.com\/nooratoivo\/?hl=fi\" target=\"_blank\" rel=\"nofollow noopener\">Instagram<\/a>-tililleen kuvia, joita h\u00e4n oli taltioinut puhelimensa kamerarullaan heti ohjelman kuvauksista kotiuduttuaan. Otoksissa poseeraa kauttaaltaan mustelmien peitossa oleva nainen.<\/p>\n<p class=\"article-content article-content-width !bg-background\">Erikoisjoukot-ohjelmaformaatissa on kyse niin fyysisesti kuin henkisestikin \u00e4\u00e4rimm\u00e4isen raskaasta koulutusleirist\u00e4, josta kokelaat tippuvat pois yksi kerrallaan. Noora taisteli tiens\u00e4 16 kokelaan joukosta nelj\u00e4n parhaan joukkoon. Finaalijaksossa Noora tippui finaalinelikosta ensimm\u00e4isen\u00e4.\u00a0<\/p>\n<p>        <a itemprop=\"url\" href=\"https:\/\/www.seiska.fi\/katso\/tata-et-nahnyt-tvssa-erikoisjoukot-kuvauksilla-rajut-seuraukset\/2019859\" rel=\"nofollow noopener\" target=\"_blank\"><\/p>\n<p>\nT\u00e4t\u00e4 et n\u00e4hnyt tv:ss\u00e4\n<\/p>\n<p class=\"section-date\">\n        <strong class=\"article-section\" data-section=\"katso\"><br \/>\n            katso<br \/>\n        <\/strong><br \/>\n        12.12. 09:11\n    <\/p>\n<p>T\u00e4t\u00e4 et n\u00e4hnyt tv:ss\u00e4: Erikoisjoukot-kuvauksilla rajut seuraukset\n    <\/p>\n<p itemprop=\"description\" class=\"subtitle \">\n    Erikoisjoukot-ohjelmaa kuvaillaan Suomen brutaaleimmaksi tosi-tv-ohjelmaksi.\n<\/p>\n<p>        <\/a><\/p>\n<p class=\"article-content article-content-width !bg-background\">Noora kertoo Erikoisjoukot-l\u00e4\u00e4k\u00e4rin, , m\u00e4\u00e4r\u00e4nneen Nooralle heti kuvausten j\u00e4lkeen 3 viikon liikuntakiellon, sill\u00e4 h\u00e4nen kropan oli saatava lepoa.\u00a0Lauantaina (20.12.) Noora paljasti Instagram-tilill\u00e4\u00e4n joutuneensa k\u00e4ym\u00e4\u00e4n rankan koettelemuksen p\u00e4\u00e4tteeksi\u00a0jopa sairaalassa asti.<\/p>\n<p class=\"article-content article-content-width !bg-background\">\u2013 Ja toinen p\u00e4iv\u00e4 kotona Erikoisjoukkojen j\u00e4lkeen menikin sairaalassa. Antti m\u00e4\u00e4r\u00e4si mut r\u00f6ntgeniin, koska se ysk\u00e4 oli niin raju. Siell\u00e4 ei n\u00e4kynyt mit\u00e4\u00e4n, mutta mun jotkut arvot oli sen verran koholla, ett\u00e4 ne ep\u00e4ili keuhkoveritulppaa. Noh siit\u00e4 sitten p\u00e4ivystykseen useammaksi tunniksi. Tehtiin syd\u00e4nfilmit, varjoainekuvaukset yms., Noora paljastaa.<\/p>\n<p>Yll\u00e4tt\u00e4v\u00e4 diagnoosi<\/p>\n<p class=\"article-content article-content-width !bg-background\">Lopulta testitulokset osoittivat kaiken olevan kunnossa, ja arvot olivatkin koholla koko kehon peitt\u00e4neist\u00e4 mustelmista johtuen.<\/p>\n<p class=\"article-content article-content-width !bg-background\">L\u00e4\u00e4k\u00e4rit utelivat Nooralta, miten h\u00e4nen kroppansa oli p\u00e4\u00e4ssyt moiseen kuntoon. Aluksi Noora yritti peitell\u00e4 totuutta, mutta p\u00e4\u00e4tyi lopulta paljastamaan olleensa mukana ohjelman kuvauksissa.\u00a0<\/p>\n<p><script async src=\"\/\/www.instagram.com\/embed.js\"><\/script><\/p>\n","protected":false},"excerpt":{"rendered":"ATTE KAJOVA Erikoisjoukkojen l\u00e4\u00e4k\u00e4ri passitti Nooran p\u00e4ivystykseen ohjelman kuvausten p\u00e4\u00e4tytty\u00e4. Urheilutoimittaja , 36, n\u00e4htiin kuluneena syksyn\u00e4 Nelosella esitetyll\u00e4&hellip;\n","protected":false},"author":2,"featured_media":121889,"comment_status":"","ping_status":"","sticky":false,"template":"","format":"standard","meta":{"footnotes":""},"categories":[133],"tags":[4936,137,2159,33,31,30,212,21915,13689,9030,32,206,156,109],"class_list":{"0":"post-121888","1":"post","2":"type-post","3":"status-publish","4":"format-standard","5":"has-post-thumbnail","7":"category-televisiot","8":"tag-antti","9":"tag-entertainment","10":"tag-erikoisjoukot","11":"tag-fi","12":"tag-finland","13":"tag-finnish","14":"tag-lifestyle","15":"tag-mustelmat","16":"tag-noora-toivo","17":"tag-sairaalahoito","18":"tag-suomi","19":"tag-televisiot","20":"tag-tv","21":"tag-viihde"},"share_on_mastodon":{"url":"https:\/\/pubeurope.com\/@fi\/115754883041441218","error":""},"_links":{"self":[{"href":"https:\/\/www.europesays.com\/fi\/wp-json\/wp\/v2\/posts\/121888","targetHints":{"allow":["GET"]}}],"collection":[{"href":"https:\/\/www.europesays.com\/fi\/wp-json\/wp\/v2\/posts"}],"about":[{"href":"https:\/\/www.europesays.com\/fi\/wp-json\/wp\/v2\/types\/post"}],"author":[{"embeddable":true,"href":"https:\/\/www.europesays.com\/fi\/wp-json\/wp\/v2\/users\/2"}],"replies":[{"embeddable":true,"href":"https:\/\/www.europesays.com\/fi\/wp-json\/wp\/v2\/comments?post=121888"}],"version-history":[{"count":0,"href":"https:\/\/www.europesays.com\/fi\/wp-json\/wp\/v2\/posts\/121888\/revisions"}],"wp:featuredmedia":[{"embeddable":true,"href":"https:\/\/www.europesays.com\/fi\/wp-json\/wp\/v2\/media\/121889"}],"wp:attachment":[{"href":"https:\/\/www.europesays.com\/fi\/wp-json\/wp\/v2\/media?parent=121888"}],"wp:term":[{"taxonomy":"category","embeddable":true,"href":"https:\/\/www.europesays.com\/fi\/wp-json\/wp\/v2\/categories?post=121888"},{"taxonomy":"post_tag","embeddable":true,"href":"https:\/\/www.europesays.com\/fi\/wp-json\/wp\/v2\/tags?post=121888"}],"curies":[{"name":"wp","href":"https:\/\/api.w.org\/{rel}","templated":true}]}}