{"id":121896,"date":"2025-12-21T01:16:07","date_gmt":"2025-12-21T01:16:07","guid":{"rendered":"https:\/\/www.europesays.com\/fi\/121896\/"},"modified":"2025-12-21T01:16:07","modified_gmt":"2025-12-21T01:16:07","slug":"mediat-juuri-julkaistuja-epstein-asiakirjoja-on-kadonnut-ministerion-sivuilta-mukana-kuva-trumpista-uutisia-lyhyesti","status":"publish","type":"post","link":"https:\/\/www.europesays.com\/fi\/121896\/","title":{"rendered":"Mediat: Juuri julkaistuja Epstein-asiakirjoja on kadonnut ministeri\u00f6n sivuilta, mukana kuva Trumpista | Uutisia lyhyesti"},"content":{"rendered":"<p class=\"aw-1gybjub aw-1p7kakr kEtdKx cEmitX yle__article__paragraph\">Yhdysvalloissa oikeusministeri\u00f6n sivuilta on kadonnut useita seksuaalirikoksista tuomittuun <strong class=\"aw-ak79eh KyCXm yle__article__strong\">Jeffrey Epsteiniin<\/strong> liittyvi\u00e4, juuri julkaistuja asiakirjoja. Asiasta kertovat muun muassa<a class=\"aw-iao6s4 iHOxEa yle__article__link\" href=\"https:\/\/www.cbsnews.com\/news\/at-least-15-newly-released-epstein-files-have-disappeared-from-justice-departments-website\/\" role=\"link\" rel=\"nofollow noopener\" target=\"_blank\"> CBS News<\/a> sek\u00e4 uutistoimisto <a class=\"aw-iao6s4 iHOxEa yle__article__link\" href=\"https:\/\/apnews.com\/article\/release-epstein-files-justice-department-trump-9290fcaad1cb6fcb1cbc1befabc01994?utm_campaign=trueAnthem%3A+New+Content+%28Feed%29&amp;utm_medium=trueAnthem&amp;utm_source=twitter\" role=\"link\" rel=\"nofollow noopener\" target=\"_blank\">AP<\/a>.<\/p>\n<p class=\"aw-1gybjub aw-1p7kakr kEtdKx cEmitX yle__article__paragraph\">Sivuilta kadonneen materiaalin joukossa on medioiden mukaan muun muassa kuva presidentti <strong class=\"aw-ak79eh KyCXm yle__article__strong\">Donald Trumpista<\/strong>. Yhdysvaltalaiset mediat kertovat, ett\u00e4 materiaalit olivat sivustolla paikallista aikaa perjantaina, mutta eiv\u00e4t en\u00e4\u00e4 lauantaina.<\/p>\n<p class=\"aw-1gybjub aw-1p7kakr kEtdKx cEmitX yle__article__paragraph\">Ministeri\u00f6n edustajat eiv\u00e4t ole vastanneet medioiden kommenttipyynt\u00f6ihin siit\u00e4, miksi materiaaleja ei en\u00e4\u00e4 l\u00f6ydy ministeri\u00f6n tietokannasta.<\/p>\n","protected":false},"excerpt":{"rendered":"Yhdysvalloissa oikeusministeri\u00f6n sivuilta on kadonnut useita seksuaalirikoksista tuomittuun Jeffrey Epsteiniin liittyvi\u00e4, juuri julkaistuja asiakirjoja. Asiasta kertovat muun muassa&hellip;\n","protected":false},"author":2,"featured_media":74,"comment_status":"","ping_status":"","sticky":false,"template":"","format":"standard","meta":{"footnotes":""},"categories":[14],"tags":[11180,22,23,585,26,27,33,31,30,17,11121,24,25,28,29,15,18,21,4353,32,19,20,56,16,59,60,61,619,10136],"class_list":{"0":"post-121896","1":"post","2":"type-post","3":"status-publish","4":"format-standard","5":"has-post-thumbnail","7":"category-ulkomaat","8":"tag-asiakirjat","9":"tag-breaking-news","10":"tag-breakingnews","11":"tag-donald-trump","12":"tag-featured-news","13":"tag-featurednews","14":"tag-fi","15":"tag-finland","16":"tag-finnish","17":"tag-headlines","18":"tag-jeffrey-epstein","19":"tag-latest-news","20":"tag-latestnews","21":"tag-main-news","22":"tag-mainnews","23":"tag-news","24":"tag-otsikot","25":"tag-paauutiset","26":"tag-seksuaalirikokset","27":"tag-suomi","28":"tag-top-stories","29":"tag-topstories","30":"tag-ulkomaat","31":"tag-uutiset","32":"tag-world","33":"tag-world-news","34":"tag-worldnews","35":"tag-yhdysvallat","36":"tag-yhdysvaltain-oikeusministerio"},"share_on_mastodon":{"url":"https:\/\/pubeurope.com\/@fi\/115754918575405969","error":""},"_links":{"self":[{"href":"https:\/\/www.europesays.com\/fi\/wp-json\/wp\/v2\/posts\/121896","targetHints":{"allow":["GET"]}}],"collection":[{"href":"https:\/\/www.europesays.com\/fi\/wp-json\/wp\/v2\/posts"}],"about":[{"href":"https:\/\/www.europesays.com\/fi\/wp-json\/wp\/v2\/types\/post"}],"author":[{"embeddable":true,"href":"https:\/\/www.europesays.com\/fi\/wp-json\/wp\/v2\/users\/2"}],"replies":[{"embeddable":true,"href":"https:\/\/www.europesays.com\/fi\/wp-json\/wp\/v2\/comments?post=121896"}],"version-history":[{"count":0,"href":"https:\/\/www.europesays.com\/fi\/wp-json\/wp\/v2\/posts\/121896\/revisions"}],"wp:featuredmedia":[{"embeddable":true,"href":"https:\/\/www.europesays.com\/fi\/wp-json\/wp\/v2\/media\/74"}],"wp:attachment":[{"href":"https:\/\/www.europesays.com\/fi\/wp-json\/wp\/v2\/media?parent=121896"}],"wp:term":[{"taxonomy":"category","embeddable":true,"href":"https:\/\/www.europesays.com\/fi\/wp-json\/wp\/v2\/categories?post=121896"},{"taxonomy":"post_tag","embeddable":true,"href":"https:\/\/www.europesays.com\/fi\/wp-json\/wp\/v2\/tags?post=121896"}],"curies":[{"name":"wp","href":"https:\/\/api.w.org\/{rel}","templated":true}]}}