{"id":121913,"date":"2025-12-21T01:56:15","date_gmt":"2025-12-21T01:56:15","guid":{"rendered":"https:\/\/www.europesays.com\/fi\/121913\/"},"modified":"2025-12-21T01:56:15","modified_gmt":"2025-12-21T01:56:15","slug":"taikakuulta-ikava-ilmoitus-syyna-saakaaos","status":"publish","type":"post","link":"https:\/\/www.europesays.com\/fi\/121913\/","title":{"rendered":"Taikakuulta ik\u00e4v\u00e4 ilmoitus \u2013 syyn\u00e4 s\u00e4\u00e4kaaos"},"content":{"rendered":"<p class=\"has-drop-cap\">Taikakuu joutuu peruuttamaan perjantai-illan 19. joulukuuta keikkansa Someron <a href=\"https:\/\/www.tanssiin.fi\/tanssilavat\/teeriharju\/\" title=\"Teeriharju\" rel=\"nofollow noopener\" target=\"_blank\">Teeriharjulla<\/a>.<\/p>\n<p>Suosittu tanssiyhtye ilmoitti ik\u00e4v\u00e4st\u00e4 peruutuksesta iltap\u00e4iv\u00e4ll\u00e4. Syyn\u00e4 on s\u00e4\u00e4 sek\u00e4 yhtyeen rumpalin <strong><a href=\"https:\/\/www.tanssiin.fi\/tag\/samuli-makela\/\" title=\"samuli m\u00e4kel\u00e4\" rel=\"nofollow noopener\" target=\"_blank\">Samuli M\u00e4kel\u00e4n<\/a><\/strong> ulkomaanmatka.<\/p>\n<p>\u201dUskokaa tai \u00e4lk\u00e4\u00e4, niin vallitsevat s\u00e4\u00e4olosuhteet maailmalla voivat aiheuttaa kaaosta my\u00f6s suomalaisen lavatanssikulttuurin keskelle!\u201d ly\u00f6m\u00e4soittaja p\u00e4ivittelee <a href=\"https:\/\/www.tanssiin.fi\/tag\/taikakuu\/\" title=\"taikakuu\" rel=\"nofollow noopener\" target=\"_blank\">Taikakuun<\/a> somekanavalla.<\/p>\n<p>\u201dAllekirjoittaneen aamulento peruttu ja korvaavat yhteydet venyy niin, ettei ole mit\u00e4\u00e4n mahdollisuuksia ehti\u00e4 viihdytt\u00e4m\u00e4\u00e4n tanssikansaa\u2026 L\u00e4mpim\u00e4t kiitokset t\u00e4ss\u00e4 yhteydess\u00e4 lentoyhti\u00f6lle.\u201d<\/p>\n<p><strong>Lue my\u00f6s:<\/strong> <a href=\"https:\/\/www.tanssiin.fi\/taikakuun-rumpalisti-yllatettiin-tansseissa-synttarikakulla-iso-kiitos\/\" title=\"Taikakuun rumpalisti yll\u00e4tettiin tansseissa syntt\u00e4rikakulla: \u201dIso kiitos\u201d\" rel=\"nofollow noopener\" target=\"_blank\">Taikakuun rumpalisti yll\u00e4tettiin tansseissa syntt\u00e4rikakulla: \u201dIso kiitos\u201d<\/a><\/p>\n<p>Teeriharjulla peruuntuneen Taikakuun keikan tilalla tanssittaa perjantaina 19.12. Tiuku &amp; SuomiBros.<\/p>\n<p>\u201dMiehet ovat ehk\u00e4 t\u00e4ynn\u00e4 tulta ja tappuraa\u2026\u201d<\/p>\n<p>Taikakuu on \u201dvaltavan harmissaan\u201d \u00e4killisest\u00e4 peruutuksesta.<\/p>\n<p>\u201dKyseess\u00e4 olisi ollut vuoden viimeinen keikkamme Etel\u00e4-Suomessa. Huomenna kuitenkin n\u00e4hd\u00e4\u00e4n normaalisti <a href=\"https:\/\/www.tanssiin.fi\/tanssilavat\/kartano-kievari\/\" title=\"Kartano Kievari\" rel=\"nofollow noopener\" target=\"_blank\">Kartano Kievarilla<\/a> \u00c4\u00e4nekoskella, joten kaikki joukolla ilakoimaan lauantai-illan karnevaaleihin!\u201d yhtye vakuuttaa.<\/p>\n<p>\u201dMiehet lienev\u00e4t ainakin t\u00e4ynn\u00e4 virtaa, ehk\u00e4 osin my\u00f6s tulta ja tappuraa\u2026 Pahoittelut viel\u00e4 kerran ja tapaamisiin Teeriharjulla kev\u00e4tkaudella! Kiitos ymm\u00e4rryksest\u00e4.\u201d<\/p>\n<p><strong>Lue my\u00f6s:<\/strong> <a href=\"https:\/\/www.tanssiin.fi\/totuus-juha-metsaperan-ulosajosta-kaahasi-hurjaa-ylinopeutta-moottoripyoralla-tuomio-tuli\/\" title=\"Totuus Juha Mets\u00e4per\u00e4n ulosajosta: kaahasi hurjaa ylinopeutta moottoripy\u00f6r\u00e4ll\u00e4 \u2013 tuomio tuli\" rel=\"nofollow noopener\" target=\"_blank\">Totuus Juha Mets\u00e4per\u00e4n ulosajosta: kaahasi hurjaa ylinopeutta moottoripy\u00f6r\u00e4ll\u00e4 \u2013 tuomio tuli<\/a><\/p>\n<blockquote>\n<p>Taikakuun vuoden viimeinen keikka on lauantaina Kartano Kievarilla<\/p>\n<\/blockquote>\n<p>Taikakuu keikkailee lauantaina 20.12. \u00c4\u00e4nekosken Kartano Kievarilla, mink\u00e4 j\u00e4lkeen orkesteri j\u00e4\u00e4 lomalle 15. tammikuuta 2026 asti.<\/p>\n<p>Taikakuu m\u00e4\u00e4rittelee itsens\u00e4 iskelm\u00e4-pop-yhtyeeksi. Yhtyeen l\u00e4pimurto tapahtui vuonna 2000, jolloin se voitti Vuoden viihdytt\u00e4j\u00e4 -kilpailun ja p\u00e4\u00e4si ohjelmaan\u00a0Kes\u00e4illan valssi\u00a0koko kes\u00e4n vakioyhtyeeksi. Samana vuonna se sijoittui\u00a0Syksyn S\u00e4vel\u00a0-kilpailussa nelj\u00e4nnelle sijalle. Sen j\u00e4lkeen on tullut muun muassa iskelm\u00e4tulokas-Emma-palkinto.<\/p>\n<p>Katso Taikakuun <a href=\"https:\/\/www.tanssiin.fi\/artistit\/orkesterit\/taikakuu\/\" title=\"Taikakuu\" rel=\"nofollow noopener\" target=\"_blank\">keikat t\u00e4st\u00e4<\/a>.<\/p>\n<p>Kirjoittanut:<br \/>\n<img loading=\"lazy\" data-lazyloaded=\"1\" width=\"512\" height=\"512\" decoding=\"async\" class=\"aioseo-author-image\" src=\"https:\/\/www.europesays.com\/fi\/wp-content\/uploads\/2025\/10\/cropped-tanssiin-logo.jpg\" alt=\"author avatar\"\/><\/p>\n<p>Tanssiin.fi<\/p>\n<p>\nTanssi- ja iskelm\u00e4musiikin uutiset asiantuntevasti.<\/p>\n<p><img loading=\"lazy\" decoding=\"async\" data-lazyloaded=\"1\" width=\"512\" height=\"512\" class=\"aioseo-author-bio-compact-image\" src=\"https:\/\/www.europesays.com\/fi\/wp-content\/uploads\/2025\/10\/cropped-tanssiin-logo.jpg\" alt=\"author avatar\"\/><br \/>\nTanssi- ja iskelm\u00e4musiikin uutiset asiantuntevasti.<\/p>\n<p>0%<br \/>\nIhana<\/p>\n<p>50%<br \/>\nHauska<\/p>\n<p>0%<br \/>\nVau<\/p>\n<p>50%<br \/>\nSurullinen<\/p>\n<p>0%<br \/>\nVihainen\n<\/p>\n<p>Post navigation<\/p>\n","protected":false},"excerpt":{"rendered":"Taikakuu joutuu peruuttamaan perjantai-illan 19. joulukuuta keikkansa Someron Teeriharjulla. Suosittu tanssiyhtye ilmoitti ik\u00e4v\u00e4st\u00e4 peruutuksesta iltap\u00e4iv\u00e4ll\u00e4. Syyn\u00e4 on s\u00e4\u00e4&hellip;\n","protected":false},"author":2,"featured_media":121914,"comment_status":"","ping_status":"","sticky":false,"template":"","format":"standard","meta":{"footnotes":""},"categories":[136],"tags":[407,137,33,31,30,408,21918,8972,17233,2271,6799,19442,21919,21920,32,21921,4049,21922,16,109],"class_list":{"0":"post-121913","1":"post","2":"type-post","3":"status-publish","4":"format-standard","5":"has-post-thumbnail","7":"category-julkkikset","8":"tag-celebrities","9":"tag-entertainment","10":"tag-fi","11":"tag-finland","12":"tag-finnish","13":"tag-julkkikset","14":"tag-kartano-kievari","15":"tag-keikat","16":"tag-keikat-ja-kiertueet","17":"tag-loma","18":"tag-orkesterit","19":"tag-peruuntuminen","20":"tag-peruutus","21":"tag-samuli-makela","22":"tag-suomi","23":"tag-taikakuu","24":"tag-tanssitahdet","25":"tag-teeriharju","26":"tag-uutiset","27":"tag-viihde"},"share_on_mastodon":{"url":"https:\/\/pubeurope.com\/@fi\/115755075962037568","error":""},"_links":{"self":[{"href":"https:\/\/www.europesays.com\/fi\/wp-json\/wp\/v2\/posts\/121913","targetHints":{"allow":["GET"]}}],"collection":[{"href":"https:\/\/www.europesays.com\/fi\/wp-json\/wp\/v2\/posts"}],"about":[{"href":"https:\/\/www.europesays.com\/fi\/wp-json\/wp\/v2\/types\/post"}],"author":[{"embeddable":true,"href":"https:\/\/www.europesays.com\/fi\/wp-json\/wp\/v2\/users\/2"}],"replies":[{"embeddable":true,"href":"https:\/\/www.europesays.com\/fi\/wp-json\/wp\/v2\/comments?post=121913"}],"version-history":[{"count":0,"href":"https:\/\/www.europesays.com\/fi\/wp-json\/wp\/v2\/posts\/121913\/revisions"}],"wp:featuredmedia":[{"embeddable":true,"href":"https:\/\/www.europesays.com\/fi\/wp-json\/wp\/v2\/media\/121914"}],"wp:attachment":[{"href":"https:\/\/www.europesays.com\/fi\/wp-json\/wp\/v2\/media?parent=121913"}],"wp:term":[{"taxonomy":"category","embeddable":true,"href":"https:\/\/www.europesays.com\/fi\/wp-json\/wp\/v2\/categories?post=121913"},{"taxonomy":"post_tag","embeddable":true,"href":"https:\/\/www.europesays.com\/fi\/wp-json\/wp\/v2\/tags?post=121913"}],"curies":[{"name":"wp","href":"https:\/\/api.w.org\/{rel}","templated":true}]}}