{"id":121915,"date":"2025-12-21T01:59:11","date_gmt":"2025-12-21T01:59:11","guid":{"rendered":"https:\/\/www.europesays.com\/fi\/121915\/"},"modified":"2025-12-21T01:59:11","modified_gmt":"2025-12-21T01:59:11","slug":"il-aikalaishulluuden-karkitulos-teemu-keskisarja-jalleen-avoimena","status":"publish","type":"post","link":"https:\/\/www.europesays.com\/fi\/121915\/","title":{"rendered":"IL: &#8221;Aikalaishulluuden k\u00e4rkitulos&#8221; \u2013 Teemu Keskisarja j\u00e4lleen avoimena"},"content":{"rendered":"<p>Perussuomalaisten <strong>Teemu Keskisarja<\/strong> on j\u00e4lleen avautunut tunnelmistaan viime aikoina riehuneeseen rasismikohuun liittyen.<\/p>\n<p>Kohu sai alkunsa entisen Miss Suomi <strong>Sarah Dzafcen<\/strong> poseerattua <a href=\"https:\/\/www.voice.fi\/viihde\/miss-suomi-sarah-dzafcea-revitaan-kappaleiksi-some-raivostui-rasistiseksi-vaitetysta-eleesta\" target=\"_blank\" rel=\"noreferrer noopener nofollow\">rasistiseksi tulkitussa valokuvassa<\/a>, joka lopulta johti h\u00e4nen <a href=\"https:\/\/www.voice.fi\/viihde\/miss-suomi-sarah-dzafce-joutui-luopumaan-kruunustaan-rasismikohun-takia\" target=\"_blank\" rel=\"noreferrer noopener nofollow\">missikruununsa riisumiseen<\/a>.<\/p>\n<p>T\u00e4m\u00e4n j\u00e4lkeen monet <a href=\"https:\/\/www.voice.fi\/viihde\/missa-on-nyt-hallituksen-nollatoleranssi-rasismille-fatim-diarra-raivostui-perussuomalaisten-kuvista\" target=\"_blank\" rel=\"noreferrer noopener nofollow\">perussuomalaisten kansanedustajat<\/a> julkaisivat itsest\u00e4\u00e4n vastaavanlaisia kuvia osoittaakseen tukensa Dzafcelle.<\/p>\n<p>Lue my\u00f6s: <a href=\"https:\/\/www.voice.fi\/ilmiot\/il-teemu-keskisarja-paasteli-tayslaidallisen-kylla-me-persut-suvaitsemme-kaukoitalaisia-vinosilmia\" title=\"IL: Teemu Keskisarja p\u00e4\u00e4steli t\u00e4yslaidallisen: \u201dkyll\u00e4 me persut suvaitsemme kaukoit\u00e4l\u00e4isi\u00e4 vinosilmi\u00e4\u201d\" class=\"underline-custom !font-montserrat !font-bold !underline-offset-4 !decoration-4 !decoration-tilt-light !text-md\" rel=\"nofollow noopener\" target=\"_blank\">IL: Teemu Keskisarja p\u00e4\u00e4steli t\u00e4yslaidallisen: \u201dkyll\u00e4 me persut suvaitsemme kaukoit\u00e4l\u00e4isi\u00e4 vinosilmi\u00e4\u201d<\/a><\/p>\n<p>Lue my\u00f6s: <a href=\"https:\/\/www.voice.fi\/ilmiot\/is-riikka-purra-jyrahtaa-rasismikohusta-typeraa-ja-lapsellista\" title=\"IS: Riikka Purra jyr\u00e4ht\u00e4\u00e4 rasismikohusta \u2013 \u201dtyper\u00e4\u00e4 ja lapsellista\u201d\" class=\"underline-custom !font-montserrat !font-bold !underline-offset-4 !decoration-4 !decoration-tilt-light !text-md\" rel=\"nofollow noopener\" target=\"_blank\">IS: Riikka Purra jyr\u00e4ht\u00e4\u00e4 rasismikohusta \u2013 \u201dtyper\u00e4\u00e4 ja lapsellista\u201d<\/a><\/p>\n<p>Tapaus on paisunut jo kansainv\u00e4liseksi skandaaliksi, ja p\u00e4\u00e4ministeri <strong>Petteri Orpo<\/strong> on pahoitellut asiaa useissa aasialaismedioissa paikallisilla kielill\u00e4.<\/p>\n<p>Keskisarja <a href=\"https:\/\/www.voice.fi\/ilmiot\/il-teemu-keskisarja-paasteli-tayslaidallisen-kylla-me-persut-suvaitsemme-kaukoitalaisia-vinosilmia\" target=\"_blank\" rel=\"noreferrer noopener nofollow\">avasi sanaisen arkkunsa<\/a> tilanteeseen liittyen jo aikaisemmin, ja nyt <a href=\"https:\/\/www.iltalehti.fi\/palat\/d20dd74d-d704-46be-bacb-5ea2eb4d356b\" target=\"_blank\" rel=\"noreferrer noopener nofollow\">Iltalehden palat-osiosta <\/a>l\u00f6ytyy uusi kannanotto.<\/p>\n<p>Keskisarja aloittaa haastattelun sanomalla, ett\u00e4 el\u00e4mme sein\u00e4hulluja aikoja.<\/p>\n<p>\u2013 En itse ole somessa, mulla ei ole mit\u00e4\u00e4n tekemist\u00e4 kuvien levittelemisen kanssa. Kehotan kaikkia l\u00e4himm\u00e4isi\u00e4 pysym\u00e4\u00e4n kaukana kaikista someilmi\u00f6ist\u00e4.<\/p>\n<p>H\u00e4n irtisanoutuu mink\u00e4\u00e4nlaisesta rasismista aasialaisia kohtaan:<\/p>\n<p>\u2013 En ole el\u00e4ess\u00e4ni edes harkinnut kirjoittavani yht\u00e4\u00e4n pahaa sanaa aasialaisista ihmisist\u00e4. Mun mieleen ei tulisi ajatella edes pahaa ajatusta kenest\u00e4k\u00e4\u00e4n vaikapa suomessa asuvasta kiinalaisen n\u00e4k\u00f6isest\u00e4 ihmisest\u00e4.<\/p>\n<p>Lue my\u00f6s: <a href=\"https:\/\/www.voice.fi\/viihde\/ukkola-tata-mielta-sarah-dzafce-on-perussuomalaisten-silmienvenyttelykuvista\" title=\"Ukkola: T\u00e4t\u00e4 mielt\u00e4 Sarah Dzafce on perussuomalaisten silmienvenyttelykuvista\" class=\"underline-custom !font-montserrat !font-bold !underline-offset-4 !decoration-4 !decoration-tilt-light !text-md\" rel=\"nofollow noopener\" target=\"_blank\">Ukkola: T\u00e4t\u00e4 mielt\u00e4 Sarah Dzafce on perussuomalaisten silmienvenyttelykuvista<\/a><\/p>\n<p>Lue my\u00f6s: <a href=\"https:\/\/www.voice.fi\/viihde\/eras-juontajalupaus-pilkkasi-mua-olan-takaa-jasmin-vahakangas-syyttaa-vappu-pimiaa-kiusaamisesta\" title=\"\u201dEr\u00e4s juontajalupaus pilkkasi mua olan takaa\u201d \u2013 Jasmin V\u00e4h\u00e4kangas syytt\u00e4\u00e4 Vappu Pimi\u00e4\u00e4 kiusaamisesta\" class=\"underline-custom !font-montserrat !font-bold !underline-offset-4 !decoration-4 !decoration-tilt-light !text-md\" rel=\"nofollow noopener\" target=\"_blank\">\u201dEr\u00e4s juontajalupaus pilkkasi mua olan takaa\u201d \u2013 Jasmin V\u00e4h\u00e4kangas syytt\u00e4\u00e4 Vappu Pimi\u00e4\u00e4 kiusaamisesta<\/a><\/p>\n<p>Toimittaja yritt\u00e4\u00e4 keskeytt\u00e4\u00e4 h\u00e4net kysymyksell\u00e4, johon Keskisarja vastaa hieman tuohtuneen oloisena:<\/p>\n<p>\u2013 Voisinko puhua loppuun, vai haluaako toimittajat mieluummin kuunnella sinua?<\/p>\n<p>\u2013 Mulla on teille toimittajille, nimenomaan toimittelijoille ja toimittelijattarille, t\u00e4rke\u00e4\u00e4 asiaa. Olen t\u00e4ysin palkein hallituksen takana ja kunnioitan jokaista eduskunnan ihmist\u00e4. Erityisesti p\u00e4\u00e4ministeri\u00e4 ja valtiovarainministeri\u00e4, jotka tekev\u00e4t paljon t\u00e4rke\u00e4mp\u00e4\u00e4 ty\u00f6t\u00e4 kuin pahainen Teemu Keskisarja.<\/p>\n<p>\u2013 Mutta historioitsijana min\u00e4 kauhistelen aikalaishulluutta. Kauhistelen somen ja tiedotusv\u00e4lineiden \u00e4lyllist\u00e4 ep\u00e4rehellisyytt\u00e4.<\/p>\n<p>\u2013 Muistatteko vuosi sitten, kun kiinalaisalus katkoi kallisarvoiset kaapelimme It\u00e4merell\u00e4, ehk\u00e4 tahallaan? Pyysittek\u00f6 te Kiinalta anteeksipyynt\u00f6\u00e4? Pahoitteliko tai pyysik\u00f6 Kiina anteeksi suomen kielell\u00e4 suomalaisissa tiedotusv\u00e4lineiss\u00e4? Vaurioituiko Kiinan maakuva?<\/p>\n<p>Lue my\u00f6s: <a href=\"https:\/\/www.voice.fi\/viihde\/mtv-omin-jaloin-en-kotiin-paassyt-kirsi-alm-siira-puolustaa-sarah-dzafcea-kertomalla-omasta-toppayksestaan\" title=\"MTV: \u201dOmin jaloin en kotiin p\u00e4\u00e4ssyt\u201d \u2013 Kirsi Alm-Siira puolustaa Sarah Dzafcea kertomalla omasta t\u00f6pp\u00e4yksest\u00e4\u00e4n\" class=\"underline-custom !font-montserrat !font-bold !underline-offset-4 !decoration-4 !decoration-tilt-light !text-md\" rel=\"nofollow noopener\" target=\"_blank\">MTV: \u201dOmin jaloin en kotiin p\u00e4\u00e4ssyt\u201d \u2013 Kirsi Alm-Siira puolustaa Sarah Dzafcea kertomalla omasta t\u00f6pp\u00e4yksest\u00e4\u00e4n<\/a><\/p>\n<p>Lue my\u00f6s: <a href=\"https:\/\/www.voice.fi\/viihde\/en-pysy-karryilla-kun-kaikki-ennen-normaali-on-nykyaan-loukkaavaa-sini-ariell-antaa-tukensa-kruununsa-menettaneelle-sarah-dzafcelle\" title=\"\u201dEn pysy k\u00e4rryill\u00e4, kun kaikki ennen normaali on nyky\u00e4\u00e4n loukkaavaa\u201d\u2013 Sini Ariell antaa tukensa kruununsa menett\u00e4neelle Sarah Dzafcelle\" class=\"underline-custom !font-montserrat !font-bold !underline-offset-4 !decoration-4 !decoration-tilt-light !text-md\" rel=\"nofollow noopener\" target=\"_blank\">\u201dEn pysy k\u00e4rryill\u00e4, kun kaikki ennen normaali on nyky\u00e4\u00e4n loukkaavaa\u201d\u2013 Sini Ariell antaa tukensa kruununsa menett\u00e4neelle Sarah Dzafcelle<\/a><\/p>\n<p>\u2013 Nyt suomalainen kaunotar irvist\u00e4\u00e4, tai oikeastaan vain hymyilee ja joku matkii h\u00e4nt\u00e4 somessa. Tyhm\u00e4\u00e4, joutavaa, en itse peukuta tai laita syd\u00e4mi\u00e4 mokomaan. Mutta onko se muka anteeksipyynn\u00f6n kokoinen asia?<\/p>\n<p>\u2013 Oletteko toimittelijat ja toimittelijattaret sit\u00e4 mielt\u00e4, ett\u00e4 suomen maakuva meni pilalle? Ei t\u00e4ss\u00e4 ole mit\u00e4\u00e4n j\u00e4rke\u00e4.<\/p>\n<p>\u2013 T\u00e4m\u00e4 on minun mielest\u00e4ni joko suomettumisen suomenenn\u00e4tys, seitsem\u00e4nkymment\u00e4luvun enn\u00e4tykset paukkuu rikki, tai mik\u00e4 todenn\u00e4k\u00f6isemp\u00e4\u00e4, t\u00e4m\u00e4 on aikalaishulluuden kauden k\u00e4rkitulos, joka valitettavasti rikkoutuu viel\u00e4 ensi vuonna.<\/p>\n<p>\u2013 Herra varjele.<\/p>\n","protected":false},"excerpt":{"rendered":"Perussuomalaisten Teemu Keskisarja on j\u00e4lleen avautunut tunnelmistaan viime aikoina riehuneeseen rasismikohuun liittyen. Kohu sai alkunsa entisen Miss Suomi&hellip;\n","protected":false},"author":2,"featured_media":121916,"comment_status":"","ping_status":"","sticky":false,"template":"","format":"standard","meta":{"footnotes":""},"categories":[133],"tags":[137,33,31,30,32,206,156,109],"class_list":{"0":"post-121915","1":"post","2":"type-post","3":"status-publish","4":"format-standard","5":"has-post-thumbnail","7":"category-televisiot","8":"tag-entertainment","9":"tag-fi","10":"tag-finland","11":"tag-finnish","12":"tag-suomi","13":"tag-televisiot","14":"tag-tv","15":"tag-viihde"},"share_on_mastodon":{"url":"https:\/\/pubeurope.com\/@fi\/115755087447272898","error":""},"_links":{"self":[{"href":"https:\/\/www.europesays.com\/fi\/wp-json\/wp\/v2\/posts\/121915","targetHints":{"allow":["GET"]}}],"collection":[{"href":"https:\/\/www.europesays.com\/fi\/wp-json\/wp\/v2\/posts"}],"about":[{"href":"https:\/\/www.europesays.com\/fi\/wp-json\/wp\/v2\/types\/post"}],"author":[{"embeddable":true,"href":"https:\/\/www.europesays.com\/fi\/wp-json\/wp\/v2\/users\/2"}],"replies":[{"embeddable":true,"href":"https:\/\/www.europesays.com\/fi\/wp-json\/wp\/v2\/comments?post=121915"}],"version-history":[{"count":0,"href":"https:\/\/www.europesays.com\/fi\/wp-json\/wp\/v2\/posts\/121915\/revisions"}],"wp:featuredmedia":[{"embeddable":true,"href":"https:\/\/www.europesays.com\/fi\/wp-json\/wp\/v2\/media\/121916"}],"wp:attachment":[{"href":"https:\/\/www.europesays.com\/fi\/wp-json\/wp\/v2\/media?parent=121915"}],"wp:term":[{"taxonomy":"category","embeddable":true,"href":"https:\/\/www.europesays.com\/fi\/wp-json\/wp\/v2\/categories?post=121915"},{"taxonomy":"post_tag","embeddable":true,"href":"https:\/\/www.europesays.com\/fi\/wp-json\/wp\/v2\/tags?post=121915"}],"curies":[{"name":"wp","href":"https:\/\/api.w.org\/{rel}","templated":true}]}}