{"id":121919,"date":"2025-12-21T02:04:09","date_gmt":"2025-12-21T02:04:09","guid":{"rendered":"https:\/\/www.europesays.com\/fi\/121919\/"},"modified":"2025-12-21T02:04:09","modified_gmt":"2025-12-21T02:04:09","slug":"tiesitko-jennifer-lawrence-naytteli-17-vuotiaana-sitcom-sarjassa","status":"publish","type":"post","link":"https:\/\/www.europesays.com\/fi\/121919\/","title":{"rendered":"Tiesitk\u00f6? Jennifer Lawrence n\u00e4ytteli 17-vuotiaana sitcom-sarjassa"},"content":{"rendered":"<p><strong>Jennifer Lawrencen<\/strong> l\u00e4pimurto tapahtui 19-vuotiaana, <strong>Debra Granikin<\/strong> ohjaamassa Winter\u2019s Bonessa (2010). Katniss Everdeenin rooli N\u00e4lk\u00e4peli (2012) sementoi h\u00e4nen asemansa Hollywoodin A-luokan t\u00e4hten\u00e4 ja Unelmien pelikirja (2012) toi Oscarin.<\/p>\n<p>Ennen l\u00e4pimurtoaan Lawrence n\u00e4ytteli perhesitcomissa Bill Engvall Show (2007\u20132009). Sarja keskittyy perheterapeutti Ben Pearsoniin (<strong>Bill Engvall<\/strong>), joka yritt\u00e4\u00e4 ymm\u00e4rt\u00e4\u00e4 omaa perhett\u00e4\u00e4n; Nancy Travis esitt\u00e4\u00e4 vaimoa ja Lawrence kevyesti kapinoivaa teinityt\u00e4rt\u00e4 Laureni\u00e4.<\/p>\n<p>Lue my\u00f6s: <a href=\"https:\/\/www.episodi.fi\/uutiset\/jennifer-lawrence-sai-tasmaohjeet-martin-scorsesen-metkujen-varalle-hanki-dvd-soitin\/\" title=\"Jennifer Lawrence sai t\u00e4sm\u00e4ohjeet Martin Scorsesen metkujen varalle \u2013 \u201dHanki DVD-soitin\u201d\" class=\"underline-custom !font-montserrat !font-bold !underline-offset-4 !decoration-4 !decoration-episodi-blue !text-md\" rel=\"nofollow noopener\" target=\"_blank\">Jennifer Lawrence sai t\u00e4sm\u00e4ohjeet Martin Scorsesen metkujen varalle \u2013 \u201dHanki DVD-soitin\u201d<\/a><\/p>\n<p>Lue my\u00f6s: <a href=\"https:\/\/www.episodi.fi\/uutiset\/jennifer-lawrence-nahdaan-sittenkin-tulevassa-nalkapeli-elokuvassa\/\" title=\"Jennifer Lawrence n\u00e4hd\u00e4\u00e4n sittenkin tulevassa N\u00e4lk\u00e4peli-elokuvassa\" class=\"underline-custom !font-montserrat !font-bold !underline-offset-4 !decoration-4 !decoration-episodi-blue !text-md\" rel=\"nofollow noopener\" target=\"_blank\">Jennifer Lawrence n\u00e4hd\u00e4\u00e4n sittenkin tulevassa N\u00e4lk\u00e4peli-elokuvassa<\/a><\/p>\n<p>Lue my\u00f6s: <a href=\"https:\/\/www.episodi.fi\/uutiset\/jennifer-lawrence-kritisoi-miesohjaajia-heilla-on-jatkuvasti-tarve\/\" title=\"Jennifer Lawrence kritisoi miesohjaajia: \u201dHeill\u00e4 on jatkuvasti tarve\u2026\u201d\" class=\"underline-custom !font-montserrat !font-bold !underline-offset-4 !decoration-4 !decoration-episodi-blue !text-md\" rel=\"nofollow noopener\" target=\"_blank\">Jennifer Lawrence kritisoi miesohjaajia: \u201dHeill\u00e4 on jatkuvasti tarve\u2026\u201d<\/a><\/p>\n<p>Lawrence oli sarjan alkaessa vain 17-vuotias. Suomessa Bill Engvall Show\u2019ta esitettiin vuosina 2010\u20132011.<\/p>\n<p>T\u00e4ll\u00e4 hetkell\u00e4 sarja ei ole saatavilla suomalaisissa suoratoistoissa.<\/p>\n<p><img loading=\"lazy\" decoding=\"async\" alt=\"YouTube video\" width=\"480\" height=\"360\" data-pin-nopin=\"true\" nopin=\"nopin\" class=\"perfmatters-lazy\" src=\"https:\/\/www.europesays.com\/fi\/wp-content\/uploads\/2025\/12\/1766282649_109_hqdefault.jpg\"\/><\/p>\n<p>L\u00e4hde: <a href=\"https:\/\/www.slashfilm.com\/2055082\/jennifer-lawrence-sitcom-the-bill-engvall-show-streaming-free-tubi\/\" rel=\"nofollow noopener\" target=\"_blank\">Slashfilm<\/a><\/p>\n<p>Lue my\u00f6s: <a href=\"https:\/\/www.episodi.fi\/uutiskirje\/?uutiskirjemainos=tekstilinkkimainos\" title=\"Tilaa Episodin uutiskirje ja voit voittaa leffalippuja! Nappaa tv-vinkit suoraan s\u00e4hk\u00f6postiin t\u00e4st\u00e4.\" class=\"underline-custom !font-montserrat !font-bold !underline-offset-4 !decoration-4 !decoration-episodi-blue !text-md\" rel=\"nofollow noopener\" target=\"_blank\">Tilaa Episodin uutiskirje ja voit voittaa leffalippuja! Nappaa katseluvinkit suoraan s\u00e4hk\u00f6postiin t\u00e4st\u00e4.<\/a><\/p>\n<p>\t\t\t<a href=\"https:\/\/www.facebook.com\/sharer\/sharer.php?u=https:\/\/www.episodi.fi\/uutiset\/tiesitko-jennifer-lawrence-naytteli-17-vuotiaana-sitcom-sarjassa\/\" target=\"_blank\" class=\"block px-4 py-2 text-sm text-gray-800 border-b hover:bg-gray-200\" rel=\"nofollow noopener\"><\/p>\n<p>\t\t\t\tFacebook<br \/>\n\t\t\t<\/a><br \/>\n\t\t\t<a href=\"https:\/\/twitter.com\/intent\/tweet?text=https:\/\/www.episodi.fi\/uutiset\/tiesitko-jennifer-lawrence-naytteli-17-vuotiaana-sitcom-sarjassa\/\" target=\"_blank\" class=\"block px-4 py-2 text-sm text-gray-800 border-b hover:bg-gray-200\" rel=\"nofollow noopener\"><\/p>\n<p>\t\t\t\tTwitter<br \/>\n\t\t\t<\/a><br \/>\n\t\t\t<a href=\"mailto:?subject=Tiesitk\u00f6? Jennifer Lawrence n\u00e4ytteli 17-vuotiaana sitcom-sarjassa&amp;body=https:\/\/www.episodi.fi\/uutiset\/tiesitko-jennifer-lawrence-naytteli-17-vuotiaana-sitcom-sarjassa\/\" target=\"_blank\" class=\"block px-4 py-2 text-sm text-gray-800 border-b hover:bg-gray-200\"><\/p>\n<p>\t\t\t\tS\u00e4hk\u00f6posti<\/a><\/p>\n<p>\t\t\t\t<script async src=\"https:\/\/platform.twitter.com\/widgets.js\" charset=\"utf-8\"><\/script><\/p>\n","protected":false},"excerpt":{"rendered":"Jennifer Lawrencen l\u00e4pimurto tapahtui 19-vuotiaana, Debra Granikin ohjaamassa Winter\u2019s Bonessa (2010). Katniss Everdeenin rooli N\u00e4lk\u00e4peli (2012) sementoi h\u00e4nen&hellip;\n","protected":false},"author":2,"featured_media":121920,"comment_status":"","ping_status":"","sticky":false,"template":"","format":"standard","meta":{"footnotes":""},"categories":[130],"tags":[21923,137,33,31,30,2123,32,109],"class_list":{"0":"post-121919","1":"post","2":"type-post","3":"status-publish","4":"format-standard","5":"has-post-thumbnail","7":"category-viihde","8":"tag-bill-engvall-show","9":"tag-entertainment","10":"tag-fi","11":"tag-finland","12":"tag-finnish","13":"tag-jennifer-lawrence","14":"tag-suomi","15":"tag-viihde"},"share_on_mastodon":{"url":"https:\/\/pubeurope.com\/@fi\/115755107361088457","error":""},"_links":{"self":[{"href":"https:\/\/www.europesays.com\/fi\/wp-json\/wp\/v2\/posts\/121919","targetHints":{"allow":["GET"]}}],"collection":[{"href":"https:\/\/www.europesays.com\/fi\/wp-json\/wp\/v2\/posts"}],"about":[{"href":"https:\/\/www.europesays.com\/fi\/wp-json\/wp\/v2\/types\/post"}],"author":[{"embeddable":true,"href":"https:\/\/www.europesays.com\/fi\/wp-json\/wp\/v2\/users\/2"}],"replies":[{"embeddable":true,"href":"https:\/\/www.europesays.com\/fi\/wp-json\/wp\/v2\/comments?post=121919"}],"version-history":[{"count":0,"href":"https:\/\/www.europesays.com\/fi\/wp-json\/wp\/v2\/posts\/121919\/revisions"}],"wp:featuredmedia":[{"embeddable":true,"href":"https:\/\/www.europesays.com\/fi\/wp-json\/wp\/v2\/media\/121920"}],"wp:attachment":[{"href":"https:\/\/www.europesays.com\/fi\/wp-json\/wp\/v2\/media?parent=121919"}],"wp:term":[{"taxonomy":"category","embeddable":true,"href":"https:\/\/www.europesays.com\/fi\/wp-json\/wp\/v2\/categories?post=121919"},{"taxonomy":"post_tag","embeddable":true,"href":"https:\/\/www.europesays.com\/fi\/wp-json\/wp\/v2\/tags?post=121919"}],"curies":[{"name":"wp","href":"https:\/\/api.w.org\/{rel}","templated":true}]}}