{"id":121923,"date":"2025-12-21T02:08:15","date_gmt":"2025-12-21T02:08:15","guid":{"rendered":"https:\/\/www.europesays.com\/fi\/121923\/"},"modified":"2025-12-21T02:08:15","modified_gmt":"2025-12-21T02:08:15","slug":"kohta-taytyy-maksaa-jos-haluaa-nahda-lahelta-rooman-tunnetuimman-suihkulahteen","status":"publish","type":"post","link":"https:\/\/www.europesays.com\/fi\/121923\/","title":{"rendered":"Kohta t\u00e4ytyy maksaa, jos haluaa n\u00e4hd\u00e4 l\u00e4helt\u00e4 Rooman tunnetuimman suihkul\u00e4hteen"},"content":{"rendered":"<p>Trevin suihkul\u00e4hteen l\u00e4hestymisest\u00e4 tulee maksullista helmikuusta alusta alkaen.<\/p>\n<p>19.12. 20:28<\/p>\n<p class=\"article-body mb-nof-24 px-nof-16\">Turisteilta aletaan peri\u00e4 kahden euron maksua Rooman Fontana di Trevi -suihkul\u00e4hteen l\u00e4helle menemisest\u00e4, kertoo uutistoimisto AFP.<\/p>\n<p class=\"article-body mb-nof-24 px-nof-16\">Asiasta on kertonut AFP:n mukaan Rooman pormestari <a class=\"article-personlink\" href=\"https:\/\/www.satakunnankansa.fi\/haku\/?query=Roberto%20Gualtieri\" rel=\"nofollow noopener\" target=\"_blank\">Roberto Gualtieri<\/a>.<\/p>\n<p class=\"article-body mb-nof-24 px-nof-16\">Kuuluisaa suihkul\u00e4hdett\u00e4 voi edelleen katsoa ilmaiseksi kauempaa. L\u00e4hempi tarkastelu on vain lipun ostaneille.<\/p>\n<p class=\"article-body mb-nof-24 px-nof-16\">AFP:n mukaan maksullinen lippu otetaan k\u00e4ytt\u00f6\u00f6n 1. helmikuuta alkaen. Rooman asukkaat p\u00e4\u00e4sev\u00e4t suihkul\u00e4hteen luo jatkossakin ilmaiseksi.<\/p>\n<p class=\"article-body mb-nof-24 px-nof-16\">Suihkul\u00e4hde vet\u00e4\u00e4 puoleensa suuret m\u00e4\u00e4r\u00e4t turisteja, ja ihmisill\u00e4 on tapana heitell\u00e4 sinne kolikoita.<\/p>\n<p class=\"article-body mb-nof-24 px-nof-16\">Gualtieri kertoi AFP:n mukaan lehdist\u00f6tilaisuudessa, ett\u00e4 tammikuun 1. p\u00e4iv\u00e4n ja joulukuun 8. p\u00e4iv\u00e4n v\u00e4lisen\u00e4 aikana suihkul\u00e4hteell\u00e4 on vieraillut noin yhdeks\u00e4n miljoonaa turistia.<\/p>\n<p class=\"article-body mb-nof-24 px-nof-16\">Suihkul\u00e4hde tunnetaan <a class=\"article-personlink\" href=\"https:\/\/www.satakunnankansa.fi\/haku\/?query=Federico%20Fellinin\" rel=\"nofollow noopener\" target=\"_blank\">Federico Fellinin<\/a> elokuvasta La Dolce Vita, jonka kuuluisassa kohtauksessa <a class=\"article-personlink\" href=\"https:\/\/www.satakunnankansa.fi\/haku\/?query=Anita%20Ekberg\" rel=\"nofollow noopener\" target=\"_blank\">Anita Ekberg<\/a> kastautuu suihkul\u00e4hteeseen y\u00f6ll\u00e4.<\/p>\n","protected":false},"excerpt":{"rendered":"Trevin suihkul\u00e4hteen l\u00e4hestymisest\u00e4 tulee maksullista helmikuusta alusta alkaen. 19.12. 20:28 Turisteilta aletaan peri\u00e4 kahden euron maksua Rooman Fontana&hellip;\n","protected":false},"author":2,"featured_media":121924,"comment_status":"","ping_status":"","sticky":false,"template":"","format":"standard","meta":{"footnotes":""},"categories":[14],"tags":[22,23,26,27,33,31,30,17,24,25,28,29,15,18,21,80,32,19,20,56,16,59,60,61],"class_list":{"0":"post-121923","1":"post","2":"type-post","3":"status-publish","4":"format-standard","5":"has-post-thumbnail","7":"category-ulkomaat","8":"tag-breaking-news","9":"tag-breakingnews","10":"tag-featured-news","11":"tag-featurednews","12":"tag-fi","13":"tag-finland","14":"tag-finnish","15":"tag-headlines","16":"tag-latest-news","17":"tag-latestnews","18":"tag-main-news","19":"tag-mainnews","20":"tag-news","21":"tag-otsikot","22":"tag-paauutiset","23":"tag-satakunnan-kansa","24":"tag-suomi","25":"tag-top-stories","26":"tag-topstories","27":"tag-ulkomaat","28":"tag-uutiset","29":"tag-world","30":"tag-world-news","31":"tag-worldnews"},"share_on_mastodon":{"url":"https:\/\/pubeurope.com\/@fi\/115755123000748070","error":""},"_links":{"self":[{"href":"https:\/\/www.europesays.com\/fi\/wp-json\/wp\/v2\/posts\/121923","targetHints":{"allow":["GET"]}}],"collection":[{"href":"https:\/\/www.europesays.com\/fi\/wp-json\/wp\/v2\/posts"}],"about":[{"href":"https:\/\/www.europesays.com\/fi\/wp-json\/wp\/v2\/types\/post"}],"author":[{"embeddable":true,"href":"https:\/\/www.europesays.com\/fi\/wp-json\/wp\/v2\/users\/2"}],"replies":[{"embeddable":true,"href":"https:\/\/www.europesays.com\/fi\/wp-json\/wp\/v2\/comments?post=121923"}],"version-history":[{"count":0,"href":"https:\/\/www.europesays.com\/fi\/wp-json\/wp\/v2\/posts\/121923\/revisions"}],"wp:featuredmedia":[{"embeddable":true,"href":"https:\/\/www.europesays.com\/fi\/wp-json\/wp\/v2\/media\/121924"}],"wp:attachment":[{"href":"https:\/\/www.europesays.com\/fi\/wp-json\/wp\/v2\/media?parent=121923"}],"wp:term":[{"taxonomy":"category","embeddable":true,"href":"https:\/\/www.europesays.com\/fi\/wp-json\/wp\/v2\/categories?post=121923"},{"taxonomy":"post_tag","embeddable":true,"href":"https:\/\/www.europesays.com\/fi\/wp-json\/wp\/v2\/tags?post=121923"}],"curies":[{"name":"wp","href":"https:\/\/api.w.org\/{rel}","templated":true}]}}