{"id":121929,"date":"2025-12-21T02:22:16","date_gmt":"2025-12-21T02:22:16","guid":{"rendered":"https:\/\/www.europesays.com\/fi\/121929\/"},"modified":"2025-12-21T02:22:16","modified_gmt":"2025-12-21T02:22:16","slug":"niina-kuhta-kayttaa-yli-2000-euroa-viikossa-luksuslomamatkat-ja-joulukoristeet-etusijalla","status":"publish","type":"post","link":"https:\/\/www.europesays.com\/fi\/121929\/","title":{"rendered":"Niina Kuhta k\u00e4ytt\u00e4\u00e4 yli 2000 euroa viikossa \u2013 luksuslomamatkat ja joulukoristeet etusijalla"},"content":{"rendered":"<p>            <img decoding=\"async\" src=\"https:\/\/www.europesays.com\/fi\/wp-content\/uploads\/2025\/12\/1839979.webp\" width=\"620\" height=\"348\" alt=\"Me Naiset: Niina Kuhta polttaa viikossa yli 2 000 euroa\"  fetchpriority=\"high\"\/>        <\/p>\n<p>\n            20250612 HELSINKI. ALPPIRUUSUPUISTO, NIINA KUHTA. KUVA: ATTE KAJOVA<br \/>\n            ATTE KAJOVA\n        <\/p>\n<p class=\"subtitle \">Niina osti kahdeksan joulukranssia, astioita ja mattoja.<\/p>\n<p class=\"article-content article-content-width !bg-background\">Yritt\u00e4j\u00e4 <a alt=\"Haku\" class=\"text-primary-red font-extrabold\" href=\"https:\/\/www.seiska.fi\/haku?q=Niina Kuhta\" rel=\"nofollow noopener\" target=\"_blank\">Niina Kuhta<\/a> sanoo <a href=\"https:\/\/www.is.fi\/menaiset\/tyo-ja-raha\/art-2000011619049.html\" target=\"_blank\" rel=\"nofollow noopener\">MeNaisten haastattelussa <\/a>kuluttavansa yli 2 000 euroa viikossa.<\/p>\n<p class=\"font-weight-bold m-font-weight-bold article-content article-content-width !bg-background\">Video kes\u00e4lt\u00e4 2024: Niina kertoo el\u00e4m\u00e4nmuutoksestaan.<\/p>\n<p class=\"article-content article-content-width !bg-background\">Niina kertoo silti haastattelussa panostavansa mieluummin laatuun kuin hintaan.<\/p>\n<p class=\"article-content article-content-width !bg-background\">Kyseisen viikon menoihin kuuluivat niin koirien trimmaukset, el\u00e4inl\u00e4\u00e4k\u00e4rikulut kuin spa- ja kylpyl\u00e4palvelutkin.<\/p>\n<p class=\"article-content article-content-width !bg-background\">Niina kertoo haastattelussa pihistelev\u00e4ns\u00e4 arjessa esimerkiksi siin\u00e4, ettei h\u00e4n sy\u00f6 kovin usein ulkona tai k\u00e4y baareissa.<\/p>\n<p class=\"article-content article-content-width !bg-background\">Sen sijaan h\u00e4n pit\u00e4\u00e4 erityisesti lomamatkoihin panostamisesta esimerkiksi siten, ett\u00e4 lent\u00e4\u00e4 aina bisnesluokassa ja varaa aina hulppean hotellihuoneen.<\/p>\n<p class=\"article-content article-content-width !bg-background\">Silmiinpist\u00e4v\u00e4t menot Niinan listauksessa ovat esimerkiksi joulumatot, jotka maksoivat 380 euroa. My\u00f6s kahdeksan joulukranssia ja joulukoristeet maksoivat 336 euroa. Jouluastiat taas maksoivat 234 euroa.<\/p>\n<p>Arki oli raskasta<\/p>\n<p class=\"article-content article-content-width !bg-background\">Niina<a href=\"https:\/\/www.seiska.fi\/terveys\/niina-kuhdan-valtava-elamanmuutos-talta-han-nayttaa-nyt\/1839843\" target=\"_blank\" rel=\"nofollow noopener\"> kertoi Seiskalle viime kes\u00e4n\u00e4 lihavuusleikkauksestaan<\/a>, jossa h\u00e4n k\u00e4vi viime vuoden marraskuussa.<\/p>\n<p class=\"article-content article-content-width !bg-background\">Leikkaus oli Virossa edullisempi kuin Suomessa.<\/p>\n<p class=\"article-content article-content-width !bg-background\">Ennen lihavuusleikkausta Niinalla oli j\u00e4\u00e4t\u00e4v\u00e4t selk\u00e4kivut ja h\u00e4nen jaksamisensa oli l\u00e4hes olematonta.<\/p>\n<p class=\"article-content article-content-width !bg-background\">\u2013 Pelkk\u00e4 roskien vieminen ulos tuntui silt\u00e4, kuin olisi tehnyt hirve\u00e4sti. Arki oli \u00e4helt\u00e4mist\u00e4 ja puheltamista, Niina kertoi Seiskalle kes\u00e4ll\u00e4.<\/p>\n<p class=\"article-content article-content-width !bg-background\">\u2013 Kilometrinkin k\u00e4velymatka tuntui k\u00e4sitt\u00e4m\u00e4tt\u00f6m\u00e4n pitk\u00e4lt\u00e4. Se oli yht\u00e4 k\u00e4rsimyst\u00e4. Jouduin istumaan ja pit\u00e4m\u00e4\u00e4n taukoja, koska tuntui kuin selk\u00e4ni voisi napsahtaa poikki hetken\u00e4 min\u00e4 hyv\u00e4ns\u00e4.<\/p>\n","protected":false},"excerpt":{"rendered":"20250612 HELSINKI. ALPPIRUUSUPUISTO, NIINA KUHTA. KUVA: ATTE KAJOVA ATTE KAJOVA Niina osti kahdeksan joulukranssia, astioita ja mattoja. Yritt\u00e4j\u00e4&hellip;\n","protected":false},"author":2,"featured_media":121930,"comment_status":"","ping_status":"","sticky":false,"template":"","format":"standard","meta":{"footnotes":""},"categories":[136],"tags":[407,3096,137,33,31,30,408,12018,3004,9582,1240,32,167,109],"class_list":{"0":"post-121929","1":"post","2":"type-post","3":"status-publish","4":"format-standard","5":"has-post-thumbnail","7":"category-julkkikset","8":"tag-celebrities","9":"tag-elamanmuutos","10":"tag-entertainment","11":"tag-fi","12":"tag-finland","13":"tag-finnish","14":"tag-julkkikset","15":"tag-kulutus","16":"tag-liiketoiminta","17":"tag-niina-kuhta","18":"tag-raha","19":"tag-suomi","20":"tag-terveys","21":"tag-viihde"},"share_on_mastodon":{"url":"https:\/\/pubeurope.com\/@fi\/115755178149199778","error":""},"_links":{"self":[{"href":"https:\/\/www.europesays.com\/fi\/wp-json\/wp\/v2\/posts\/121929","targetHints":{"allow":["GET"]}}],"collection":[{"href":"https:\/\/www.europesays.com\/fi\/wp-json\/wp\/v2\/posts"}],"about":[{"href":"https:\/\/www.europesays.com\/fi\/wp-json\/wp\/v2\/types\/post"}],"author":[{"embeddable":true,"href":"https:\/\/www.europesays.com\/fi\/wp-json\/wp\/v2\/users\/2"}],"replies":[{"embeddable":true,"href":"https:\/\/www.europesays.com\/fi\/wp-json\/wp\/v2\/comments?post=121929"}],"version-history":[{"count":0,"href":"https:\/\/www.europesays.com\/fi\/wp-json\/wp\/v2\/posts\/121929\/revisions"}],"wp:featuredmedia":[{"embeddable":true,"href":"https:\/\/www.europesays.com\/fi\/wp-json\/wp\/v2\/media\/121930"}],"wp:attachment":[{"href":"https:\/\/www.europesays.com\/fi\/wp-json\/wp\/v2\/media?parent=121929"}],"wp:term":[{"taxonomy":"category","embeddable":true,"href":"https:\/\/www.europesays.com\/fi\/wp-json\/wp\/v2\/categories?post=121929"},{"taxonomy":"post_tag","embeddable":true,"href":"https:\/\/www.europesays.com\/fi\/wp-json\/wp\/v2\/tags?post=121929"}],"curies":[{"name":"wp","href":"https:\/\/api.w.org\/{rel}","templated":true}]}}