{"id":121931,"date":"2025-12-21T02:25:12","date_gmt":"2025-12-21T02:25:12","guid":{"rendered":"https:\/\/www.europesays.com\/fi\/121931\/"},"modified":"2025-12-21T02:25:12","modified_gmt":"2025-12-21T02:25:12","slug":"maria-veitola-yokylailee-jalleen-katso-kenen-luona-vieraillaan-tulevalla-juhlakaudella","status":"publish","type":"post","link":"https:\/\/www.europesays.com\/fi\/121931\/","title":{"rendered":"Maria Veitola y\u00f6kyl\u00e4ilee j\u00e4lleen \u2013 katso, kenen luona vieraillaan tulevalla juhlakaudella"},"content":{"rendered":"<p>Kultaisella Venlalla palkittu Y\u00f6kyl\u00e4ss\u00e4 Maria Veitola -ohjelma palaa tv-ruutuihin helmikuun 23. p\u00e4iv\u00e4.<\/p>\n<p>Sarja juhlii kymmenett\u00e4 kauttaan, ja toimittaja <strong>Maria Veitola<\/strong> on y\u00f6pynyt sen my\u00f6t\u00e4 jo yli sadan suomalaisen kotona.<\/p>\n<p>Lue my\u00f6s: <a href=\"https:\/\/www.voice.fi\/ilmiot\/a-205158\" title=\"P\u00e4ivi R\u00e4s\u00e4selle syytteet kiihottamisesta kansanryhm\u00e4\u00e4 vastaan \u2013 Y\u00f6kyl\u00e4ss\u00e4-esitutkinta lopetettiin\" class=\"underline-custom !font-montserrat !font-bold !underline-offset-4 !decoration-4 !decoration-tilt-light !text-md\" rel=\"nofollow noopener\" target=\"_blank\">P\u00e4ivi R\u00e4s\u00e4selle syytteet kiihottamisesta kansanryhm\u00e4\u00e4 vastaan \u2013 Y\u00f6kyl\u00e4ss\u00e4-esitutkinta lopetettiin<\/a><\/p>\n<p>Lue my\u00f6s: <a href=\"https:\/\/www.voice.fi\/podcast\/a-222678\" title=\"Sini Sabotage j\u00e4rkyttyi kommentista, jonka Maria Veitola heitti h\u00e4nelle suorassa l\u00e4hetyksess\u00e4: &quot;Se oli niin traumatisoivaa&quot;\" class=\"underline-custom !font-montserrat !font-bold !underline-offset-4 !decoration-4 !decoration-tilt-light !text-md\" rel=\"nofollow noopener\" target=\"_blank\">Sini Sabotage j\u00e4rkyttyi kommentista, jonka Maria Veitola heitti h\u00e4nelle suorassa l\u00e4hetyksess\u00e4: &#8221;Se oli niin traumatisoivaa&#8221;<\/a><\/p>\n<p>\u2013 Siit\u00e4 on jo yli kymmenen vuotta, kun soitin ensimm\u00e4isen y\u00f6kyl\u00e4paikan ovikelloa. En tosin osannut odottaa, millainen reissujen reissu t\u00e4st\u00e4 oli tulossa. Olen y\u00f6kyl\u00e4illyt t\u00e4h\u00e4n menness\u00e4 105:ss\u00e4 kohteessa, ja uskoisin olevani Suomen kovin y\u00f6kyl\u00e4ilij\u00e4.<\/p>\n<p>Tulevalla kaudella on luvassa j\u00e4lleen mielenkiintoisia kohtaamisia, kun kotinsa oven avaavat <strong>Arja Saijonmaa<\/strong>,\u00a0<strong>Niko Saarinen,\u00a0Hjallis Harkimo<\/strong>\u00a0ja\u00a0<strong>Jasmine Pajari,\u00a0Christel<\/strong>\u00a0ja\u00a0<strong>Jori Roosberg,\u00a0Satu R\u00e4m\u00f6,\u00a0Benjamin Peltonen,\u00a0Martti Suosalo,\u00a0Sofia Virta,\u00a0Anna-Leena H\u00e4rk\u00f6nen<\/strong>\u00a0sek\u00e4\u00a0<strong>Osmo<\/strong>\u00a0ja\u00a0<strong>Peltsi Peltola<\/strong>.<\/p>\n<p>Lue my\u00f6s: <a href=\"https:\/\/www.voice.fi\/viihde\/moin-sieluni-maria-veitola-katuu-johanna-tukiaisen-haastattelua\" title=\"\u201dM\u00f6in sieluni\u201d \u2013 Maria Veitola katuu Johanna Tukiaisen haastattelua\" class=\"underline-custom !font-montserrat !font-bold !underline-offset-4 !decoration-4 !decoration-tilt-light !text-md\" rel=\"nofollow noopener\" target=\"_blank\">\u201dM\u00f6in sieluni\u201d \u2013 Maria Veitola katuu Johanna Tukiaisen haastattelua<\/a><\/p>\n<p>Lue my\u00f6s: <a href=\"https:\/\/www.voice.fi\/viihde\/maria-veitolan-ja-aidin-yhteiskuvat-tallinnan-matkalta-ihastuttavat\" title=\"Maria Veitolan ja \u00e4idin yhteiskuvat Tallinnan matkalta ihastuttavat\" class=\"underline-custom !font-montserrat !font-bold !underline-offset-4 !decoration-4 !decoration-tilt-light !text-md\" rel=\"nofollow noopener\" target=\"_blank\">Maria Veitolan ja \u00e4idin yhteiskuvat Tallinnan matkalta ihastuttavat<\/a><\/p>\n<p>Tulevissa jaksoissa kuullaan muun muassa Niko Saarisen mietteit\u00e4 rakastumisesta ja itsetuhoisuudesta, osallistutaan islantilaisessa saunarituaaliin ja kokeillaan biisin tekemist\u00e4.<\/p>\n<p>Y\u00f6kyl\u00e4ss\u00e4 Maria Veitola alkaa 23.2. MTV Katsomossa sek\u00e4 MTV3-kanavalla klo 21:00.<\/p>\n","protected":false},"excerpt":{"rendered":"Kultaisella Venlalla palkittu Y\u00f6kyl\u00e4ss\u00e4 Maria Veitola -ohjelma palaa tv-ruutuihin helmikuun 23. p\u00e4iv\u00e4. Sarja juhlii kymmenett\u00e4 kauttaan, ja toimittaja&hellip;\n","protected":false},"author":2,"featured_media":121932,"comment_status":"","ping_status":"","sticky":false,"template":"","format":"standard","meta":{"footnotes":""},"categories":[133],"tags":[137,33,31,30,21924,32,206,156,15668,109,21925,21926],"class_list":{"0":"post-121931","1":"post","2":"type-post","3":"status-publish","4":"format-standard","5":"has-post-thumbnail","7":"category-televisiot","8":"tag-entertainment","9":"tag-fi","10":"tag-finland","11":"tag-finnish","12":"tag-sarjan-paluu","13":"tag-suomi","14":"tag-televisiot","15":"tag-tv","16":"tag-vieraat","17":"tag-viihde","18":"tag-yu00f6kylu00e4ssu00e4","19":"tag-yu00f6kylu00e4ssu00e4-maria-veitola"},"share_on_mastodon":{"url":"https:\/\/pubeurope.com\/@fi\/115755189725037566","error":""},"_links":{"self":[{"href":"https:\/\/www.europesays.com\/fi\/wp-json\/wp\/v2\/posts\/121931","targetHints":{"allow":["GET"]}}],"collection":[{"href":"https:\/\/www.europesays.com\/fi\/wp-json\/wp\/v2\/posts"}],"about":[{"href":"https:\/\/www.europesays.com\/fi\/wp-json\/wp\/v2\/types\/post"}],"author":[{"embeddable":true,"href":"https:\/\/www.europesays.com\/fi\/wp-json\/wp\/v2\/users\/2"}],"replies":[{"embeddable":true,"href":"https:\/\/www.europesays.com\/fi\/wp-json\/wp\/v2\/comments?post=121931"}],"version-history":[{"count":0,"href":"https:\/\/www.europesays.com\/fi\/wp-json\/wp\/v2\/posts\/121931\/revisions"}],"wp:featuredmedia":[{"embeddable":true,"href":"https:\/\/www.europesays.com\/fi\/wp-json\/wp\/v2\/media\/121932"}],"wp:attachment":[{"href":"https:\/\/www.europesays.com\/fi\/wp-json\/wp\/v2\/media?parent=121931"}],"wp:term":[{"taxonomy":"category","embeddable":true,"href":"https:\/\/www.europesays.com\/fi\/wp-json\/wp\/v2\/categories?post=121931"},{"taxonomy":"post_tag","embeddable":true,"href":"https:\/\/www.europesays.com\/fi\/wp-json\/wp\/v2\/tags?post=121931"}],"curies":[{"name":"wp","href":"https:\/\/api.w.org\/{rel}","templated":true}]}}