{"id":121937,"date":"2025-12-21T02:33:23","date_gmt":"2025-12-21T02:33:23","guid":{"rendered":"https:\/\/www.europesays.com\/fi\/121937\/"},"modified":"2025-12-21T02:33:23","modified_gmt":"2025-12-21T02:33:23","slug":"varhaiskasvatuksen-toteutus-mullistuu-taivalkoskella-paivakoti-valmistuu-varhaiskasvatukseen-perustettiin-uusi-johtajanvirka","status":"publish","type":"post","link":"https:\/\/www.europesays.com\/fi\/121937\/","title":{"rendered":"Varhaiskasvatuksen toteutus mullistuu Taivalkoskella, p\u00e4iv\u00e4koti valmistuu\u202f\u2013\u202fvarhaiskasvatukseen perustettiin uusi johtajanvirka"},"content":{"rendered":"<p>    <img decoding=\"async\" class=\"responsive-image article__image-image lozad\"   src=\"https:\/\/www.europesays.com\/fi\/wp-content\/uploads\/2025\/12\/KbPI5UFFx09dOcIxVzxkyM5ECp8sU_WoXZ9A6Eg_2EaiScAHwaKzOXB1kObVycHy54dALQPBBYYv4wpYUIokwxeSZSzMfH82MKAu.jpeg\" alt=\"Taivalkoskelle valmistuvan p\u00e4iv\u00e4koti Pikkupeikon uudisrakennusty\u00f6maalla n\u00e4ytti syyskuussa t\u00e4lt\u00e4.\"\/><\/p>\n<p>\n                Taivalkoskelle valmistuvan p\u00e4iv\u00e4koti Pikkupeikon uudisrakennusty\u00f6maalla n\u00e4ytti syyskuussa t\u00e4lt\u00e4.\n              <\/p>\n<p>\n                Kuva: Siru V\u00e4is\u00e4nen\n              <\/p>\n<p class=\"article__paragraph\">\n      Taivalkosken kunnassa on k\u00e4ynniss\u00e4 varhaiskasvatuksen organisaatiomuutos, jossa siirryt\u00e4\u00e4n ryhm\u00e4perhep\u00e4iv\u00e4hoidosta p\u00e4iv\u00e4kotimalliin. Muutos koskee noin sataa lasta perheineen ja kymmeni\u00e4 kunnan ty\u00f6ntekij\u00f6it\u00e4. Uusi p\u00e4iv\u00e4koti Pikkupeikko valmistuu talven aikana ja avautuu k\u00e4ytt\u00f6\u00f6n 1. elokuuta.\n    <\/p>\n<p class=\"article__paragraph\">\n      <a href=\"https:\/\/taivalkoski.tweb.fi\/ktwebscr\/fileshow?doctype=3&amp;docid=182017\" rel=\"nofollow noopener\" target=\"_blank\">Sivistyslautakunta p\u00e4\u00e4tti<\/a> t\u00e4ss\u00e4 kuussa, ett\u00e4 kuntaan perustetaan varhaiskasvatuksen johtajan toistaiseksi voimassa oleva tammikuun alusta lukien. Varhaiskasvatuksen johtaja vastaa kunnan varhaiskasvatuksen strategisesta, pedagogisesta ja hallinnollisesta johtamisesta. H\u00e4n toimii Pikkupeikon johtajana sek\u00e4 johtaa Hutussa jatkavan ryhmiksen eli ryhm\u00e4perhep\u00e4iv\u00e4kodin toimintaa.\n    <\/p>\n<p class=\"article__paragraph\">\n      Sivistystoimenjohtaja Niina Impi\u00f6 sai lautakunnalta valtuudet laatia varhaiskasvatuksen johtajan hakuilmoituksen ja toteuttaa rekrytointiprosessin kev\u00e4\u00e4ll\u00e4 2026. Valinnan tekee lautakunta. Virka pyrit\u00e4\u00e4n <a href=\"https:\/\/taivalkoski.tweb.fi\/ktwebscr\/fileshow?doctype=3&amp;docid=181840&amp;version=3\" rel=\"nofollow noopener\" target=\"_blank\">kunnan talousarviokirjan<\/a> mukaan t\u00e4ytt\u00e4m\u00e4\u00e4n hyviss\u00e4 ajoin ennen p\u00e4iv\u00e4kotimuotoiseen toimintaan siirtymist\u00e4.\n    <\/p>\n<p class=\"article__paragraph\">\n      Koko varhaiskasvatuksen henkil\u00f6st\u00f6n rakenne uudistuu, ja ty\u00f6nkuvia p\u00e4ivitet\u00e4\u00e4n ajan tasalle. Varhaiskasvatuksessa on ty\u00f6voimaa t\u00e4n\u00e4 vuonna runsaan 36 henkil\u00f6ty\u00f6vuoden verran. Eniten on ryhm\u00e4perhep\u00e4iv\u00e4hoitajia ja varhaiskasvatuksen lastenhoitajia. P\u00e4iv\u00e4kotimallin my\u00f6t\u00e4 varhaiskasvatuksen lastenhoitajien ja opettajien m\u00e4\u00e4r\u00e4t lis\u00e4\u00e4ntyv\u00e4t. Ryhm\u00e4perhep\u00e4iv\u00e4hoitajia on nyt toistakymment\u00e4, mutta p\u00e4iv\u00e4kotimallin alettua en\u00e4\u00e4 kaksi.\n    <\/p>\n","protected":false},"excerpt":{"rendered":"Taivalkoskelle valmistuvan p\u00e4iv\u00e4koti Pikkupeikon uudisrakennusty\u00f6maalla n\u00e4ytti syyskuussa t\u00e4lt\u00e4. Kuva: Siru V\u00e4is\u00e4nen Taivalkosken kunnassa on k\u00e4ynniss\u00e4 varhaiskasvatuksen organisaatiomuutos, jossa&hellip;\n","protected":false},"author":2,"featured_media":121938,"comment_status":"","ping_status":"","sticky":false,"template":"","format":"standard","meta":{"footnotes":""},"categories":[76],"tags":[79,77,33,31,30,32,78],"class_list":{"0":"post-121937","1":"post","2":"type-post","3":"status-publish","4":"format-standard","5":"has-post-thumbnail","7":"category-talous","8":"tag-business","9":"tag-economy","10":"tag-fi","11":"tag-finland","12":"tag-finnish","13":"tag-suomi","14":"tag-talous"},"share_on_mastodon":{"url":"https:\/\/pubeurope.com\/@fi\/115755221392519810","error":""},"_links":{"self":[{"href":"https:\/\/www.europesays.com\/fi\/wp-json\/wp\/v2\/posts\/121937","targetHints":{"allow":["GET"]}}],"collection":[{"href":"https:\/\/www.europesays.com\/fi\/wp-json\/wp\/v2\/posts"}],"about":[{"href":"https:\/\/www.europesays.com\/fi\/wp-json\/wp\/v2\/types\/post"}],"author":[{"embeddable":true,"href":"https:\/\/www.europesays.com\/fi\/wp-json\/wp\/v2\/users\/2"}],"replies":[{"embeddable":true,"href":"https:\/\/www.europesays.com\/fi\/wp-json\/wp\/v2\/comments?post=121937"}],"version-history":[{"count":0,"href":"https:\/\/www.europesays.com\/fi\/wp-json\/wp\/v2\/posts\/121937\/revisions"}],"wp:featuredmedia":[{"embeddable":true,"href":"https:\/\/www.europesays.com\/fi\/wp-json\/wp\/v2\/media\/121938"}],"wp:attachment":[{"href":"https:\/\/www.europesays.com\/fi\/wp-json\/wp\/v2\/media?parent=121937"}],"wp:term":[{"taxonomy":"category","embeddable":true,"href":"https:\/\/www.europesays.com\/fi\/wp-json\/wp\/v2\/categories?post=121937"},{"taxonomy":"post_tag","embeddable":true,"href":"https:\/\/www.europesays.com\/fi\/wp-json\/wp\/v2\/tags?post=121937"}],"curies":[{"name":"wp","href":"https:\/\/api.w.org\/{rel}","templated":true}]}}