{"id":121939,"date":"2025-12-21T02:34:11","date_gmt":"2025-12-21T02:34:11","guid":{"rendered":"https:\/\/www.europesays.com\/fi\/121939\/"},"modified":"2025-12-21T02:34:11","modified_gmt":"2025-12-21T02:34:11","slug":"gazassa-ainakin-kuusi-kuoli-israelin-iskussa-uutissuomalainen","status":"publish","type":"post","link":"https:\/\/www.europesays.com\/fi\/121939\/","title":{"rendered":"Gazassa ainakin kuusi kuoli Israelin iskussa | Uutissuomalainen"},"content":{"rendered":"<p>Gazan v\u00e4est\u00f6nsuojeluviraston mukaan ainakin kuusi ihmist\u00e4 kuoli perjantaina Israelin iskuissa Gazaan.<\/p>\n<p>Viraston edustajan Mahmud Bassalin mukaan Israel iski kouluun Gazan kaupungissa.<\/p>\n<p>Israelin asevoimat kertoi tulittaneensa perjantaina ep\u00e4ilytt\u00e4vi\u00e4 henkil\u00f6it\u00e4 Gazan pohjoisosassa.<\/p>\n<p>Israel ja \u00e4\u00e4rij\u00e4rjest\u00f6 Hamas solmivat lokakuussa aselevon, mutta osapuolet ovat syytt\u00e4neet toisiaan sen rikkomisesta.<\/p>\n<p>Hamasin hallitseman Gazan terveysministeri\u00f6n mukaan noin 400 palestiinalaista on kuollut Israelin iskuissa aselevon solmimisen j\u00e4lkeen. Israelin mukaan kolme sen sotilasta on saanut surmansa alueella aselevon aikana.<\/p>\n","protected":false},"excerpt":{"rendered":"Gazan v\u00e4est\u00f6nsuojeluviraston mukaan ainakin kuusi ihmist\u00e4 kuoli perjantaina Israelin iskuissa Gazaan. Viraston edustajan Mahmud Bassalin mukaan Israel iski&hellip;\n","protected":false},"author":2,"featured_media":121940,"comment_status":"","ping_status":"","sticky":false,"template":"","format":"standard","meta":{"footnotes":""},"categories":[14],"tags":[802,804,820,22,23,26,27,33,31,30,17,2455,683,24,25,803,28,29,15,18,21,637,32,19,20,56,16,59,60,61],"class_list":{"0":"post-121939","1":"post","2":"type-post","3":"status-publish","4":"format-standard","5":"has-post-thumbnail","7":"category-ulkomaat","8":"tag-armeijat-ja-aseelliset-joukot","9":"tag-aseelliset-konfliktit","10":"tag-aseet","11":"tag-breaking-news","12":"tag-breakingnews","13":"tag-featured-news","14":"tag-featurednews","15":"tag-fi","16":"tag-finland","17":"tag-finnish","18":"tag-headlines","19":"tag-hengenvaara-ja-loukkaantuminen","20":"tag-kuolema","21":"tag-latest-news","22":"tag-latestnews","23":"tag-levottomuudet-ja-sodat","24":"tag-main-news","25":"tag-mainnews","26":"tag-news","27":"tag-otsikot","28":"tag-paauutiset","29":"tag-politiikka","30":"tag-suomi","31":"tag-top-stories","32":"tag-topstories","33":"tag-ulkomaat","34":"tag-uutiset","35":"tag-world","36":"tag-world-news","37":"tag-worldnews"},"share_on_mastodon":{"url":"https:\/\/pubeurope.com\/@fi\/115755225502366381","error":""},"_links":{"self":[{"href":"https:\/\/www.europesays.com\/fi\/wp-json\/wp\/v2\/posts\/121939","targetHints":{"allow":["GET"]}}],"collection":[{"href":"https:\/\/www.europesays.com\/fi\/wp-json\/wp\/v2\/posts"}],"about":[{"href":"https:\/\/www.europesays.com\/fi\/wp-json\/wp\/v2\/types\/post"}],"author":[{"embeddable":true,"href":"https:\/\/www.europesays.com\/fi\/wp-json\/wp\/v2\/users\/2"}],"replies":[{"embeddable":true,"href":"https:\/\/www.europesays.com\/fi\/wp-json\/wp\/v2\/comments?post=121939"}],"version-history":[{"count":0,"href":"https:\/\/www.europesays.com\/fi\/wp-json\/wp\/v2\/posts\/121939\/revisions"}],"wp:featuredmedia":[{"embeddable":true,"href":"https:\/\/www.europesays.com\/fi\/wp-json\/wp\/v2\/media\/121940"}],"wp:attachment":[{"href":"https:\/\/www.europesays.com\/fi\/wp-json\/wp\/v2\/media?parent=121939"}],"wp:term":[{"taxonomy":"category","embeddable":true,"href":"https:\/\/www.europesays.com\/fi\/wp-json\/wp\/v2\/categories?post=121939"},{"taxonomy":"post_tag","embeddable":true,"href":"https:\/\/www.europesays.com\/fi\/wp-json\/wp\/v2\/tags?post=121939"}],"curies":[{"name":"wp","href":"https:\/\/api.w.org\/{rel}","templated":true}]}}