{"id":121965,"date":"2025-12-21T03:25:19","date_gmt":"2025-12-21T03:25:19","guid":{"rendered":"https:\/\/www.europesays.com\/fi\/121965\/"},"modified":"2025-12-21T03:25:19","modified_gmt":"2025-12-21T03:25:19","slug":"sallan-kunta-laittaa-tunturin-tontteja-alennusmyyntiin-%e2%88%92-kirkonkylalle-perustetaan-ensi-vuonna-uusi-kuntosali","status":"publish","type":"post","link":"https:\/\/www.europesays.com\/fi\/121965\/","title":{"rendered":"Sallan kunta laittaa tunturin tontteja alennusmyyntiin \u2212 Kirkonkyl\u00e4lle perustetaan ensi vuonna uusi kuntosali"},"content":{"rendered":"<p>                                  Paikallisuutiset<\/p>\n<p>                <img loading=\"lazy\" decoding=\"async\" itemprop=\"contentUrl\" class=\"figure-img img-fluid\"  src=\"https:\/\/www.europesays.com\/fi\/wp-content\/uploads\/2025\/12\/1766287517_320_imengine.public.prod.hil.infomaker.io\" width=\"2048\" height=\"1365\"  alt=\"\"\/><\/p>\n<p>                                    Sallan kunta myy alkuvuoden ajan tontteja Keselm\u00e4j\u00e4rven ja Sallatunturin kaava-alueelta 20 prosentin alennuksella. Arkistokuva on Sallan hiihtokeskuksesta.<br \/>\n                                                    Kuva:<br \/>\n                    Esa Keskinen<\/p>\n<p>      MAINOS &#8211; juttu jatkuu mainoksen j\u00e4lkeen<\/p>\n<p>      MAINOS &#8211; mainos p\u00e4\u00e4ttyy<\/p>\n<p class=\"ew-body\">Sallan kunnanvaltuusto hyv\u00e4ksyi joulukuun kokouksessaan ensi vuodelle vajaat 750 000 euroa alij\u00e4\u00e4m\u00e4isen talousarvion. Vuosikate on miljoona euroa eik\u00e4 se kata poistoja, jotka ovat 1,8 miljoonaa. Kertynytt\u00e4 ylij\u00e4\u00e4m\u00e4\u00e4 on 12,8 miljoonaa, mutta tulevat vuodet ovat ennusteen mukaan alij\u00e4\u00e4m\u00e4isi\u00e4.<\/p>\n<p class=\"ew-body\">Nettoinve<\/p>\n<p>  <a class=\"btn btn-secondary btn-icon-left\" href=\"#coral_thread\"><br \/>\n    <img decoding=\"async\" src=\"https:\/\/www.kotilappi.fi\/wp-content\/themes\/hilla-theme\/assets\/img\/icon_comments.svg\" alt=\"\"\/><br \/>\n    Kommentoi<br \/>\n    \u00a0(0)<br \/>\n  <\/a><\/p>\n<p>  <a class=\"btn btn-secondary btn-icon-left mailto_web\" href=\"mailto:toimitus@kotilappi.fi?subject=Ilmoita%20asiavirheest%C3%A4&amp;body=Otsikko%3A%20Sallan%20kunta%20laittaa%20tunturin%20tontteja%20alennusmyyntiin%20%E2%88%92%20Kirkonkyl%C3%A4lle%20perustetaan%20ensi%20vuonna%20uusi%20kuntosali%0AUuid%3A%20394b847d-d660-43f5-bd6e-54dca60877e0%0AUrl%3A%20https%3A%2F%2Fwww.kotilappi.fi%2Fartikkeli%2Fsallan-kunta-laittaa-tunturin-tontteja-alennusmyyntiin-%25e2%2588%2592-kirkonkylalle-perustetaan-ensi-vuonna-uusi\"><br \/>\n    <img decoding=\"async\" src=\"https:\/\/www.kotilappi.fi\/wp-content\/themes\/hilla-theme\/assets\/img\/icon_feedback.svg\" alt=\"\"\/><br \/>\n    Ilmoita asiavirheest\u00e4<br \/>\n  <\/a><\/p>\n","protected":false},"excerpt":{"rendered":"Paikallisuutiset Sallan kunta myy alkuvuoden ajan tontteja Keselm\u00e4j\u00e4rven ja Sallatunturin kaava-alueelta 20 prosentin alennuksella. Arkistokuva on Sallan hiihtokeskuksesta.&hellip;\n","protected":false},"author":2,"featured_media":121966,"comment_status":"","ping_status":"","sticky":false,"template":"","format":"standard","meta":{"footnotes":""},"categories":[76],"tags":[79,77,33,31,30,32,78],"class_list":{"0":"post-121965","1":"post","2":"type-post","3":"status-publish","4":"format-standard","5":"has-post-thumbnail","7":"category-talous","8":"tag-business","9":"tag-economy","10":"tag-fi","11":"tag-finland","12":"tag-finnish","13":"tag-suomi","14":"tag-talous"},"share_on_mastodon":{"url":"https:\/\/pubeurope.com\/@fi\/115755426041366256","error":""},"_links":{"self":[{"href":"https:\/\/www.europesays.com\/fi\/wp-json\/wp\/v2\/posts\/121965","targetHints":{"allow":["GET"]}}],"collection":[{"href":"https:\/\/www.europesays.com\/fi\/wp-json\/wp\/v2\/posts"}],"about":[{"href":"https:\/\/www.europesays.com\/fi\/wp-json\/wp\/v2\/types\/post"}],"author":[{"embeddable":true,"href":"https:\/\/www.europesays.com\/fi\/wp-json\/wp\/v2\/users\/2"}],"replies":[{"embeddable":true,"href":"https:\/\/www.europesays.com\/fi\/wp-json\/wp\/v2\/comments?post=121965"}],"version-history":[{"count":0,"href":"https:\/\/www.europesays.com\/fi\/wp-json\/wp\/v2\/posts\/121965\/revisions"}],"wp:featuredmedia":[{"embeddable":true,"href":"https:\/\/www.europesays.com\/fi\/wp-json\/wp\/v2\/media\/121966"}],"wp:attachment":[{"href":"https:\/\/www.europesays.com\/fi\/wp-json\/wp\/v2\/media?parent=121965"}],"wp:term":[{"taxonomy":"category","embeddable":true,"href":"https:\/\/www.europesays.com\/fi\/wp-json\/wp\/v2\/categories?post=121965"},{"taxonomy":"post_tag","embeddable":true,"href":"https:\/\/www.europesays.com\/fi\/wp-json\/wp\/v2\/tags?post=121965"}],"curies":[{"name":"wp","href":"https:\/\/api.w.org\/{rel}","templated":true}]}}