{"id":121977,"date":"2025-12-21T03:51:17","date_gmt":"2025-12-21T03:51:17","guid":{"rendered":"https:\/\/www.europesays.com\/fi\/121977\/"},"modified":"2025-12-21T03:51:17","modified_gmt":"2025-12-21T03:51:17","slug":"upm-laajentaa-toimintaansa-biopohjaisilla-markkinoilla-salkunrakentaja","status":"publish","type":"post","link":"https:\/\/www.europesays.com\/fi\/121977\/","title":{"rendered":"UPM laajentaa toimintaansa biopohjaisilla markkinoilla &#8211; SalkunRakentaja"},"content":{"rendered":"<ol>\n<li><a href=\"https:\/\/news.google.com\/rss\/articles\/CBMimgFBVV95cUxQWmhjZkcxVm5jN3A2aDNXU25XN1lHaDMyRUY2Rm9ueTl6YWhXeExqMDA0R2pLRXE3dXFsOUdxWHFxOU5LYldUSDZ2ckZHYjNYRmYyWkVHMkwxSENHaVcwaUFxemVQNzl6MTJZelJwUkcxWWkzNHB1alotX3VULWJwQkozYURnbFpibElyTFMzSWdmTHZQSWo5MS1B?oc=5\" target=\"_blank\" rel=\"nofollow noopener\">UPM laajentaa toimintaansa biopohjaisilla markkinoilla<\/a>&nbsp;&nbsp;SalkunRakentaja<\/li>\n<li><a href=\"https:\/\/news.google.com\/rss\/articles\/CBMifkFVX3lxTFBlMHNJUlZFVXNSNzlsbllucjltMVpyRGVFUjZqQzk0ZzRBMm9JY2VJUTNiOVlBNUNjRGZ1VjdOMUtPdEI5R2VRWG12ajVZeUJtRmwyajRSN05nNWNkeGFQX1RUd29GaE5JRl96NWtycmcwM090NmdhOFhaZjhTQQ?oc=5\" target=\"_blank\" rel=\"nofollow noopener\">P\u00d6RSSI: Lindex nousup\u00e4iv\u00e4n kovin laskija<\/a>&nbsp;&nbsp;Kauppalehti<\/li>\n<li><a href=\"https:\/\/news.google.com\/rss\/articles\/CBMiiAJBVV95cUxQZ2p4a3BycGw1emZEYmd0RXRtWUxBM3A0anhfcm02M1I5QUE4R05YQ0RsQVZaXzBhejFxRG1xT3V6My1ZaldDZ0dNbXVVeVVwVnpYMjZoMEYxWFBQSi1BMVM5SlJlOVZnR0NVd2FjMmVxMFBLNWxWczhKcmpqaTVoUFFSVmc1bXkzYS13WUlibm5tQVE5c29yWk1IUnZ4aVBxS194Tjg4akgzdnBaUW1OLXkzTTV1Tm9ueWJfLW1QQlpMWkw4R0lITlQxVVROSHZhRm95QVZlNGFhOVZWekpPNUZBM3VJZDJCYV9QS3hUWGJoUVRUMWJtaFdGNG5ySHdYemVDNXEzQUM?oc=5\" target=\"_blank\" rel=\"nofollow noopener\">UPM laajentaa toimintaansa biopohjaisilla markkinoilla \u2013 Leunan biojalostamo valmistaa ensimm\u00e4isen kaupallisen tuotteensa<\/a>&nbsp;&nbsp;UPM.com<\/li>\n<li><a href=\"https:\/\/news.google.com\/rss\/articles\/CBMifEFVX3lxTE9LWUstelhBS1lWdFVuSHVZYnNETUViSUxiOG1CQUNSQ1Ywc2JMcUExZ25oSGRLZ3BBWGZKaERsMXhnb0d2TS16M3ZKR250UWxwXzl1RTBuRUd5ZHJxUm1fZEQ5dWNiVzdfX3ByaWxuLWdSMFNqR0hHY1NMd2s?oc=5\" target=\"_blank\" rel=\"nofollow noopener\">UPM:n Leunan biojalostamon yl\u00f6ajo etenee<\/a>&nbsp;&nbsp;Arvopaperi<\/li>\n<li><a href=\"https:\/\/news.google.com\/rss\/articles\/CBMihAFBVV95cUxNdnJfYlpKNjN4WG9VcldaQkdkUlJncXhGVUNQdzRrSks4eUVkallFVl84TXMyVms5RTdMOEpDVXFyTEdUdFhLMGNYT21EdHVOYU9fbVdkWHRQbThnd1FXekt5NE9oSzRDekh4QnQ3YmlINUU0LV8xQ096d05qWUNXZUVvM2s?oc=5\" target=\"_blank\" rel=\"nofollow noopener\">UPM:n Leunan biojalostamo tuottaa nyt puusta raaka-ainetta pulloihin, tekstiileihin ja kosmetiikkaan<\/a>&nbsp;&nbsp;Maaseudun Tulevaisuus<\/li>\n<\/ol>\n","protected":false},"excerpt":{"rendered":"UPM laajentaa toimintaansa biopohjaisilla markkinoilla&nbsp;&nbsp;SalkunRakentaja P\u00d6RSSI: Lindex nousup\u00e4iv\u00e4n kovin laskija&nbsp;&nbsp;Kauppalehti UPM laajentaa toimintaansa biopohjaisilla markkinoilla \u2013 Leunan biojalostamo&hellip;\n","protected":false},"author":2,"featured_media":121978,"comment_status":"","ping_status":"","sticky":false,"template":"","format":"standard","meta":{"footnotes":""},"categories":[76],"tags":[21937,21938,79,77,33,31,30,32,78,5360,21939],"class_list":{"0":"post-121977","1":"post","2":"type-post","3":"status-publish","4":"format-standard","5":"has-post-thumbnail","7":"category-talous","8":"tag-biojalostamo","9":"tag-biokemikaalit","10":"tag-business","11":"tag-economy","12":"tag-fi","13":"tag-finland","14":"tag-finnish","15":"tag-suomi","16":"tag-talous","17":"tag-upm","18":"tag-upm-biochemicals"},"share_on_mastodon":{"url":"https:\/\/pubeurope.com\/@fi\/115755527974991098","error":""},"_links":{"self":[{"href":"https:\/\/www.europesays.com\/fi\/wp-json\/wp\/v2\/posts\/121977","targetHints":{"allow":["GET"]}}],"collection":[{"href":"https:\/\/www.europesays.com\/fi\/wp-json\/wp\/v2\/posts"}],"about":[{"href":"https:\/\/www.europesays.com\/fi\/wp-json\/wp\/v2\/types\/post"}],"author":[{"embeddable":true,"href":"https:\/\/www.europesays.com\/fi\/wp-json\/wp\/v2\/users\/2"}],"replies":[{"embeddable":true,"href":"https:\/\/www.europesays.com\/fi\/wp-json\/wp\/v2\/comments?post=121977"}],"version-history":[{"count":0,"href":"https:\/\/www.europesays.com\/fi\/wp-json\/wp\/v2\/posts\/121977\/revisions"}],"wp:featuredmedia":[{"embeddable":true,"href":"https:\/\/www.europesays.com\/fi\/wp-json\/wp\/v2\/media\/121978"}],"wp:attachment":[{"href":"https:\/\/www.europesays.com\/fi\/wp-json\/wp\/v2\/media?parent=121977"}],"wp:term":[{"taxonomy":"category","embeddable":true,"href":"https:\/\/www.europesays.com\/fi\/wp-json\/wp\/v2\/categories?post=121977"},{"taxonomy":"post_tag","embeddable":true,"href":"https:\/\/www.europesays.com\/fi\/wp-json\/wp\/v2\/tags?post=121977"}],"curies":[{"name":"wp","href":"https:\/\/api.w.org\/{rel}","templated":true}]}}