{"id":121980,"date":"2025-12-21T03:53:08","date_gmt":"2025-12-21T03:53:08","guid":{"rendered":"https:\/\/www.europesays.com\/fi\/121980\/"},"modified":"2025-12-21T03:53:08","modified_gmt":"2025-12-21T03:53:08","slug":"ilta-sanomat-14-vuotiasta-puukotettiin-helsingissa-lauantai-iltana-uutisia-lyhyesti","status":"publish","type":"post","link":"https:\/\/www.europesays.com\/fi\/121980\/","title":{"rendered":"Ilta-Sanomat: 14-vuotiasta puukotettiin Helsingiss\u00e4 lauantai-iltana | Uutisia lyhyesti"},"content":{"rendered":"<p class=\"aw-1gybjub aw-1p7kakr kEtdKx cEmitX yle__article__paragraph\">14-vuotias on joutunut lauantai-iltana puukotuksen uhriksi Helsingiss\u00e4 Yl\u00e4-Malmilla, kertoo <a class=\"aw-iao6s4 iHOxEa yle__article__link\" href=\"https:\/\/www.is.fi\/kotimaa\/art-2000011707537.html\" role=\"link\" rel=\"nofollow noopener\" target=\"_blank\">Ilta-Sanomat<\/a>.<\/p>\n<p class=\"aw-1gybjub aw-1p7kakr kEtdKx cEmitX yle__article__paragraph\">Helsingin poliisi on vahvistanut tiedon lehdelle.<\/p>\n<p class=\"aw-1gybjub aw-1p7kakr kEtdKx cEmitX yle__article__paragraph\">Puukotus tapahtui iltayhdeks\u00e4lt\u00e4, ja poliisin mukaan tilanteessa oli osallisena kaksi ihmist\u00e4.<\/p>\n<p class=\"aw-1gybjub aw-1p7kakr kEtdKx cEmitX yle__article__paragraph\"><a class=\"aw-iao6s4 iHOxEa yle__article__link\" href=\"https:\/\/www.hs.fi\/helsinki\/art-2000011707553.html\" role=\"link\" rel=\"nofollow noopener\" target=\"_blank\">Helsingin Sanomien <\/a>tietojen mukaan puukotus olisi tapahtunut Pukinm\u00e4ess\u00e4 ja ulkotiloissa. Lehden mukaan tapausta tutkitaan tapon yrityksen\u00e4.<\/p>\n<p class=\"aw-1gybjub aw-1p7kakr kEtdKx cEmitX yle__article__paragraph\">Poliisi ei viel\u00e4 t\u00e4ss\u00e4 vaiheessa ota kantaa uhrin vammoihin tai ep\u00e4iltyyn. Aktiiviset tutkintatoimenpiteet ovat k\u00e4ynniss\u00e4.<\/p>\n","protected":false},"excerpt":{"rendered":"14-vuotias on joutunut lauantai-iltana puukotuksen uhriksi Helsingiss\u00e4 Yl\u00e4-Malmilla, kertoo Ilta-Sanomat. Helsingin poliisi on vahvistanut tiedon lehdelle. Puukotus tapahtui&hellip;\n","protected":false},"author":2,"featured_media":74,"comment_status":"","ping_status":"","sticky":false,"template":"","format":"standard","meta":{"footnotes":""},"categories":[12],"tags":[8124,22,23,26,27,33,31,30,17,4576,104,34,71,24,25,28,29,15,18,21,17596,1282,1263,32,19,20,16,37,21940],"class_list":{"0":"post-121980","1":"post","2":"type-post","3":"status-publish","4":"format-standard","5":"has-post-thumbnail","7":"category-suomi","8":"tag-a-studio","9":"tag-breaking-news","10":"tag-breakingnews","11":"tag-featured-news","12":"tag-featurednews","13":"tag-fi","14":"tag-finland","15":"tag-finnish","16":"tag-headlines","17":"tag-helsingin-poliisilaitos","18":"tag-helsinki","19":"tag-ilta-sanomat","20":"tag-kotimaa","21":"tag-latest-news","22":"tag-latestnews","23":"tag-main-news","24":"tag-mainnews","25":"tag-news","26":"tag-otsikot","27":"tag-paauutiset","28":"tag-pukinmaki","29":"tag-puukotus","30":"tag-rikosepailyt","31":"tag-suomi","32":"tag-top-stories","33":"tag-topstories","34":"tag-uutiset","35":"tag-vakivaltarikokset","36":"tag-yla-malmi"},"share_on_mastodon":{"url":"https:\/\/pubeurope.com\/@fi\/115755535822511265","error":""},"_links":{"self":[{"href":"https:\/\/www.europesays.com\/fi\/wp-json\/wp\/v2\/posts\/121980","targetHints":{"allow":["GET"]}}],"collection":[{"href":"https:\/\/www.europesays.com\/fi\/wp-json\/wp\/v2\/posts"}],"about":[{"href":"https:\/\/www.europesays.com\/fi\/wp-json\/wp\/v2\/types\/post"}],"author":[{"embeddable":true,"href":"https:\/\/www.europesays.com\/fi\/wp-json\/wp\/v2\/users\/2"}],"replies":[{"embeddable":true,"href":"https:\/\/www.europesays.com\/fi\/wp-json\/wp\/v2\/comments?post=121980"}],"version-history":[{"count":0,"href":"https:\/\/www.europesays.com\/fi\/wp-json\/wp\/v2\/posts\/121980\/revisions"}],"wp:featuredmedia":[{"embeddable":true,"href":"https:\/\/www.europesays.com\/fi\/wp-json\/wp\/v2\/media\/74"}],"wp:attachment":[{"href":"https:\/\/www.europesays.com\/fi\/wp-json\/wp\/v2\/media?parent=121980"}],"wp:term":[{"taxonomy":"category","embeddable":true,"href":"https:\/\/www.europesays.com\/fi\/wp-json\/wp\/v2\/categories?post=121980"},{"taxonomy":"post_tag","embeddable":true,"href":"https:\/\/www.europesays.com\/fi\/wp-json\/wp\/v2\/tags?post=121980"}],"curies":[{"name":"wp","href":"https:\/\/api.w.org\/{rel}","templated":true}]}}