{"id":122021,"date":"2025-12-21T05:24:10","date_gmt":"2025-12-21T05:24:10","guid":{"rendered":"https:\/\/www.europesays.com\/fi\/122021\/"},"modified":"2025-12-21T05:24:10","modified_gmt":"2025-12-21T05:24:10","slug":"salakuva-aku-hirviniemi-joululounaalla-yllattavassa-seurassa","status":"publish","type":"post","link":"https:\/\/www.europesays.com\/fi\/122021\/","title":{"rendered":"Salakuva: Aku Hirviniemi joululounaalla yll\u00e4tt\u00e4v\u00e4ss\u00e4 seurassa"},"content":{"rendered":"<p class=\"article-content article-content-width !bg-background\"><a alt=\"Haku\" class=\"text-primary-red font-extrabold\" href=\"https:\/\/www.seiska.fi\/haku?q=Aku Hirviniemi\" rel=\"nofollow noopener\" target=\"_blank\">Aku Hirviniemi<\/a> on kaikkien tuntema n\u00e4yttelij\u00e4, ja Stockmann taas kaikkien tiet\u00e4m\u00e4 tavaratalo.<\/p>\n<p class=\"article-content article-content-width !bg-background\">Ehk\u00e4 joku voisi nimitt\u00e4\u00e4 Stockmannia jopa \u00f6kyksi.<\/p>\n<p class=\"article-content article-content-width !bg-background\">Yht\u00e4 kaikki, Stocka ja Aku l\u00f6iv\u00e4t k\u00e4tt\u00e4 yhteen keskiviikkona puolen p\u00e4iv\u00e4n aikaan \u2013 kuvainnollisesti tietenkin.<\/p>\n<p class=\"article-content article-content-width !bg-background\">Seiskan lukija nimitt\u00e4in bongasi Akun tavaratalon 8. kerroksen Fazer Caf\u00e9sta.<\/p>\n<p class=\"article-content article-content-width !bg-background\"> \u2013 Aku vaikutti oikein iloiselta, vaikka joutuikin seurueineen jonottamaan pitk\u00e4\u00e4n.<\/p>\n<p>                <img decoding=\"async\" src=\"https:\/\/www.europesays.com\/fi\/wp-content\/uploads\/2025\/12\/2025816.webp\" width=\"576\" height=\"720\" alt=\"Monet yhdist\u00e4nev\u00e4t Aku Hirviniemen ensisijaisesti aina Putoukseen. Kuvassa Akun sketsihahmo Usko Eevertti Luttinen.\" loading=\"lazy\" \/>            <\/p>\n<p>\n            Monet yhdist\u00e4nev\u00e4t Aku Hirviniemen ensisijaisesti aina Putoukseen. Kuvassa Akun sketsihahmo Usko Eevertti Luttinen.<br \/>\n            Ari Lahti\n        <\/p>\n<p>Pitk\u00e4 lounas<\/p>\n<p class=\"article-content article-content-width !bg-background\">Syykin oli selv\u00e4: jouluinen buffetlounas maksoi verrattain v\u00e4h\u00e4n, vain 13,70 euroa.<\/p>\n<p class=\"article-content article-content-width !bg-background\">\u2013 Puoli tuntia siin\u00e4 varmaan jonotettiin.<\/p>\n<p class=\"article-content article-content-width !bg-background\">Ruokakin maistui, mit\u00e4 ilmeisimmin.<\/p>\n<p class=\"article-content article-content-width !bg-background\">\u2013 Johan toki, Aku oli seurueineen kaksi tuntia lounastamassa \u2013 saman ajan kuin itsekin olin.<\/p>\n<p class=\"article-content article-content-width !bg-background\">Akun seurue oli naispuolisen lukijan mukaan 5\u20136 hengen vahvuinen.<\/p>\n<p>                <img decoding=\"async\" src=\"https:\/\/www.europesays.com\/fi\/wp-content\/uploads\/2025\/12\/1846137.webp\" width=\"576\" height=\"322\" alt=\"Sexmane kuului Akun lounasposseen\" loading=\"lazy\" \/>            <\/p>\n<p>\n            Sexmane kuului Akun lounasposseen<br \/>\n            Timo Korhonen\n        <\/p>\n<p class=\"article-content article-content-width !bg-background\">Olipa ainakin er\u00e4s osanottaja julkkis itsekin: nimitt\u00e4in r\u00e4pp\u00e4ri <a alt=\"Haku\" class=\"text-primary-red font-extrabold\" href=\"https:\/\/www.seiska.fi\/haku?q=Sexmane\" rel=\"nofollow noopener\" target=\"_blank\">Sexmane<\/a> eli <a alt=\"Haku\" class=\"text-primary-red font-extrabold\" href=\"https:\/\/www.seiska.fi\/haku?q=Max Sene\" rel=\"nofollow noopener\" target=\"_blank\">Max Sene<\/a>.<\/p>\n<p class=\"article-content article-content-width !bg-background\">\u2013 Koko porukka vaikutti oikein hyv\u00e4ntuuliselta ja rennolta.<\/p>\n<p class=\"article-content article-content-width !bg-background\">\u2013 Akulla kelpasi kaikki aina laatikoista kinkkuun ja salaattiin.<\/p>\n<p class=\"article-content article-content-width !bg-background\">Aku otti kaiken ilon irti ja viel\u00e4p\u00e4 ruokaympyr\u00e4n mukaisesti.<\/p>\n<p class=\"article-content article-content-width !bg-background\">\u2013 L\u00e4hes kaikki ihmetteliv\u00e4t, kuinka halpaa ruoka oli.<\/p>\n<p class=\"article-content article-content-width !bg-background\">\u2013 Siis joululounas normilounaan hinnalla, lukija jatkaa huokailuaan.<\/p>\n<p>                <img decoding=\"async\" src=\"https:\/\/www.europesays.com\/fi\/wp-content\/uploads\/2025\/12\/2025801.webp\" width=\"576\" height=\"639\" alt=\"Miss\u00e4 Sonja? Aku Hirviniemi yll\u00e4tt\u00e4v\u00e4ss\u00e4 seurassa \u2013 salakuva!\" loading=\"lazy\" \/>            <\/p>\n<p>            Lukijan kuva\n        <\/p>\n<p class=\"article-content article-content-width !bg-background\">Ennen kohtaamista lukijan mielikuva Akusta oli \u201dhauska mies\u201d.<\/p>\n<p class=\"article-content article-content-width !bg-background\">\u2013 Ja se mielikuva vahvistui nyt entisest\u00e4\u00e4n.<\/p>\n<p class=\"article-content article-content-width !bg-background\">Akun h\u00e4irint\u00e4syyt\u00f6ksiin lukija ei ole sen suuremmin perehtynyt \u2013 t\u00f6ihin kyll\u00e4kin.<\/p>\n<p class=\"no_italic m-no_italic article-content article-content-width !bg-background\">\u2013 Luokkakokous-elokuvat ovat suosikkejani!<\/p>\n<p class=\"article-content article-content-width !bg-background\">Kyseist\u00e4 trilogiaa t\u00e4hditt\u00e4v\u00e4t Akun lis\u00e4ksi <a alt=\"Haku\" class=\"text-primary-red font-extrabold\" href=\"https:\/\/www.seiska.fi\/haku?q=Sami Hedberg\" rel=\"nofollow noopener\" target=\"_blank\">Sami Hedberg<\/a> sek\u00e4 <a alt=\"Haku\" class=\"text-primary-red font-extrabold\" href=\"https:\/\/www.seiska.fi\/haku?q=Jaajo Linnonmaa\" rel=\"nofollow noopener\" target=\"_blank\">Jaajo Linnonmaa<\/a>.<\/p>\n<p>                <img decoding=\"async\" src=\"https:\/\/www.europesays.com\/fi\/wp-content\/uploads\/2025\/12\/1899865.webp\" width=\"576\" height=\"274\" alt=\"Luokkakokoukset olivat katsojamenestyksi\u00e4.\" loading=\"lazy\" \/>            <\/p>\n<p>\n            Luokkakokoukset olivat katsojamenestyksi\u00e4.<br \/>\n            Solar Films\n        <\/p>\n","protected":false},"excerpt":{"rendered":"Aku Hirviniemi on kaikkien tuntema n\u00e4yttelij\u00e4, ja Stockmann taas kaikkien tiet\u00e4m\u00e4 tavaratalo. Ehk\u00e4 joku voisi nimitt\u00e4\u00e4 Stockmannia jopa&hellip;\n","protected":false},"author":2,"featured_media":122022,"comment_status":"","ping_status":"","sticky":false,"template":"","format":"standard","meta":{"footnotes":""},"categories":[136],"tags":[4887,407,137,33,31,30,21947,408,21251,1065,4367,32,156,109],"class_list":{"0":"post-122021","1":"post","2":"type-post","3":"status-publish","4":"format-standard","5":"has-post-thumbnail","7":"category-julkkikset","8":"tag-aku-hirviniemi","9":"tag-celebrities","10":"tag-entertainment","11":"tag-fi","12":"tag-finland","13":"tag-finnish","14":"tag-joululounas","15":"tag-julkkikset","16":"tag-luokkakokous","17":"tag-sexmane","18":"tag-stockmann","19":"tag-suomi","20":"tag-tv","21":"tag-viihde"},"share_on_mastodon":{"url":"https:\/\/pubeurope.com\/@fi\/115755893806564940","error":""},"_links":{"self":[{"href":"https:\/\/www.europesays.com\/fi\/wp-json\/wp\/v2\/posts\/122021","targetHints":{"allow":["GET"]}}],"collection":[{"href":"https:\/\/www.europesays.com\/fi\/wp-json\/wp\/v2\/posts"}],"about":[{"href":"https:\/\/www.europesays.com\/fi\/wp-json\/wp\/v2\/types\/post"}],"author":[{"embeddable":true,"href":"https:\/\/www.europesays.com\/fi\/wp-json\/wp\/v2\/users\/2"}],"replies":[{"embeddable":true,"href":"https:\/\/www.europesays.com\/fi\/wp-json\/wp\/v2\/comments?post=122021"}],"version-history":[{"count":0,"href":"https:\/\/www.europesays.com\/fi\/wp-json\/wp\/v2\/posts\/122021\/revisions"}],"wp:featuredmedia":[{"embeddable":true,"href":"https:\/\/www.europesays.com\/fi\/wp-json\/wp\/v2\/media\/122022"}],"wp:attachment":[{"href":"https:\/\/www.europesays.com\/fi\/wp-json\/wp\/v2\/media?parent=122021"}],"wp:term":[{"taxonomy":"category","embeddable":true,"href":"https:\/\/www.europesays.com\/fi\/wp-json\/wp\/v2\/categories?post=122021"},{"taxonomy":"post_tag","embeddable":true,"href":"https:\/\/www.europesays.com\/fi\/wp-json\/wp\/v2\/tags?post=122021"}],"curies":[{"name":"wp","href":"https:\/\/api.w.org\/{rel}","templated":true}]}}